{"id":4852,"date":"2014-03-14T22:28:26","date_gmt":"2014-03-14T20:28:26","guid":{"rendered":"http:\/\/blogs.deia.com\/anasagasti\/?p=4852"},"modified":"2014-03-14T22:28:26","modified_gmt":"2014-03-14T20:28:26","slug":"venezuela-de-la-confrontacion-ideologica-a-la-lucha-por-la-supervivencia","status":"publish","type":"post","link":"https:\/\/blogs.deia.eus\/anasagasti\/2014\/03\/14\/venezuela-de-la-confrontacion-ideologica-a-la-lucha-por-la-supervivencia\/","title":{"rendered":"Venezuela :  De la confrontaci\u00f3n ideol\u00f3gica a la lucha por la supervivencia"},"content":{"rendered":"<p><b><strong><span style=\"color: #000000;font-size: medium\"><a href=\"http:\/\/blogs.deia.com\/anasagasti\/files\/2014\/03\/Venezuela.jpg\"><img loading=\"lazy\" decoding=\"async\" class=\"alignleft size-full wp-image-4853\" alt=\"Venezuela\" src=\"http:\/\/blogs.deia.com\/anasagasti\/files\/2014\/03\/Venezuela.jpg\" width=\"599\" height=\"426\" srcset=\"https:\/\/blogs.deia.eus\/anasagasti\/files\/2014\/03\/Venezuela.jpg 599w, https:\/\/blogs.deia.eus\/anasagasti\/files\/2014\/03\/Venezuela-580x412.jpg 580w\" sizes=\"auto, (max-width: 599px) 100vw, 599px\" \/><\/a>Viernes 14 de marzo de 2014<\/span><\/strong><\/b><\/p>\n<p><span style=\"font-size: medium\"><strong><span style=\"color: #000000\">1. \u00bf<\/span>Qu\u00e9 est\u00e1 pasando en Venezuela? <\/strong><\/span><\/p>\n<p><span style=\"color: #000000;font-size: medium\">En toda Venezuela se ha desatado una ola de protestas de la poblaci\u00f3n civil dentro de un ambiente que ven\u00eda muy tenso desde las pasadas y cuestionadas elecciones presidenciales del 14 de Abril 2013. La chispa que inici\u00f3 estas protestas fue a principios de febrero, la violaci\u00f3n de una estudiante universitaria en la ciudad de San Crist\u00f3bal, fronteriza con Colombia. Esta circunstancia origin\u00f3 una protesta de los estudiantes de la Universidad de Los Andes, que fue reprimida con total brutalidad por las fuerzas policiales de ese Estado, ocasionando las primeras v\u00edctimas. A ra\u00edz de ello los estudiantes convocaron una marcha nacional en todas las ciudades venezolanas el 12 de febrero , D\u00eda de la Juventud. Esta marcha en Caracas termin\u00f3 con una masacre y varias v\u00edctimas de disparos en la cabeza por parte de bandas armadas auspiciadas por el Gobierno y que se denominan colectivos. Esta situaci\u00f3n aunada a la represi\u00f3n brutal de la Guardia Nacional, que ha sido ampliamente difundida por los medios, desat\u00f3 una protesta generalizada de la sociedad civil, que ya dura m\u00e1s de un mes y que ha cobrado <b><strong><span style=\"font-family: Arial\">28 v\u00edctimas<\/span><\/strong><\/b> <b><strong><span style=\"font-family: Arial\">fatales y cientos de heridos, m\u00e1s de 1000 detenido<\/span><\/strong><\/b>s entre ellos Leopoldo L\u00f3pez uno de los l\u00edderes de la oposici\u00f3n y una catarata de violaciones a los DDHH.<\/span><\/p>\n<p><span style=\"font-size: medium\"><strong><span style=\"color: #000000\">2. \u00bf<\/span>Cu\u00e1les son las causas de las protestas?<\/strong><\/span><\/p>\n<p><span style=\"color: #000000;font-size: medium\">El r\u00e9gimen que gobierna en Venezuela est\u00e1 seriamente cuestionado en su legitimidad, despu\u00e9s de los resultados de la elecci\u00f3n presidencial de 2013, plena de irregularidades y ventajismo oficial, cuyos resultados fueron desconocidos por la oposici\u00f3n democr\u00e1tica y cuya auditoria a fondo nunca se llev\u00f3 a cabo. Adicionalmente existen fundadas dudas sobre la nacionalidad de Maduro, quien no ha demostrado su nacionalidad venezolana, indispensable para ser electo presidente. <\/span><\/p>\n<p><span style=\"color: #000000;font-size: medium\">Dentro de este contexto toda la poblaci\u00f3n viene padeciendo una crisis socio-econ\u00f3mica que se manifiesta por:<\/span><\/p>\n<ul>\n<li><span style=\"font-size: medium\">Alta <b><strong><span style=\"font-family: Arial\">inseguridad<\/span><\/strong><\/b> que solo en 2013 ha ocasionado m\u00e1s de 25.000 muertes violentas seg\u00fan el Observatorio Venezolano de DDHH, convirtiendo a Venezuela en uno de los pa\u00edses m\u00e1s inseguros a nivel mundial.<\/span><\/li>\n<li><span style=\"font-size: medium\"><b><strong>Escasez<\/strong><\/b> de alimentos b\u00e1sicos como la leche, caf\u00e9, papel toilet, etc\u2026..con una tasa que alcanza el 28% y que origina grandes colas en los supermercados. Todo ello originado por un estricto control de divisas y una progresiva eliminaci\u00f3n de los medios productivos nacionales, convirtiendo a Venezuela en un pa\u00eds importador de lo que consume.<\/span><\/li>\n<li><span style=\"font-size: medium\"><b><strong>Crisis econ\u00f3mica<\/strong><\/b> generalizada producto de la merma de la producci\u00f3n petrolera y por consiguiente de la generaci\u00f3n de divisas, lo cual aunado al derroche gubernamental, la nacionalizaci\u00f3n de industrias, como la del papel, la corrupci\u00f3n generalizada y entregas de petr\u00f3leo a precios irrisorios, como el caso de Cuba con 100.000 barriles diarios de los cuales una parte son revendidos por el r\u00e9gimen cubano, han llevado a una inflaci\u00f3n anualizada del 56% para el 2013. Crisis de electricidad con numerosos apagones y cortes de servicio.<\/span><\/li>\n<li><span style=\"font-size: medium\"><b><strong>Intervenci\u00f3n descarada de<\/strong><\/b> <b><strong><span style=\"font-family: Arial\">Cuba <\/span><\/strong><\/b>en los asuntos internos venezolanos : sistema de identificaci\u00f3n y notarias, sistema de salud, deportes, asuntos militares y fuerza p\u00fablica ( Cuerpo de elite avispas negras), sistemas de comunicaciones ( Base en la isla Orchila), con la presencia no confirmada de m\u00e1s de 60.000 cubanos en Venezuela.<\/span><\/li>\n<li><span style=\"font-size: medium\"><b><strong>Control y censura de los medios de comunicaci\u00f3n<\/strong><\/b>, tanto escritos como audiovisuales: Radio Caracas Televisi\u00f3n hace varios a\u00f1os, recientemente Globovisi\u00f3n, eliminaci\u00f3n de la parrilla de NTN24, canal de noticias de Colombia, amenazas y expulsi\u00f3n a corresponsales de CNN, am\u00e9n de restricciones de divisas a la prensa escrita para la importaci\u00f3n de papel. Todo ello con restricciones a internet y medios sociales.<\/span><\/li>\n<li><span style=\"font-size: medium\"><b><strong>Crisis institucional<\/strong><\/b> donde no hay equilibrio de poderes y todos est\u00e1n plegados al r\u00e9gimen : el poder electoral CNE, la justicia y tribunales TSJ, la Fiscal\u00eda, Contralor\u00eda y Defensor\u00eda del Pueblo, muchos de ellos con periodo vencido y donde no ha habido voluntad ni acuerdo para su renovaci\u00f3n.<\/span><\/li>\n<\/ul>\n<p><span style=\"color: #000000;font-size: medium\">Todas estas circunstancias con toda la complejidad que representan han conducido a una implosi\u00f3n cuya cara visible son los j\u00f3venes estudiantes que han perdido esperanza en el futuro y desean un cambio en Libertad y Democracia, frente a una dictadura que no tiene escr\u00fapulos.<\/span><\/p>\n<p><span style=\"font-size: medium\"><strong><span style=\"color: #000000\">3. \u00bf<\/span>Qu\u00e9 exigen los estudiantes y la oposici\u00f3n democr\u00e1tica?<\/strong><\/span><span style=\"font-size: medium\">Las demandas de los estudiantes incluyen las siguientes:<\/span><\/p>\n<ul>\n<li><span style=\"font-size: medium\"><b><strong>Libertad para los presos pol\u00edticos<\/strong><\/b> empezando por Ivan Simonovis y Leopoldo L\u00f3pez y regreso de los exiliados pol\u00edticos, as\u00ed como los cientos de estudiantes encarcelados sin juicio.<\/span><\/li>\n<li><span style=\"font-size: medium\"><b><strong>Justicia para las v\u00edctimas<\/strong><\/b> de estas masacres y castigo para los culpables de los 28 asesinatos durante estas manifestaciones, as\u00ed como a los culpables de torturas y violaci\u00f3n de DDHH. <\/span><\/li>\n<li><span style=\"font-size: medium\"><b><strong>Desarme<\/strong><\/b> inmediato y <b><strong><span style=\"font-family: Arial\">desmovilizaci\u00f3n<\/span><\/strong><\/b> de todos los <b><strong><span style=\"font-family: Arial\">colectivos<\/span><\/strong><\/b> adscritos al r\u00e9gimen y amparados y financiados por el mismo.<\/span><\/li>\n<li><span style=\"font-size: medium\"><b><strong>Reactivaci\u00f3n del aparato productivo nacional<\/strong><\/b> para ponerle fin al racionamiento y escasez de alimentos e insumos de primera necesidad.<\/span><\/li>\n<li><span style=\"font-size: medium\"><b><strong>Lucha sin cuartel contra la delincuencia<\/strong><\/b> y contra el hampa desatada.<\/span><\/li>\n<li><span style=\"font-size: medium\"><b><strong>Legitimaci\u00f3n de las instituciones democr\u00e1ticas<\/strong><\/b> de los poderes electoral (CNE), justicia (TSJ), Fiscal\u00eda y Defensor\u00eda del Pueblo, cuyos termino han caducado.<\/span><\/li>\n<li><span style=\"font-size: medium\"><b><strong>Inicio de un dialogo <\/strong><\/b>verdadero y transparente en vivo y con la mediaci\u00f3n de un tercero de buena fe, para garantizar y facilitar el dialogo.<\/span><\/li>\n<\/ul>\n<p><i><span style=\"text-decoration: underline\"><span style=\"color: #000000;font-family: Arial;font-size: medium\">\u00a0<\/span><\/span><\/i><\/p>\n<!-- AddThis Advanced Settings generic via filter on the_content --><!-- AddThis Share Buttons generic via filter on the_content -->","protected":false},"excerpt":{"rendered":"<p>Viernes 14 de marzo de 2014 1. \u00bfQu\u00e9 est\u00e1 pasando en Venezuela? En toda Venezuela se ha desatado una ola de protestas de la poblaci\u00f3n civil dentro de un ambiente que ven\u00eda muy tenso desde las pasadas y cuestionadas elecciones presidenciales del 14 de Abril 2013. La chispa que inici\u00f3 estas protestas fue a principios &hellip; <a href=\"https:\/\/blogs.deia.eus\/anasagasti\/2014\/03\/14\/venezuela-de-la-confrontacion-ideologica-a-la-lucha-por-la-supervivencia\/\" class=\"more-link\">Sigue leyendo <span class=\"screen-reader-text\">Venezuela :  De la confrontaci\u00f3n ideol\u00f3gica a la lucha por la supervivencia<\/span><\/a><!-- AddThis Advanced Settings generic via filter on get_the_excerpt --><!-- AddThis Share Buttons generic via filter on get_the_excerpt --><\/p>\n","protected":false},"author":19,"featured_media":0,"comment_status":"open","ping_status":"open","sticky":false,"template":"","format":"standard","meta":{"footnotes":""},"categories":[1],"tags":[],"class_list":["post-4852","post","type-post","status-publish","format-standard","hentry","category-general"],"_links":{"self":[{"href":"https:\/\/blogs.deia.eus\/anasagasti\/wp-json\/wp\/v2\/posts\/4852","targetHints":{"allow":["GET"]}}],"collection":[{"href":"https:\/\/blogs.deia.eus\/anasagasti\/wp-json\/wp\/v2\/posts"}],"about":[{"href":"https:\/\/blogs.deia.eus\/anasagasti\/wp-json\/wp\/v2\/types\/post"}],"author":[{"embeddable":true,"href":"https:\/\/blogs.deia.eus\/anasagasti\/wp-json\/wp\/v2\/users\/19"}],"replies":[{"embeddable":true,"href":"https:\/\/blogs.deia.eus\/anasagasti\/wp-json\/wp\/v2\/comments?post=4852"}],"version-history":[{"count":2,"href":"https:\/\/blogs.deia.eus\/anasagasti\/wp-json\/wp\/v2\/posts\/4852\/revisions"}],"predecessor-version":[{"id":4855,"href":"https:\/\/blogs.deia.eus\/anasagasti\/wp-json\/wp\/v2\/posts\/4852\/revisions\/4855"}],"wp:attachment":[{"href":"https:\/\/blogs.deia.eus\/anasagasti\/wp-json\/wp\/v2\/media?parent=4852"}],"wp:term":[{"taxonomy":"category","embeddable":true,"href":"https:\/\/blogs.deia.eus\/anasagasti\/wp-json\/wp\/v2\/categories?post=4852"},{"taxonomy":"post_tag","embeddable":true,"href":"https:\/\/blogs.deia.eus\/anasagasti\/wp-json\/wp\/v2\/tags?post=4852"}],"curies":[{"name":"wp","href":"https:\/\/api.w.org\/{rel}","templated":true}]}}