{"id":4857,"date":"2014-03-15T22:53:35","date_gmt":"2014-03-15T20:53:35","guid":{"rendered":"http:\/\/blogs.deia.com\/anasagasti\/?p=4857"},"modified":"2014-03-15T22:53:35","modified_gmt":"2014-03-15T20:53:35","slug":"cuarta-concentracion-de-venezolanos-en-euzkadi","status":"publish","type":"post","link":"https:\/\/blogs.deia.eus\/anasagasti\/2014\/03\/15\/cuarta-concentracion-de-venezolanos-en-euzkadi\/","title":{"rendered":"Cuarta concentraci\u00f3n de Venezolanos en Euzkadi"},"content":{"rendered":"<p><b><strong><a href=\"http:\/\/blogs.deia.com\/anasagasti\/files\/2014\/03\/Concentraci\u00f3n-Arriaga.jpg\"><img loading=\"lazy\" decoding=\"async\" class=\"alignleft size-full wp-image-4859\" alt=\"Concentraci\u00f3n Arriaga\" src=\"http:\/\/blogs.deia.com\/anasagasti\/files\/2014\/03\/Concentraci\u00f3n-Arriaga.jpg\" width=\"1024\" height=\"768\" srcset=\"https:\/\/blogs.deia.eus\/anasagasti\/files\/2014\/03\/Concentraci\u00f3n-Arriaga.jpg 1024w, https:\/\/blogs.deia.eus\/anasagasti\/files\/2014\/03\/Concentraci\u00f3n-Arriaga-580x435.jpg 580w, https:\/\/blogs.deia.eus\/anasagasti\/files\/2014\/03\/Concentraci\u00f3n-Arriaga-940x705.jpg 940w\" sizes=\"auto, (max-width: 1024px) 100vw, 1024px\" \/><\/a>S\u00e1bado 15 de marzo de 2014<\/strong><\/b><\/p>\n<p>Hoy s\u00e1bado a las cinco he estado enfrente del Arriaga en la cuarta concentraci\u00f3n en solidaridad con lo que est\u00e1 ocurriendo en Venezuela. La primera fue en la Plaza Levante en San Ignacio, la segunda en la Plaza Nueva, la tercera bajo la Ara\u00f1a en el Guggenheim y la cuarta\u00a0 en el Arriaga. La semana que viene ser\u00e1 una concentraci\u00f3n general, en Bilbao. Las est\u00e1 habiendo en Donostia, Iru\u00f1a, Zumaia, Santander y all\u00ed donde\u00a0 viven venezolanos y vasco venezolanos.<\/p>\n<p>En la de hoy hemos encendido velas, han llevado corazones con la bandera de Venezuela, se ha le\u00eddo la maravillosa poes\u00eda de Andr\u00e9s Eloy Blanco\u00a0 <b><strong><span style=\"font-family: Arial;font-size: medium\">Los hijos infinitos<\/span><\/strong><\/b>, se han recordado art\u00edculos de la Constituci\u00f3n, se ha pedido a los cubanos que dejen el pa\u00eds en manos venezolanas, se ha\u00a0 solicitado \u00a0que el odio sembrado por el chavismo abandone el discurso pol\u00edtico del poder, se ha apoyado a los estudiantes y se ha pedido la libertad de todos los presos pol\u00edticos. Uno ha sacado unas maracas y un raspador y all\u00ed ha cantado lo suyo y se ha culminado como terminan este tipo de actos en Venezuela, entonando \u00a0su segundo himno nacional\u00a0\u00a0 <b><strong><span style=\"font-family: Arial;font-size: medium\">El Alma Llanera.<\/span><\/strong><\/b><\/p>\n<p>He tenido la satisfacci\u00f3n de saludar y conversar con Edurne Elortegi nieta del capit\u00e1n del Bou Donosti que vivieron exiliados en Maracaibo y all\u00ed\u00a0 vive \u00a0su Ama acudiendo a todas las manifestaciones y dando la cara. Edurne me ha contado la historia de su aitxitxe, un bravo gudari del mar, que les inculc\u00f3 los valores de una generaci\u00f3n luchadora. A\u00a0 Elortegi le toco ir a salvar a varios marineros del Bou Nabarra, entre ellos el capit\u00e1n que prefiri\u00f3 hundirse con su barco. Tambi\u00e9n salud\u00e9 a un gallego con quien trabaj\u00e9 con \u00e9l en Osiris, una empresa de productos del hogar en los a\u00f1os setenta. Alto funcionario de la Coca Cola y autoridad portuaria en varios gobiernos democr\u00e1ticos, me ha narrado la dificultad de\u00a0 vivir en Venezuela en la actualidad donde falta de todo y donde se criminaliza todo.<\/p>\n<p>En el Senado la semana que viene se ver\u00e1 una moci\u00f3n sobre la situaci\u00f3n de Venezuela y ya se est\u00e1 viendo que algunos pa\u00edses empiezan a moverse pidiendo democracia en Venezuela. La declaraci\u00f3n de la presidenta de Chile, Bachelet ha sido impresionante culpando a una falsa izquierda que cree que Maduro es hombre de izquierda. Nada m\u00e1s alejado de la realidad. Maduro no es\u00a0 la izquierda venezolana. Maduro es un dictador y la verdadera izquierda debe denunciar a esta falsa izquierda que ensucia su nombre.<\/p>\n<p>Y como la poes\u00eda de Andr\u00e9s Eloy Blanco es muy bonita, la transcribo. Vale la pena.<\/p>\n<p><span style=\"color: #000000;font-family: Calibri;font-size: medium\">\u00a0<\/span><\/p>\n<table width=\"100%\" border=\"0\" cellpadding=\"0\">\n<tbody>\n<tr>\n<td rowspan=\"2\" width=\"20%\"><\/td>\n<td rowspan=\"2\" width=\"54%\">LOS HIJOS INFINITOS<br \/>\nAndr\u00e9s Eloy Blanco<\/p>\n<p>Cuando se tiene un hijo,<br \/>\nse tiene al hijo de la casa y al de la calle entera,<br \/>\nse tiene al que cabalga en el cuadril de la mendiga<br \/>\ny al del coche que empuja la institutriz inglesa<br \/>\ny al ni\u00f1o gringo que carga la criolla<br \/>\ny al ni\u00f1o blanco que carga la negra<br \/>\ny al ni\u00f1o indio que carga la india<br \/>\ny al ni\u00f1o negro que carga la tierra.<\/p>\n<p>Cuando se tiene un hijo, se tienen tantos ni\u00f1os<br \/>\nque la calle se llena<br \/>\ny la plaza y el puente<br \/>\ny el mercado y la iglesia<br \/>\ny es nuestro cualquier ni\u00f1o cuando cruza la calle<br \/>\ny el coche lo atropella<br \/>\ny cuando se asoma al balc\u00f3n<br \/>\ny cuando se arrima a la alberca;<br \/>\ny cuando un ni\u00f1o grita, no sabemos<br \/>\nsi lo nuestro es el grito o es el ni\u00f1o,<br \/>\ny si le sangran y se queja,<br \/>\npor el momento no sabr\u00edamos<br \/>\nsi el \u00a1ay! es suyo o si la sangre es nuestra.<\/p>\n<p>Cuando se tiene un hijo, es nuestro el ni\u00f1o<br \/>\nque acompa\u00f1a a la ciega<br \/>\ny las Meninas y la misma enana<br \/>\ny el Pr\u00edncipe de Francia y su Princesa<br \/>\ny el que tiene San Antonio en los brazos<br \/>\ny el que tiene la Coromoto en las piernas.<br \/>\nCuando se tiene un hijo, toda risa nos cala,<br \/>\ntodo llanto nos crispa, venga de donde venga.<br \/>\nCuando se tiene un hijo, se tiene el mundo adentro<br \/>\ny el coraz\u00f3n afuera.<\/p>\n<p>Y cuando se tienen dos hijos<br \/>\nse tienen todos los hijos de la tierra,<br \/>\nlos millones de hijos con que las tierras lloran,<br \/>\ncon que las madres r\u00eden, con que los mundos sue\u00f1an,<br \/>\nlos que Paul Fort quer\u00eda con las manos unidas<br \/>\npara que el mundo fuera la canci\u00f3n de una rueda,<br \/>\nlos que el Hombre de Estado, que tiene un lindo ni\u00f1o,<br \/>\nquiere con Dios adentro y las tripas afuera,<br \/>\nlos que escaparon de Herodes para caer en Hiroshima<br \/>\nentreabiertos los ojos, como los ni\u00f1os de la guerra, porque basta para que salga toda la luz de un ni\u00f1o<br \/>\nuna rendija china o una mirada japonesa.<\/p>\n<p>Cuando se tienen dos hijos<br \/>\nse tiene todo el miedo del planeta,<br \/>\ntodo el miedo a los hombres luminosos<br \/>\nque quieren asesinar la luz y arriar las velas<br \/>\ny ensangrentar las pelotas de goma<br \/>\ny zambullir en llanto ferrocarriles de cuerda.<br \/>\nCuando se tienen dos hijos<br \/>\nse tiene la alegr\u00eda y el \u00a1ay! del mundo en dos cabezas,<br \/>\ntoda la angustia y toda la esperanza,<br \/>\nla luz y el llanto, a ver cu\u00e1l es el que nos llega,<br \/>\nsi el modo de llorar del universo<br \/>\nel modo de alumbrar de las estrellas.<\/td>\n<td width=\"0\" height=\"18\"><\/td>\n<\/tr>\n<tr>\n<td width=\"0\" height=\"18\"><\/td>\n<\/tr>\n<\/tbody>\n<\/table>\n<p><span style=\"color: #000000;font-family: Calibri;font-size: medium\">\u00a0<\/span><\/p>\n<!-- AddThis Advanced Settings generic via filter on the_content --><!-- AddThis Share Buttons generic via filter on the_content -->","protected":false},"excerpt":{"rendered":"<p>S\u00e1bado 15 de marzo de 2014 Hoy s\u00e1bado a las cinco he estado enfrente del Arriaga en la cuarta concentraci\u00f3n en solidaridad con lo que est\u00e1 ocurriendo en Venezuela. La primera fue en la Plaza Levante en San Ignacio, la segunda en la Plaza Nueva, la tercera bajo la Ara\u00f1a en el Guggenheim y la &hellip; <a href=\"https:\/\/blogs.deia.eus\/anasagasti\/2014\/03\/15\/cuarta-concentracion-de-venezolanos-en-euzkadi\/\" class=\"more-link\">Sigue leyendo <span class=\"screen-reader-text\">Cuarta concentraci\u00f3n de Venezolanos en Euzkadi<\/span><\/a><!-- AddThis Advanced Settings generic via filter on get_the_excerpt --><!-- AddThis Share Buttons generic via filter on get_the_excerpt --><\/p>\n","protected":false},"author":19,"featured_media":0,"comment_status":"open","ping_status":"open","sticky":false,"template":"","format":"standard","meta":{"footnotes":""},"categories":[1],"tags":[],"class_list":["post-4857","post","type-post","status-publish","format-standard","hentry","category-general"],"_links":{"self":[{"href":"https:\/\/blogs.deia.eus\/anasagasti\/wp-json\/wp\/v2\/posts\/4857","targetHints":{"allow":["GET"]}}],"collection":[{"href":"https:\/\/blogs.deia.eus\/anasagasti\/wp-json\/wp\/v2\/posts"}],"about":[{"href":"https:\/\/blogs.deia.eus\/anasagasti\/wp-json\/wp\/v2\/types\/post"}],"author":[{"embeddable":true,"href":"https:\/\/blogs.deia.eus\/anasagasti\/wp-json\/wp\/v2\/users\/19"}],"replies":[{"embeddable":true,"href":"https:\/\/blogs.deia.eus\/anasagasti\/wp-json\/wp\/v2\/comments?post=4857"}],"version-history":[{"count":3,"href":"https:\/\/blogs.deia.eus\/anasagasti\/wp-json\/wp\/v2\/posts\/4857\/revisions"}],"predecessor-version":[{"id":4861,"href":"https:\/\/blogs.deia.eus\/anasagasti\/wp-json\/wp\/v2\/posts\/4857\/revisions\/4861"}],"wp:attachment":[{"href":"https:\/\/blogs.deia.eus\/anasagasti\/wp-json\/wp\/v2\/media?parent=4857"}],"wp:term":[{"taxonomy":"category","embeddable":true,"href":"https:\/\/blogs.deia.eus\/anasagasti\/wp-json\/wp\/v2\/categories?post=4857"},{"taxonomy":"post_tag","embeddable":true,"href":"https:\/\/blogs.deia.eus\/anasagasti\/wp-json\/wp\/v2\/tags?post=4857"}],"curies":[{"name":"wp","href":"https:\/\/api.w.org\/{rel}","templated":true}]}}