{"id":4862,"date":"2014-03-16T19:55:33","date_gmt":"2014-03-16T17:55:33","guid":{"rendered":"http:\/\/blogs.deia.com\/anasagasti\/?p=4862"},"modified":"2014-03-16T19:55:33","modified_gmt":"2014-03-16T17:55:33","slug":"en-agroturismo-nos-quieren-homogeneizar","status":"publish","type":"post","link":"https:\/\/blogs.deia.eus\/anasagasti\/2014\/03\/16\/en-agroturismo-nos-quieren-homogeneizar\/","title":{"rendered":"En Agroturismo nos quieren homogeneizar"},"content":{"rendered":"<p><b><strong><span style=\"font-size: medium\">Domingo 16 de marzo de 2014<span style=\"font-family: Arial\">\u00a0\u00a0\u00a0\u00a0<\/span><\/span><\/strong><\/b><\/p>\n<p><span style=\"font-size: medium\">Una moci\u00f3n es una petici\u00f3n al gobierno de turno para que haga algo en concreto. Y las hay de todo tipo. Las sospechosas son las que presenta el partido de gobierno, en este caso el PP. No suele ser inocentes. Son conejos que lanza la administraci\u00f3n central para ver c\u00f3mo se responde. Y en este caso, el Grupo Popular en el Senado\u00a0 nos ha presentado una Moci\u00f3n para homogeneizar\u00a0 cierto sector del turismo.<\/span><span style=\"font-family: Arial;font-size: medium\">\u00a0\u00a0\u00a0\u00a0\u00a0 <\/span><\/p>\n<p><span style=\"font-size: medium\">La Moci\u00f3n era la siguiente:<\/span><\/p>\n<p><span style=\"font-size: medium\">\u00abEl Senado insta al Gobierno a que en aras a facilitar una Promoci\u00f3n Nacional e Internacional m\u00e1s eficaz del Turismo Rural en Espa\u00f1a, contin\u00fae trabajando con las Comunidades Aut\u00f3nomas en la homogeneizaci\u00f3n de la clasificaci\u00f3n y categorizaci\u00f3n de establecimientos rurales dentro del Plan Nacional\u00a0 e Integral de Turismo\u00bb.<\/span><\/p>\n<p><span style=\"font-size: medium\">Esta era la Moci\u00f3n, que nos ol\u00eda a chamusquina. Y como huimos de la palabra homogeneizaci\u00f3n como el gato del agua, argumentamos de esta manera:<\/span><\/p>\n<p><span style=\"font-size: medium\">Efectivamente, esta Moci\u00f3n quiere homogeneizar la clasificaci\u00f3n y categorizaci\u00f3n de los establecimientos rurales. Como se sabe el 99% de la normativa en materia de turismo corresponde a las CCAA. En el caso concreto de los alojamientos rurales se quiere que en todo caso en el Estado haya 5 categor\u00edas y se clasifiquen en estrellas verdes. El caso es que cada CCAA tiene su normativa y unas tienen estrellas otras espigas, unas tienen 3 categor\u00edas, otras no las clasifican por categor\u00edas como en Galicia, que las clasifican en pazos, h\u00f3rreos, etc. Pero el problema es, como se define cada una de las categor\u00edas, es decir todos los alojamientos de cada categor\u00eda deber\u00eda tener las mismas condiciones, pero eso no se da. Nosotros, por ejemplo, no tenemos problema en que haya cinco categor\u00edas, porque probablemente dos categor\u00edas se quedar\u00edan vac\u00edas, pero s\u00ed tenemos problemas en que no reconozcan la tipolog\u00eda e indiosincrasia de nuestro caser\u00edo y que nos obliguen a incluir elementos no caracter\u00edsticos del mismo y que tampoco reconozcan figuras rurales que est\u00e1n en nuestra ley como los hoteles y apartamentos rurales. De ning\u00fan modo se va a hacer una promoci\u00f3n internaci\u00f3n m\u00e1s eficaz si no se trabaja el contenido de cada categor\u00eda, intentando aunar los criterios de todas las CCAA y de eso no hay nada como siempre. No es eficaz, como siempre el caf\u00e9 para todos porque cada CCAA tiene unos alojamientos rurales con caracter\u00edsticas muy diferentes que hay que tener en cuenta.<\/span><\/p>\n<p><span style=\"font-size: medium\">Y votamos que no. Pero la iniciativa prosper\u00f3. Para eso tienen mayor\u00eda y\u00a0en este caso ayudados entusi\u00e1sticamente por el PSOE. La Espa\u00f1a eterna.<\/span><\/p>\n<p><span style=\"color: #000000;font-size: medium\">\u00a0<\/span><\/p>\n<p><span style=\"color: #000000;font-size: medium\">\u00a0<\/span><\/p>\n<!-- AddThis Advanced Settings generic via filter on the_content --><!-- AddThis Share Buttons generic via filter on the_content -->","protected":false},"excerpt":{"rendered":"<p>Domingo 16 de marzo de 2014\u00a0\u00a0\u00a0\u00a0 Una moci\u00f3n es una petici\u00f3n al gobierno de turno para que haga algo en concreto. Y las hay de todo tipo. Las sospechosas son las que presenta el partido de gobierno, en este caso el PP. No suele ser inocentes. Son conejos que lanza la administraci\u00f3n central para ver &hellip; <a href=\"https:\/\/blogs.deia.eus\/anasagasti\/2014\/03\/16\/en-agroturismo-nos-quieren-homogeneizar\/\" class=\"more-link\">Sigue leyendo <span class=\"screen-reader-text\">En Agroturismo nos quieren homogeneizar<\/span><\/a><!-- AddThis Advanced Settings generic via filter on get_the_excerpt --><!-- AddThis Share Buttons generic via filter on get_the_excerpt --><\/p>\n","protected":false},"author":19,"featured_media":0,"comment_status":"open","ping_status":"open","sticky":false,"template":"","format":"standard","meta":{"footnotes":""},"categories":[1],"tags":[],"class_list":["post-4862","post","type-post","status-publish","format-standard","hentry","category-general"],"_links":{"self":[{"href":"https:\/\/blogs.deia.eus\/anasagasti\/wp-json\/wp\/v2\/posts\/4862","targetHints":{"allow":["GET"]}}],"collection":[{"href":"https:\/\/blogs.deia.eus\/anasagasti\/wp-json\/wp\/v2\/posts"}],"about":[{"href":"https:\/\/blogs.deia.eus\/anasagasti\/wp-json\/wp\/v2\/types\/post"}],"author":[{"embeddable":true,"href":"https:\/\/blogs.deia.eus\/anasagasti\/wp-json\/wp\/v2\/users\/19"}],"replies":[{"embeddable":true,"href":"https:\/\/blogs.deia.eus\/anasagasti\/wp-json\/wp\/v2\/comments?post=4862"}],"version-history":[{"count":2,"href":"https:\/\/blogs.deia.eus\/anasagasti\/wp-json\/wp\/v2\/posts\/4862\/revisions"}],"predecessor-version":[{"id":4864,"href":"https:\/\/blogs.deia.eus\/anasagasti\/wp-json\/wp\/v2\/posts\/4862\/revisions\/4864"}],"wp:attachment":[{"href":"https:\/\/blogs.deia.eus\/anasagasti\/wp-json\/wp\/v2\/media?parent=4862"}],"wp:term":[{"taxonomy":"category","embeddable":true,"href":"https:\/\/blogs.deia.eus\/anasagasti\/wp-json\/wp\/v2\/categories?post=4862"},{"taxonomy":"post_tag","embeddable":true,"href":"https:\/\/blogs.deia.eus\/anasagasti\/wp-json\/wp\/v2\/tags?post=4862"}],"curies":[{"name":"wp","href":"https:\/\/api.w.org\/{rel}","templated":true}]}}