{"id":4865,"date":"2014-03-17T21:31:51","date_gmt":"2014-03-17T19:31:51","guid":{"rendered":"http:\/\/blogs.deia.com\/anasagasti\/?p=4865"},"modified":"2014-03-17T21:31:51","modified_gmt":"2014-03-17T19:31:51","slug":"la-izquierda-abertzale-trata-de-romper-la-concentracion-de-donostia","status":"publish","type":"post","link":"https:\/\/blogs.deia.eus\/anasagasti\/2014\/03\/17\/la-izquierda-abertzale-trata-de-romper-la-concentracion-de-donostia\/","title":{"rendered":"La izquierda Abertzale trata de romper la concentraci\u00f3n de Donostia"},"content":{"rendered":"<p><strong><b><a href=\"http:\/\/blogs.deia.com\/anasagasti\/files\/2014\/03\/la-foto-copy-3.jpg\"><img loading=\"lazy\" decoding=\"async\" class=\"alignleft size-full wp-image-4867\" alt=\"la foto copy 3\" src=\"http:\/\/blogs.deia.com\/anasagasti\/files\/2014\/03\/la-foto-copy-3.jpg\" width=\"600\" height=\"800\" srcset=\"https:\/\/blogs.deia.eus\/anasagasti\/files\/2014\/03\/la-foto-copy-3.jpg 600w, https:\/\/blogs.deia.eus\/anasagasti\/files\/2014\/03\/la-foto-copy-3-580x773.jpg 580w\" sizes=\"auto, (max-width: 600px) 100vw, 600px\" \/><\/a>Lunes 17 de marzo de 2014<\/b><br \/>\n<\/strong><\/p>\n<p>La concentraci\u00f3n\u00a0\u00a0 de apoyo a la democracia en Venezuela\u00a0 se celebr\u00f3 el pasado s\u00e1bado 15 en Donostia fue un \u00e9xito, con la asistencia de m\u00e1s de 100 personas que se congregaron en el Boulevard de San Sebastian a partir de las 6 PM hasta las 8 PM, lugar de gran afluencia los fines de semana.<\/p>\n<p>La nota discordante fue un grupo de unos 10 activistas radicales de\u00a0 esa falsa \u00a0izquierda, obviamente tarifados por ???, que en forma agresiva e insultos trataron de boicotear la concentraci\u00f3n. Afortunadamente la Ertzaintza se person\u00f3 y en forma impecable contuvo al grupo de energ\u00famenos.<\/p>\n<p>Hubo varias intervenciones de j\u00f3venes estudiantes, canto del himno nacional y canciones venezolanas y en resumen se cumplieron los objetivos de la concentraci\u00f3n que no era otro que pedir paz, di\u00e1logo y democracia en Venezuela contra la dictadura de Maduro y sus generales y cubanos castristas que lo llenan todo.<\/p>\n<!-- AddThis Advanced Settings generic via filter on the_content --><!-- AddThis Share Buttons generic via filter on the_content -->","protected":false},"excerpt":{"rendered":"<p>Lunes 17 de marzo de 2014 La concentraci\u00f3n\u00a0\u00a0 de apoyo a la democracia en Venezuela\u00a0 se celebr\u00f3 el pasado s\u00e1bado 15 en Donostia fue un \u00e9xito, con la asistencia de m\u00e1s de 100 personas que se congregaron en el Boulevard de San Sebastian a partir de las 6 PM hasta las 8 PM, lugar de &hellip; <a href=\"https:\/\/blogs.deia.eus\/anasagasti\/2014\/03\/17\/la-izquierda-abertzale-trata-de-romper-la-concentracion-de-donostia\/\" class=\"more-link\">Sigue leyendo <span class=\"screen-reader-text\">La izquierda Abertzale trata de romper la concentraci\u00f3n de Donostia<\/span><\/a><!-- AddThis Advanced Settings generic via filter on get_the_excerpt --><!-- AddThis Share Buttons generic via filter on get_the_excerpt --><\/p>\n","protected":false},"author":19,"featured_media":0,"comment_status":"open","ping_status":"open","sticky":false,"template":"","format":"standard","meta":{"footnotes":""},"categories":[1],"tags":[],"class_list":["post-4865","post","type-post","status-publish","format-standard","hentry","category-general"],"_links":{"self":[{"href":"https:\/\/blogs.deia.eus\/anasagasti\/wp-json\/wp\/v2\/posts\/4865","targetHints":{"allow":["GET"]}}],"collection":[{"href":"https:\/\/blogs.deia.eus\/anasagasti\/wp-json\/wp\/v2\/posts"}],"about":[{"href":"https:\/\/blogs.deia.eus\/anasagasti\/wp-json\/wp\/v2\/types\/post"}],"author":[{"embeddable":true,"href":"https:\/\/blogs.deia.eus\/anasagasti\/wp-json\/wp\/v2\/users\/19"}],"replies":[{"embeddable":true,"href":"https:\/\/blogs.deia.eus\/anasagasti\/wp-json\/wp\/v2\/comments?post=4865"}],"version-history":[{"count":2,"href":"https:\/\/blogs.deia.eus\/anasagasti\/wp-json\/wp\/v2\/posts\/4865\/revisions"}],"predecessor-version":[{"id":4869,"href":"https:\/\/blogs.deia.eus\/anasagasti\/wp-json\/wp\/v2\/posts\/4865\/revisions\/4869"}],"wp:attachment":[{"href":"https:\/\/blogs.deia.eus\/anasagasti\/wp-json\/wp\/v2\/media?parent=4865"}],"wp:term":[{"taxonomy":"category","embeddable":true,"href":"https:\/\/blogs.deia.eus\/anasagasti\/wp-json\/wp\/v2\/categories?post=4865"},{"taxonomy":"post_tag","embeddable":true,"href":"https:\/\/blogs.deia.eus\/anasagasti\/wp-json\/wp\/v2\/tags?post=4865"}],"curies":[{"name":"wp","href":"https:\/\/api.w.org\/{rel}","templated":true}]}}