{"id":4870,"date":"2014-03-18T21:52:38","date_gmt":"2014-03-18T19:52:38","guid":{"rendered":"http:\/\/blogs.deia.com\/anasagasti\/?p=4870"},"modified":"2014-03-18T21:52:38","modified_gmt":"2014-03-18T19:52:38","slug":"la-fascinacion-del-pesebre","status":"publish","type":"post","link":"https:\/\/blogs.deia.eus\/anasagasti\/2014\/03\/18\/la-fascinacion-del-pesebre\/","title":{"rendered":"La fascinaci\u00f3n del pesebre"},"content":{"rendered":"<p><b><strong>Martes<\/strong><\/b> <b><strong><span style=\"font-family: Arial;font-size: medium\">18 de marzo de 2014<\/span><\/strong><\/b><\/p>\n<p>Si uno se pasea por las librer\u00edas vascas ver\u00e1 que las estanter\u00edas est\u00e1n llenas de ediciones escritas por pol\u00edticos espa\u00f1oles. En las estanter\u00edas vascas, algo de historia, pero poco m\u00e1s. Uno constata que el pol\u00edtico vasco no escribe, es \u00e1grafo. \u00bfNo sabe hacerlo?. Creo que s\u00ed, pero nunca se ha puesto a ello. Piensa que escribir es adelantar la jubilaci\u00f3n o contar chismes. Y sin embargo, le gusta leer lo que escriben otros. Me encontr\u00e9 con un diputado que iba a una librer\u00eda a comprar el libro de Pedro Solbes sobre la pol\u00edtica econ\u00f3mica espa\u00f1ola de los \u00faltimos a\u00f1os de Rodr\u00edguez Zapatero <span style=\"font-family: Arial;font-size: medium\">y <\/span>sus desencuentros con \u00e9ste. Le interesaba.<\/p>\n<p>Ni Arzalluz, ni Ardanza, ni Ibarretxe, ni Garaikoetxea han escrito sus experiencias. Y sin embargo saben escribir <span style=\"font-family: Arial;font-size: medium\">y <\/span>adem\u00e1s lo hacen bien. Los libros que hay son sobre ellos o escritos en clave de entrevista. Y es una pena que nos perdamos la intrahistoria de la historia pues \u00e9sta la hacen los seres humanos con sus defectos <span style=\"font-family: Arial;font-size: medium\">y <\/span>virtudes, sus pasiones y obsesiones, Aguirre, Irujo, Leizaola, Landaburu, escrib\u00edan y sobre todo muchas cartas. La historia de aquellos a\u00f1os podr\u00e1 estudiarse solo con acudir a los archivos. De hecho empiezan a salir libros distintos sobre lo que vivieron fundamentalmente en el exilio.<\/p>\n<p>Hace unos a\u00f1os, en plena ofensiva de Aznar contra el nacionalismo democr\u00e1tico, Erkoreka y yo constatamos c\u00f3mo las librer\u00edas estaban llenas de libros de encargo contra el nacionalismo. Y nos preocupamos pues el libro queda y la historia se har\u00e1 en base a los datos de esos libros, sin el contrapunto de otros. Bien es verdad que Benegas y Egiguren han escrito cosas, as\u00ed como Otegi, pero no en clave de libro de experiencias sino de ensayos, como en su d\u00eda lo hizo Ollora con su breviario sobre el derecho a decidir.<\/p>\n<p>Un d\u00eda, en el avi\u00f3n, en una de esas bolsas que ponen para los mareos, comenzamos Erkoreka y yo a garabatear sobre qu\u00e9 personajes interesantes vascos deber\u00edamos escribir. \u00cdbamos a crear una colecci\u00f3n que se iba a titular \u201cLa Fascinaci\u00f3n del Pesebre\u201d. Nuestra tesis era que hay un tipo de vascos que cuando llegan a Madrid se quedan fascinados por el oropel y para ser admitidos en la Villa y Corte deben denigrar del vasco nacionalista. Eso siempre aporta un plus de veinte puntos en la escala valorativa de mundo tan competitivo. Juaristi, Patxo Unzueta, Savater, etc.<\/p>\n<p>Y nos pusimos manos a la obra. Primero tuvimos una comida con Arzalluz que se repiti\u00f3 en un restaurant de batalla llamado \u201cEl pesebre\u201d en San Ignacio. Magn\u00edficos profesionales, gentes que conoc\u00edan el medio y de lo que hablaban. Y como est\u00e1bamos en pleno bombardeo del ca\u00f1\u00f3n Berta de la Brunete Medi\u00e1tica, decidimos comenzar por los ya fallecidos no fuera a ser que nos dijeran que pon\u00edamos en el punto de mira al personal.<\/p>\n<p>Erkoreka y yo quedamos en escribir sobre Jos\u00e9 Mar\u00eda Areilza y Manuel Aznar dos personajes t\u00edpicos de aquella fascinaci\u00f3n del pesebre madrile\u00f1o. Dos personas inteligentes pero duchos en el saltimbaquismo y el cambio de chaqueta. De Areilza se dec\u00eda que era el hombre del pantal\u00f3n gris porque \u00e9ste sirve para cualquier chaqueta y de Lequerica se dec\u00eda que era \u00abcarguista\u00bb, de cargo, no carlista. Y escribimos el libro que edit\u00f3 Javier Ortiz con el t\u00edtulo de \u00abDos Familias vascas\u00bb. El libro fue reeditado tres veces y tuvo amplia repercusi\u00f3n no solo en Euzkadi sino en Espa\u00f1a. Tras \u00e9l \u00edbamos a abordar la biograf\u00eda de Lequerica, Cruz de Hierro nazi, pero los compromisos y las volteretas pol\u00edticas hicieron que teniendo una ampl\u00edsima documentaci\u00f3n, nos qued\u00e1ramos sin rematar la faena. Una verdadera l\u00e1stima. La historia, nuestra parte de la historia, la iban a contar otros.<\/p>\n<p>Cuando negociamos con Aznar el s\u00ed a su investidura, Arzalluz me dijo que tomara notas para escribir como se lleva a cabo una negociaci\u00f3n en Madrid. Es parte <span style=\"font-family: Arial;font-size: medium\">de <\/span>lo que transcribo en el libro JARRONES CHINOS porque considero que esa historia no es m\u00eda, es de mi partido y de qui\u00e9nes me han votado.<\/p>\n<p>Y lamento que ni Diputados Generales, ni alcaldes, ni dirigentes de partido escriban m\u00e1s en esta Euzkadi a la que su historia se la van a contar otros y muy mal.<\/p>\n<!-- AddThis Advanced Settings generic via filter on the_content --><!-- AddThis Share Buttons generic via filter on the_content -->","protected":false},"excerpt":{"rendered":"<p>Martes 18 de marzo de 2014 Si uno se pasea por las librer\u00edas vascas ver\u00e1 que las estanter\u00edas est\u00e1n llenas de ediciones escritas por pol\u00edticos espa\u00f1oles. En las estanter\u00edas vascas, algo de historia, pero poco m\u00e1s. Uno constata que el pol\u00edtico vasco no escribe, es \u00e1grafo. \u00bfNo sabe hacerlo?. Creo que s\u00ed, pero nunca se &hellip; <a href=\"https:\/\/blogs.deia.eus\/anasagasti\/2014\/03\/18\/la-fascinacion-del-pesebre\/\" class=\"more-link\">Sigue leyendo <span class=\"screen-reader-text\">La fascinaci\u00f3n del pesebre<\/span><\/a><!-- AddThis Advanced Settings generic via filter on get_the_excerpt --><!-- AddThis Share Buttons generic via filter on get_the_excerpt --><\/p>\n","protected":false},"author":19,"featured_media":0,"comment_status":"open","ping_status":"open","sticky":false,"template":"","format":"standard","meta":{"footnotes":""},"categories":[1],"tags":[],"class_list":["post-4870","post","type-post","status-publish","format-standard","hentry","category-general"],"_links":{"self":[{"href":"https:\/\/blogs.deia.eus\/anasagasti\/wp-json\/wp\/v2\/posts\/4870","targetHints":{"allow":["GET"]}}],"collection":[{"href":"https:\/\/blogs.deia.eus\/anasagasti\/wp-json\/wp\/v2\/posts"}],"about":[{"href":"https:\/\/blogs.deia.eus\/anasagasti\/wp-json\/wp\/v2\/types\/post"}],"author":[{"embeddable":true,"href":"https:\/\/blogs.deia.eus\/anasagasti\/wp-json\/wp\/v2\/users\/19"}],"replies":[{"embeddable":true,"href":"https:\/\/blogs.deia.eus\/anasagasti\/wp-json\/wp\/v2\/comments?post=4870"}],"version-history":[{"count":2,"href":"https:\/\/blogs.deia.eus\/anasagasti\/wp-json\/wp\/v2\/posts\/4870\/revisions"}],"predecessor-version":[{"id":4872,"href":"https:\/\/blogs.deia.eus\/anasagasti\/wp-json\/wp\/v2\/posts\/4870\/revisions\/4872"}],"wp:attachment":[{"href":"https:\/\/blogs.deia.eus\/anasagasti\/wp-json\/wp\/v2\/media?parent=4870"}],"wp:term":[{"taxonomy":"category","embeddable":true,"href":"https:\/\/blogs.deia.eus\/anasagasti\/wp-json\/wp\/v2\/categories?post=4870"},{"taxonomy":"post_tag","embeddable":true,"href":"https:\/\/blogs.deia.eus\/anasagasti\/wp-json\/wp\/v2\/tags?post=4870"}],"curies":[{"name":"wp","href":"https:\/\/api.w.org\/{rel}","templated":true}]}}