{"id":4873,"date":"2014-03-20T21:50:31","date_gmt":"2014-03-20T19:50:31","guid":{"rendered":"http:\/\/blogs.deia.com\/anasagasti\/?p=4873"},"modified":"2014-03-20T21:50:31","modified_gmt":"2014-03-20T19:50:31","slug":"alguien-ha-oido-hablar-en-granada-de-la-senda-de-los-gudaris","status":"publish","type":"post","link":"https:\/\/blogs.deia.eus\/anasagasti\/2014\/03\/20\/alguien-ha-oido-hablar-en-granada-de-la-senda-de-los-gudaris\/","title":{"rendered":"\u00bfAlguien ha o\u00eddo hablar en Granada de la Senda de los Gudaris?."},"content":{"rendered":"<p><b><strong>Jueves 20 de marzo de 2014<\/strong><\/b><\/p>\n<p>Hemos \u00a0tenido conocimiento de un hecho poco conocido. Se trata de \u00a0que hubo durante la guerra un centro de internamiento en la provincia de Granada, en Padul, en la que la mayor\u00eda de los presos deb\u00edan ser vascos.<\/p>\n<p>No est\u00e1 muy documentado\u00a0\u00a0este hecho pero se ve que fueron forzados a construir una carretera, a la que los lugare\u00f1os llaman \u00abSenda de los Gudaris\u00bb.<\/p>\n<p>\u00bfConoce usted \u00a0algo de \u00e9sto o sabe de alg\u00fan familiar de gudari que hubiera estado internado all\u00ed?. Las noticias que hay son muy pocas.<\/p>\n<p>Todo \u00e9sto viene a cuenta de un trabajo sobre Memoria Hist\u00f3rica y Alzheimer que\u00a0\u00a0est\u00e1n preparando, en forma de documental videogr\u00e1fico, unas documentalistas de Pamplona.<\/p>\n<p>Si sabe algo, cu\u00e9ntenoslo por favor.<\/p>\n<!-- AddThis Advanced Settings generic via filter on the_content --><!-- AddThis Share Buttons generic via filter on the_content -->","protected":false},"excerpt":{"rendered":"<p>Jueves 20 de marzo de 2014 Hemos \u00a0tenido conocimiento de un hecho poco conocido. Se trata de \u00a0que hubo durante la guerra un centro de internamiento en la provincia de Granada, en Padul, en la que la mayor\u00eda de los presos deb\u00edan ser vascos. No est\u00e1 muy documentado\u00a0\u00a0este hecho pero se ve que fueron forzados &hellip; <a href=\"https:\/\/blogs.deia.eus\/anasagasti\/2014\/03\/20\/alguien-ha-oido-hablar-en-granada-de-la-senda-de-los-gudaris\/\" class=\"more-link\">Sigue leyendo <span class=\"screen-reader-text\">\u00bfAlguien ha o\u00eddo hablar en Granada de la Senda de los Gudaris?.<\/span><\/a><!-- AddThis Advanced Settings generic via filter on get_the_excerpt --><!-- AddThis Share Buttons generic via filter on get_the_excerpt --><\/p>\n","protected":false},"author":19,"featured_media":0,"comment_status":"open","ping_status":"open","sticky":false,"template":"","format":"standard","meta":{"footnotes":""},"categories":[1],"tags":[],"class_list":["post-4873","post","type-post","status-publish","format-standard","hentry","category-general"],"_links":{"self":[{"href":"https:\/\/blogs.deia.eus\/anasagasti\/wp-json\/wp\/v2\/posts\/4873","targetHints":{"allow":["GET"]}}],"collection":[{"href":"https:\/\/blogs.deia.eus\/anasagasti\/wp-json\/wp\/v2\/posts"}],"about":[{"href":"https:\/\/blogs.deia.eus\/anasagasti\/wp-json\/wp\/v2\/types\/post"}],"author":[{"embeddable":true,"href":"https:\/\/blogs.deia.eus\/anasagasti\/wp-json\/wp\/v2\/users\/19"}],"replies":[{"embeddable":true,"href":"https:\/\/blogs.deia.eus\/anasagasti\/wp-json\/wp\/v2\/comments?post=4873"}],"version-history":[{"count":2,"href":"https:\/\/blogs.deia.eus\/anasagasti\/wp-json\/wp\/v2\/posts\/4873\/revisions"}],"predecessor-version":[{"id":4875,"href":"https:\/\/blogs.deia.eus\/anasagasti\/wp-json\/wp\/v2\/posts\/4873\/revisions\/4875"}],"wp:attachment":[{"href":"https:\/\/blogs.deia.eus\/anasagasti\/wp-json\/wp\/v2\/media?parent=4873"}],"wp:term":[{"taxonomy":"category","embeddable":true,"href":"https:\/\/blogs.deia.eus\/anasagasti\/wp-json\/wp\/v2\/categories?post=4873"},{"taxonomy":"post_tag","embeddable":true,"href":"https:\/\/blogs.deia.eus\/anasagasti\/wp-json\/wp\/v2\/tags?post=4873"}],"curies":[{"name":"wp","href":"https:\/\/api.w.org\/{rel}","templated":true}]}}