{"id":4876,"date":"2014-03-21T21:37:56","date_gmt":"2014-03-21T19:37:56","guid":{"rendered":"http:\/\/blogs.deia.com\/anasagasti\/?p=4876"},"modified":"2014-03-21T21:37:56","modified_gmt":"2014-03-21T19:37:56","slug":"suarez-y-el-concierto-economico","status":"publish","type":"post","link":"https:\/\/blogs.deia.eus\/anasagasti\/2014\/03\/21\/suarez-y-el-concierto-economico\/","title":{"rendered":"Suarez y el Concierto Econ\u00f3mico"},"content":{"rendered":"<p><b><strong>Viernes 21 de marzo de 2014<\/strong><\/b><\/p>\n<p>Acabo de editar un libro titulado \u00abJarrones Chinos\u00bb. En \u00e9l cuento la relaci\u00f3n que hemos tenido con los presidentes de\u00a0la \u00a0democracia espa\u00f1ola salvo con Arias Navarro. Y del elenco de presidentes (Suarez, Calvo Sotelo, Felipe Gonz\u00e1lez, Jos\u00e9 Mar\u00eda Aznar y Rodr\u00edguez Zapatero)\u00a0 solo salvo a Suarez. Por una raz\u00f3n muy sencilla. Fue valiente y se enfrent\u00f3 a la nomenclatura de la \u00a0que proced\u00eda. El franquismo puro y duro del que fue su Secretario General del Movimiento. Pero eso no le impidi\u00f3 abordar los problemas y tratar de resolverlos. El resto de presidentes que hemos tenido solo se han dedicado a surfear por encima de ellos. Suarez los enfrent\u00f3.<\/p>\n<p>Estamos viviendo momentos de gran hipocres\u00eda ante la posible <span style=\"font-size: medium\">\u00a0<\/span>desaparici\u00f3n de Adolfo Suarez. Loas, golpes de pecho, encendidos ditirambos hacia un Adolfo Suarez al que conoc\u00ed \u00edngrimo y solo en el Grupo Mixto con Rodr\u00edguez Sahagun \u00a0sin que ning\u00fan banco les prestara un duro para su campa\u00f1a de alpargata. Y me indigna \u00a0esa foto mentirosa en la que aparece un Adolfo Suarez enfermo de espaldas al lado de un rey que le pasa\u00a0 el brazo por el hombro. Pura pose de un\u00a0 monarca que no toler\u00f3 que Suarez, tras las elecciones del 15 de junio de 1977 se sintiera legitimado por las urnas y quisiera volar solo. El rey hab\u00eda sido puesto\u00a0 en su Jefatura\u00a0 por Franco. Suarez estaba ah\u00ed, al principio por el dedazo del monarca, pero despu\u00e9s, por el voto popular. Eso le cre\u00f3 la gran enemistad del inquilino de la Zarzuela que se cre\u00eda con\u00a0 derecho al veto y a la ingerencia y fue \u00e9l, y nadie m\u00e1s que \u00e9l quien propici\u00f3 la ca\u00edda de Suarez en enero de 1981. Y Suarez dimiti\u00f3 \u00abpara que la democracia no sea un par\u00e9ntesis\u00bb. Desgraciadamente \u00a0veremos en su funeral a todos aquellos que lo persiguieron, abandonaron, e insultaron, darse golpes de pecho en un funeral de estado que ser\u00e1 una de las mayores contribuciones al teatro nacional de Valle Inclan.<\/p>\n<p>Y como en Catalunya su financiaci\u00f3n es uno de los principales caballos de batalla solo contar una vivencia con el ex presidente.<\/p>\n<p>El a\u00f1o 1980 fue el a\u00f1o del comienzo de la autonom\u00eda vasca. Ten\u00edamos el coche de la autonom\u00eda a punto \u00a0pero nos faltaba la gasolina de su financiaci\u00f3n. Gipuzkoa y Bizkaia hab\u00edan sido condenadas en 1937 a la p\u00e9rdida de su Concierto Econ\u00f3mico\u00a0 por haber sido \u00abprovincias traidoras al Movimiento Nacional\u00bb. Alava y Navarra, mantuvieron su pacto foral, y nuestros mayores, al inicio de la transici\u00f3n nos ped\u00edan y recordaban las tres demandas que deb\u00edamos hacer: estatuto de Autonom\u00eda, Concierto Econ\u00f3mico y el Capit\u00e1n\u00a0 General de la VI Regi\u00f3n militar con sede en Bilbao en lugar de que estuviera en Burgos.<\/p>\n<p>Y aquel a\u00f1o de 1980 fue un a\u00f1o duro. Puesta en marcha de la autonom\u00eda vasca con una ETA enloquecida que mat\u00f3 a m\u00e1s de cien personas y, nosotros reivindicando la devoluci\u00f3n del Concierto Econ\u00f3mico. Y al final Suarez, con Garc\u00eda A\u00f1overos, lo devolvi\u00f3. La explicaci\u00f3n nos la dio a Benegas y a m\u00ed el propio Suarez \u00a0en una cena en el Palacio Real: \u00abSolo cuando estuve decidido a dimitir abord\u00e9 la devoluci\u00f3n del Concierto. Las resistencias eran inmensas. Pero lo hice por justicia hist\u00f3rica. Hoy ser\u00eda imposible\u00a0 lograrlo y hasta de plantearlo\u00bb. Lo recuerdo v\u00edvidamente. Al poco la UCD desapareci\u00f3 y el 23 F Tejero y Armada daban su golpe militar cuartelero.<\/p>\n<p>Suarez fue un hombre valiente, no un demagogo del tres al cuarto al que se le va la fuerza por la boca. Hoy los pol\u00edticos quieren perdurar y mantenerse en el machito. Suarez dur\u00f3 poco, fundamentalmente porque se enfrent\u00f3 a los poderes f\u00e1cticos e hizo lo que crey\u00f3 que \u00a0ten\u00eda que hacer. Hoy, har\u00eda falta un Suarez en La Moncloa y no un Rajoy con el discurso de la Espa\u00f1a Una, Grande y Libre.<\/p>\n<p>He de decir que, sinceramente, me da asco esta pol\u00edtica espa\u00f1ola que ensalza\u00a0 a sus hombres solo cuando est\u00e1n moribundos\u00a0 y ya no les crean problemas. Y\u00a0 una sugerencia. Cuando le vean al rey en el futuro funeral, piensen que fue unos de los\u00a0 grandes responsables de la ca\u00edda de Suarez. Se dice que la hipocres\u00eda es el homenaje que el vicio concede a la virtud. Pues eso.<\/p>\n<!-- AddThis Advanced Settings generic via filter on the_content --><!-- AddThis Share Buttons generic via filter on the_content -->","protected":false},"excerpt":{"rendered":"<p>Viernes 21 de marzo de 2014 Acabo de editar un libro titulado \u00abJarrones Chinos\u00bb. En \u00e9l cuento la relaci\u00f3n que hemos tenido con los presidentes de\u00a0la \u00a0democracia espa\u00f1ola salvo con Arias Navarro. Y del elenco de presidentes (Suarez, Calvo Sotelo, Felipe Gonz\u00e1lez, Jos\u00e9 Mar\u00eda Aznar y Rodr\u00edguez Zapatero)\u00a0 solo salvo a Suarez. Por una raz\u00f3n &hellip; <a href=\"https:\/\/blogs.deia.eus\/anasagasti\/2014\/03\/21\/suarez-y-el-concierto-economico\/\" class=\"more-link\">Sigue leyendo <span class=\"screen-reader-text\">Suarez y el Concierto Econ\u00f3mico<\/span><\/a><!-- AddThis Advanced Settings generic via filter on get_the_excerpt --><!-- AddThis Share Buttons generic via filter on get_the_excerpt --><\/p>\n","protected":false},"author":19,"featured_media":0,"comment_status":"open","ping_status":"open","sticky":false,"template":"","format":"standard","meta":{"footnotes":""},"categories":[1],"tags":[],"class_list":["post-4876","post","type-post","status-publish","format-standard","hentry","category-general"],"_links":{"self":[{"href":"https:\/\/blogs.deia.eus\/anasagasti\/wp-json\/wp\/v2\/posts\/4876","targetHints":{"allow":["GET"]}}],"collection":[{"href":"https:\/\/blogs.deia.eus\/anasagasti\/wp-json\/wp\/v2\/posts"}],"about":[{"href":"https:\/\/blogs.deia.eus\/anasagasti\/wp-json\/wp\/v2\/types\/post"}],"author":[{"embeddable":true,"href":"https:\/\/blogs.deia.eus\/anasagasti\/wp-json\/wp\/v2\/users\/19"}],"replies":[{"embeddable":true,"href":"https:\/\/blogs.deia.eus\/anasagasti\/wp-json\/wp\/v2\/comments?post=4876"}],"version-history":[{"count":2,"href":"https:\/\/blogs.deia.eus\/anasagasti\/wp-json\/wp\/v2\/posts\/4876\/revisions"}],"predecessor-version":[{"id":4878,"href":"https:\/\/blogs.deia.eus\/anasagasti\/wp-json\/wp\/v2\/posts\/4876\/revisions\/4878"}],"wp:attachment":[{"href":"https:\/\/blogs.deia.eus\/anasagasti\/wp-json\/wp\/v2\/media?parent=4876"}],"wp:term":[{"taxonomy":"category","embeddable":true,"href":"https:\/\/blogs.deia.eus\/anasagasti\/wp-json\/wp\/v2\/categories?post=4876"},{"taxonomy":"post_tag","embeddable":true,"href":"https:\/\/blogs.deia.eus\/anasagasti\/wp-json\/wp\/v2\/tags?post=4876"}],"curies":[{"name":"wp","href":"https:\/\/api.w.org\/{rel}","templated":true}]}}