{"id":4879,"date":"2014-03-22T22:24:32","date_gmt":"2014-03-22T20:24:32","guid":{"rendered":"http:\/\/blogs.deia.com\/anasagasti\/?p=4879"},"modified":"2014-03-22T22:24:32","modified_gmt":"2014-03-22T20:24:32","slug":"azkuna-tres-libros-una-estatua-y-una-calle","status":"publish","type":"post","link":"https:\/\/blogs.deia.eus\/anasagasti\/2014\/03\/22\/azkuna-tres-libros-una-estatua-y-una-calle\/","title":{"rendered":"Azkuna: Tres libros, una estatua y una calle"},"content":{"rendered":"<p><b><strong><span style=\"color: #000000;font-size: medium\"><a href=\"http:\/\/blogs.deia.com\/anasagasti\/files\/2014\/03\/Azkuna.png\"><img loading=\"lazy\" decoding=\"async\" class=\"alignleft size-full wp-image-4880\" alt=\"Azkuna\" src=\"http:\/\/blogs.deia.com\/anasagasti\/files\/2014\/03\/Azkuna.png\" width=\"199\" height=\"240\" \/><\/a>S\u00e1bado 22 de marzo de 2014<\/span><\/strong><\/b><\/p>\n<p><span style=\"color: #000000;font-size: medium\">A I\u00f1aki Azkuna le conoc\u00ed cuando Arzalluz quiso nominarlo para ser elegido diputado en Madrid y llevar adelante la discusi\u00f3n de la ley de sanidad. \u00c9l prefiri\u00f3 la administraci\u00f3n y de ah\u00ed surge su brillante gesti\u00f3n en Osakidetza. Posteriormente le vimos como Consejero de Sanidad tras haber pasado por la Secretar\u00eda General de la presidencia en Ajuria Enea. Con \u00e9l y con Carmelo Saenz de la Maza trabaj\u00e1bamos en las<span style=\"font-family: Arial\">\u00a0 <\/span>elecciones<span style=\"font-family: Arial\">\u00a0 <\/span>vascas<span style=\"font-family: Arial\">\u00a0 <\/span>la candidatura del Lehendakari. En esos a\u00f1os viajamos a Dubl\u00edn a un congreso de la Democracia Cristiana y \u00e9l con Arzalluz y Ardanza fueron en un avioncito privado que les dio m\u00e1s de un susto. Aquel viaje fue motivo de comentario siempre que nos ve\u00edamos. Siempre que viajaba a Madrid nos avisaba y cen\u00e1bamos o com\u00edamos con \u00e9l.<\/span><\/p>\n<p><span style=\"color: #000000;font-size: medium\">Ya de alcalde le coment\u00e9 c\u00f3mo se iba a conmemorar un aniversario m\u00e1s del nacimiento en el Casco Viejo de Bilbao del primer Lehendakari, Jos\u00e9 Antonio de Aguirre y que esta personalidad clave del nacionalismo y de la ciudadan\u00eda no ten\u00eda un busto, ni una estatua, ni nada, en su ciudad natal. Cogi\u00f3 la copla enseguida y me dijo que averiguara quien era el mejor escultor realista y le encarg\u00f3 a Javier Ria\u00f1o de Bilbo Art que coordinara la edici\u00f3n de un libro con fotograf\u00edas y textos dedicados al Lehendakari. Dicho y hecho.<\/span><\/p>\n<p><span style=\"color: #000000;font-size: medium\">Al poco le llam\u00e9 y le dije que me hab\u00edan dicho que el artista adecuado era Francisco L\u00f3pez que terminaba esos d\u00edas unos bajorrelieves de la catedral de San Francisco. Contactamos con \u00e9l y fruto de aquella apuesta est\u00e1 Aguirre en la boca calle de Ercilla frente a la Plaza El\u00edptica y al lado del hotel Carlton donde estuvo la presidencia de aquel gobierno. Al poco se present\u00f3 el libro, que es una joya, con las fotograf\u00edas de Aguirre.<\/span><\/p>\n<p><span style=\"color: #000000;font-size: medium\">Tambi\u00e9n le plante\u00e9 en su d\u00eda la edici\u00f3n de un libro con las Memorias del alcalde Erkoreka y con las del republicano Luis Aranguren que inmediatamente fueron editadas. Era muy receptivo a este tipo de iniciativas. De \u00e9l pues saqu\u00e9, por decirlo coloquialmente, la edici\u00f3n de tres libros, cosa nada f\u00e1cil en una administraci\u00f3n como la vasca no muy dada a editar casi nada. Y a la estatua y a los tres libros, hay que a\u00f1adir<span style=\"font-family: Arial\">\u00a0 <\/span>que tambi\u00e9n logr\u00e9 que le dedicara una calle a Santiago Aznar, Concejal del Ayuntamiento de Bilbao y primer Consejero de Industria del primer Gobierno de Aguirre. No es mal balance. La receptividad de Azkuna era notable. Luego se sum\u00f3 la crisis a su enfermedad y ya no pudimos poner en marcha otras iniciativas.<\/span><\/p>\n<p><span style=\"color: #000000;font-size: medium\">En la hora de la muerte de Azkuna recupero el testimonio que escribi\u00f3 en relaci\u00f3n al Lehendakari donde plasm\u00f3 su visi\u00f3n de aquel pol\u00edtico vasco y de su relaci\u00f3n familiar con el mundo de Aguirre.<\/span><\/p>\n<p><span style=\"color: #000000;font-size: medium\">Este es mi homenaje a Azkuna en la hora del Agur.<\/span><\/p>\n<p><strong><span style=\"color: #000000;font-size: medium\">Pr\u00f3logo<\/span><\/strong><\/p>\n<p><span style=\"color: #000000;font-size: medium\">Siempre he tenido un profundo respeto por la figura del Lehendakari Agirre. Me lo inculcaron mis padres, desde la infancia. Escuch\u00e9 una y mil veces historias de \u00e9poca, del nacio\u00adnalismo, de alg\u00fan Aberri Eguna prohibido, de la guerra y de la postguerra. En ellas, el Lehendakari Agirre siempre sal\u00eda airoso en todo tiempo y lugar. Hab\u00eda veneraci\u00f3n en mi casa por este hombre que fue jugador del Athletic, Alcalde de Getxo y Lehendakari del primer Gobierno de Euskadi.<\/span><\/p>\n<p><span style=\"color: #000000;font-size: medium\">Mi padre se fue voluntario al frente, encuadr\u00e1ndole en el batall\u00f3n Kiriki\u00f1o. Estuvo en el Intxorta con el comandante Beldarrain. Cuando Bilbao viv\u00eda sus \u00faltimas horas frente a los fasciosos, con Leizaola manteniendo el orden y evitando que se dinamitara la Universidad de Deusto, tres batallones -refiere George Steer- la flor de la infanter\u00eda vasca, \u00abfueron enviados para realizar el supremo esfuerzo, ascendiendo las laderas del monte Archanda. En la historia del sacrificio de la sangre humana en aras de la democracia, los nombres del Kiriki\u00f1o, Itxasalde e Itxarkundia vivir\u00e1n para siempre\u00bb.<\/span><\/p>\n<p><span style=\"color: #000000;font-size: medium\">Luego, el repliegue hasta Santo\u00f1a, la c\u00e1rcel y el batall\u00f3n de trabajadores. Y la que ser\u00eda mi futura madre, en el exilio, en Angouleme. Mi padre me contaba que conoci\u00f3 Espa\u00f1a de c\u00e1rcel en c\u00e1rcel. Cuando me visitaba en mi \u00e9poca de estudiante en Salamanca, sol\u00eda desplazarse a Pe\u00f1aranda de Bracamente. Era su \u00abuniversidad\u00bb, donde estuvo en el batall\u00f3n de trabajadores y aprendi\u00f3 los rigores de la vida. Yo mismo conoc\u00ed a un viejo anarquista aragon\u00e9s con quien mi padre hizo amistad en la c\u00e1rcel de Torrero, en Zaragoza.<\/span><\/p>\n<p><span style=\"color: #000000;font-size: medium\">He contado esto porque fue lo habitual para miles de vascos. Otros tuvieron menos suerte y fueron fusilados o sufrieron el exilio.<\/span><\/p>\n<p><span style=\"color: #000000;font-size: medium\">Todo ello lo sab\u00eda el Lehendakari. Sab\u00eda lo que le iba a pasar a su pueblo, derrotado y humillado por defender la legalidad republicana, por defender la libertad de Euskadi. Observen las diferentes fotograf\u00edas del Lehendakari que recoge el libro. Ver\u00e1n la evoluci\u00f3n de la cara de aquel hombre optimista, llena de sufrimiento y de pesar por la suerte de su pueblo, sojuzgado durante d\u00e9cadas por el dictador que aniquil\u00f3 la Rep\u00fablica.<\/span><\/p>\n<p><span style=\"color: #000000;font-size: medium\">Agirre era hijo de una familia acomodada. Hu\u00e9rfano de padre desde muy joven y el mayor de una familia numerosa, tuvo que hacer frente a la nueva situaci\u00f3n. Buen deportista, lleg\u00f3 a jugar en el Athletic, pero pronto cambi\u00f3 de oficio para dedicarse a la pol\u00edtica. Militante del Partido Nacionalista Vasco, form\u00f3 parte de una nueva generaci\u00f3n de ilustres notables, junto a Leizaola, Irujo, Ajuriaguerra y Landaburu. Para m\u00ed, despu\u00e9s de la gran escisi\u00f3n del Partido y la reunificaci\u00f3n en la Asamblea de Bergara, esta generaci\u00f3n le dio consistencia poniendo de manifiesto un sentido humanista, una preocupaci\u00f3n por los m\u00e1s desfavorecidos y por la justicia social dentro de su amor por Euskadi. Pero con el tiempo demostrar\u00edan tambi\u00e9n su visi\u00f3n internacional y, en concreto, su pertenencia y apoyo a la construcci\u00f3n europea. No se entienden los movimientos europeos y la militancia en la democracia cristiana europea sin el concurso de esta generaci\u00f3n nacionalista. Ahora, que aparece tanto oportunista, hay que recordarles a aquellos como europe\u00edstas de la primera hora.<\/span><\/p>\n<p><span style=\"color: #000000;font-size: medium\">Pero la figura del Lehendakari se agiganta en la consecuci\u00f3n del Estatuto, en el camino amargo que tuvieron que soportar aquellos hombres y mujeres del PNV durante la instauraci\u00f3n de la Rep\u00fablica. Primero, con las derechas, y luego, con las izquierdas hasta que, declarada la guerra civil, tras el golpe de Estado que llev\u00f3 el poder al General Franco, se proclama el Estatuto en octubre de 1936, siendo elegido Jos\u00e9 Antonio de Agirre primer Lehendakari en un gobierno de concentraci\u00f3n formado por nacionalistas, socialistas, republicanos y comunistas. Agirre aun\u00f3 voluntades y fue el Lehendakari de todos los vascos.<\/span><\/p>\n<p><span style=\"color: #000000;font-size: medium\">La guerra fue implacable y, a pesar del esfuerzo y la sangre derramada por el Ej\u00e9rcito Vasco, el Eusko Gudaroztea, el Lehendakari y su Gobierno salieron hacia un exilio del que nunca regresar\u00eda a su tierra vasca.<\/span><\/p>\n<p><span style=\"color: #000000;font-size: medium\">Agirre era bilba\u00edno. Naci\u00f3 en el Casco Viejo y fue bautizado en los Santos Juanes. Fue Alcalde de Getxo, Diputado a Cortes y Lehendakari. El primer y \u00fanico lehendakari bilba\u00edno del Gobierno de Euskadi.<\/span><\/p>\n<p><span style=\"color: #000000;font-size: medium\">Como lehendakari vivi\u00f3 con su pueblo los avatares y el horror de la guerra, luchando en defensa de la Rep\u00fablica, legal y democr\u00e1ticamente constituida y por la libertad y la construcci\u00f3n nacional de Euskadi. Como Alcalde fue uno de los impulsores de una activa lucha municipal en pos del Estatuto.<\/span><\/p>\n<p><span style=\"color: #000000;font-size: medium\">Este libro, editado por el Ayuntamiento de la villa que le vio nacer, quiere honrar la memoria de aquel Lehendakari impulsor del Estatuto de Autonom\u00eda, respetuoso con sus adversarios, que afront\u00f3 una cruel guerra desigual contra un enemigo superior, que sufri\u00f3 con una enorme dignidad el exilio y que, al mismo tiempo, nos leg\u00f3 su amor por nuestro Pa\u00eds y por el euskera, su honda preocupaci\u00f3n social, su vocaci\u00f3n universal, el respeto a las personas de cualquier condici\u00f3n. Honrar al Lehendakari y a dos Consejeros de su Gobierno, al socialista Santiago Aznar y al republicano Alfredo Espinosa Orive, que fueron Concejales en el Ayuntamiento de Bilbao, el \u00faltimo de ellos fusilado por los fasciosos en plena guerra.<\/span><\/p>\n<p><span style=\"color: #000000;font-size: medium\">Yo animo al lector a introducirse en aquel personaje carism\u00e1tico, en el hombre que llev\u00f3 su vasquidad hasta su muerte all\u00e1 en Par\u00eds, viajando sus restos hasta su tierra vasca de San Juan de Luz (Donibane Lohitzun) donde reposan.<\/span><\/p>\n<p><span style=\"color: #000000;font-size: medium\">Y termino aclarando que este libro no podr\u00eda haberse editado sin la colaboraci\u00f3n y ayuda de los Sres. I\u00f1aki Anasagasti, Joseba de Agirre, Jos\u00e9 Luis Sabas y Javier Ria\u00f1o. A todos ellos mi agradecimiento.<\/span><\/p>\n<p><span style=\"color: #000000;font-size: medium\">I\u00f1aki AZKUNA<\/span><\/p>\n<p><span style=\"color: #000000;font-size: medium\">Alcalde de Bilbao<\/span><\/p>\n<p><span style=\"color: #000000;font-size: medium\">\u00a0<\/span><\/p>\n<!-- AddThis Advanced Settings generic via filter on the_content --><!-- AddThis Share Buttons generic via filter on the_content -->","protected":false},"excerpt":{"rendered":"<p>S\u00e1bado 22 de marzo de 2014 A I\u00f1aki Azkuna le conoc\u00ed cuando Arzalluz quiso nominarlo para ser elegido diputado en Madrid y llevar adelante la discusi\u00f3n de la ley de sanidad. \u00c9l prefiri\u00f3 la administraci\u00f3n y de ah\u00ed surge su brillante gesti\u00f3n en Osakidetza. Posteriormente le vimos como Consejero de Sanidad tras haber pasado por &hellip; <a href=\"https:\/\/blogs.deia.eus\/anasagasti\/2014\/03\/22\/azkuna-tres-libros-una-estatua-y-una-calle\/\" class=\"more-link\">Sigue leyendo <span class=\"screen-reader-text\">Azkuna: Tres libros, una estatua y una calle<\/span><\/a><!-- AddThis Advanced Settings generic via filter on get_the_excerpt --><!-- AddThis Share Buttons generic via filter on get_the_excerpt --><\/p>\n","protected":false},"author":19,"featured_media":0,"comment_status":"open","ping_status":"open","sticky":false,"template":"","format":"standard","meta":{"footnotes":""},"categories":[1],"tags":[],"class_list":["post-4879","post","type-post","status-publish","format-standard","hentry","category-general"],"_links":{"self":[{"href":"https:\/\/blogs.deia.eus\/anasagasti\/wp-json\/wp\/v2\/posts\/4879","targetHints":{"allow":["GET"]}}],"collection":[{"href":"https:\/\/blogs.deia.eus\/anasagasti\/wp-json\/wp\/v2\/posts"}],"about":[{"href":"https:\/\/blogs.deia.eus\/anasagasti\/wp-json\/wp\/v2\/types\/post"}],"author":[{"embeddable":true,"href":"https:\/\/blogs.deia.eus\/anasagasti\/wp-json\/wp\/v2\/users\/19"}],"replies":[{"embeddable":true,"href":"https:\/\/blogs.deia.eus\/anasagasti\/wp-json\/wp\/v2\/comments?post=4879"}],"version-history":[{"count":2,"href":"https:\/\/blogs.deia.eus\/anasagasti\/wp-json\/wp\/v2\/posts\/4879\/revisions"}],"predecessor-version":[{"id":4882,"href":"https:\/\/blogs.deia.eus\/anasagasti\/wp-json\/wp\/v2\/posts\/4879\/revisions\/4882"}],"wp:attachment":[{"href":"https:\/\/blogs.deia.eus\/anasagasti\/wp-json\/wp\/v2\/media?parent=4879"}],"wp:term":[{"taxonomy":"category","embeddable":true,"href":"https:\/\/blogs.deia.eus\/anasagasti\/wp-json\/wp\/v2\/categories?post=4879"},{"taxonomy":"post_tag","embeddable":true,"href":"https:\/\/blogs.deia.eus\/anasagasti\/wp-json\/wp\/v2\/tags?post=4879"}],"curies":[{"name":"wp","href":"https:\/\/api.w.org\/{rel}","templated":true}]}}