{"id":4884,"date":"2014-03-23T19:34:49","date_gmt":"2014-03-23T17:34:49","guid":{"rendered":"http:\/\/blogs.deia.com\/anasagasti\/?p=4884"},"modified":"2014-03-23T19:34:49","modified_gmt":"2014-03-23T17:34:49","slug":"con-los-venezolanos-por-la-gran-via-de-bilbao","status":"publish","type":"post","link":"https:\/\/blogs.deia.eus\/anasagasti\/2014\/03\/23\/con-los-venezolanos-por-la-gran-via-de-bilbao\/","title":{"rendered":"Con los Venezolanos por la Gran V\u00eda de Bilbao"},"content":{"rendered":"<p><b><strong><span style=\"color: #000000\"><a href=\"http:\/\/blogs.deia.com\/anasagasti\/files\/2014\/03\/Caminata.jpg\"><img loading=\"lazy\" decoding=\"async\" class=\"alignleft size-medium wp-image-4885\" alt=\"Caminata\" src=\"http:\/\/blogs.deia.com\/anasagasti\/files\/2014\/03\/Caminata-580x883.jpg\" width=\"580\" height=\"883\" srcset=\"https:\/\/blogs.deia.eus\/anasagasti\/files\/2014\/03\/Caminata-580x883.jpg 580w, https:\/\/blogs.deia.eus\/anasagasti\/files\/2014\/03\/Caminata.jpg 596w\" sizes=\"auto, (max-width: 580px) 100vw, 580px\" \/><\/a>Domingo, 23 de marzo de 2014<span style=\"font-family: Arial;font-size: medium\">\u00a0\u00a0\u00a0\u00a0\u00a0\u00a0\u00a0\u00a0\u00a0\u00a0\u00a0\u00a0 <\/span><\/span><\/strong><\/b><\/p>\n<p><span style=\"color: #000000\">Sexta concentraci\u00f3n desde los luctuosos hechos del 12 de febrero. La primera en San Ignacio, la segunda en la Plaza de Venezuela, la tercera en la Plaza Nueva, la cuarta en el Arriaga y este domingo en la Plaza El\u00edptica para, bajando por la Gran Via, llegar al Arriaga. Y eso sin contar las concentraciones de Iru\u00f1a, Donosti, Zumaia y Gasteiz. Poco a poco los venezolanos y vasco venezolanos van moviliz\u00e1ndose al estar motivados por lo que est\u00e1 ocurriendo en Venezuela.<\/span><\/p>\n<p><span style=\"color: #000000\">El domingo pasado en Donosti, un grupito de descerebrados de la Izquierda Abertzale, quisieron reventar la concentraci\u00f3n pac\u00edfica y pidiendo para Venezuela algo tan ins\u00f3lito para ellos como paz, democracia, libertad de expresi\u00f3n y el cese del desabastecimiento de los mercados y un m\u00ednimo de seguridad ciudadana. Menos mal que la ertzaintza estaba al quite.<\/span><\/p>\n<p><span style=\"color: #000000\">En esta \u00faltima de Bilbao <span style=\"font-family: Arial;font-size: medium\">\u00a0<\/span>hab\u00eda unas trescientas personas<span style=\"font-family: Arial;font-size: medium\">\u00a0 <\/span>que bajando por la Gran V\u00eda ped\u00eda estas cosas y al llegar al Arriaga entonar el Gloria al Bravo Pueblo, himno nacional. Y dar lectura a una serie de escritos de la oposici\u00f3n democr\u00e1tica de Venezuela. Y se han pedido dos minutos de silencio. Uno para los muertos de Venezuela y otro<span style=\"font-family: Arial;font-size: medium\">\u00a0 <\/span>en recuerdo del alcalde de Bilbao cuya bandera a media asta, ornaba la plaza. Todo un detalle.<\/span><\/p>\n<p><span style=\"color: #000000\">La situaci\u00f3n en Venezuela empeora y<span style=\"font-family: Arial;font-size: medium\">\u00a0 <\/span>en las conversaciones de la gente, una pregunta. \u00bfCu\u00e1ntos muertos quiere la prensa<span style=\"font-family: Arial;font-size: medium\">\u00a0 <\/span>vasca que haya para que seamos noticia?.<\/span><\/p>\n<p><span style=\"color: #000000\">Tienen toda la raz\u00f3n. Sobre todo teniendo en cuenta lo que ha significado Venezuela durante los cuarenta a\u00f1os de exilio vasco. Pero tenemos el periodismo que tenemos. Confunden izquierda con populismo barato y ser\u00edan incapaces de vivir una semana en el reino de Maduro, pero parecer\u00eda que es lo que se quiere para Venezuela. Pero los venezolanos no quieren eso.<\/span><\/p>\n<p><span style=\"color: #000000\">Y \u00e9sto no ha hecho m\u00e1s que empezar.<\/span><\/p>\n<!-- AddThis Advanced Settings generic via filter on the_content --><!-- AddThis Share Buttons generic via filter on the_content -->","protected":false},"excerpt":{"rendered":"<p>Domingo, 23 de marzo de 2014\u00a0\u00a0\u00a0\u00a0\u00a0\u00a0\u00a0\u00a0\u00a0\u00a0\u00a0\u00a0 Sexta concentraci\u00f3n desde los luctuosos hechos del 12 de febrero. La primera en San Ignacio, la segunda en la Plaza de Venezuela, la tercera en la Plaza Nueva, la cuarta en el Arriaga y este domingo en la Plaza El\u00edptica para, bajando por la Gran Via, llegar al Arriaga. &hellip; <a href=\"https:\/\/blogs.deia.eus\/anasagasti\/2014\/03\/23\/con-los-venezolanos-por-la-gran-via-de-bilbao\/\" class=\"more-link\">Sigue leyendo <span class=\"screen-reader-text\">Con los Venezolanos por la Gran V\u00eda de Bilbao<\/span><\/a><!-- AddThis Advanced Settings generic via filter on get_the_excerpt --><!-- AddThis Share Buttons generic via filter on get_the_excerpt --><\/p>\n","protected":false},"author":19,"featured_media":0,"comment_status":"open","ping_status":"open","sticky":false,"template":"","format":"standard","meta":{"footnotes":""},"categories":[1],"tags":[],"class_list":["post-4884","post","type-post","status-publish","format-standard","hentry","category-general"],"_links":{"self":[{"href":"https:\/\/blogs.deia.eus\/anasagasti\/wp-json\/wp\/v2\/posts\/4884","targetHints":{"allow":["GET"]}}],"collection":[{"href":"https:\/\/blogs.deia.eus\/anasagasti\/wp-json\/wp\/v2\/posts"}],"about":[{"href":"https:\/\/blogs.deia.eus\/anasagasti\/wp-json\/wp\/v2\/types\/post"}],"author":[{"embeddable":true,"href":"https:\/\/blogs.deia.eus\/anasagasti\/wp-json\/wp\/v2\/users\/19"}],"replies":[{"embeddable":true,"href":"https:\/\/blogs.deia.eus\/anasagasti\/wp-json\/wp\/v2\/comments?post=4884"}],"version-history":[{"count":3,"href":"https:\/\/blogs.deia.eus\/anasagasti\/wp-json\/wp\/v2\/posts\/4884\/revisions"}],"predecessor-version":[{"id":4888,"href":"https:\/\/blogs.deia.eus\/anasagasti\/wp-json\/wp\/v2\/posts\/4884\/revisions\/4888"}],"wp:attachment":[{"href":"https:\/\/blogs.deia.eus\/anasagasti\/wp-json\/wp\/v2\/media?parent=4884"}],"wp:term":[{"taxonomy":"category","embeddable":true,"href":"https:\/\/blogs.deia.eus\/anasagasti\/wp-json\/wp\/v2\/categories?post=4884"},{"taxonomy":"post_tag","embeddable":true,"href":"https:\/\/blogs.deia.eus\/anasagasti\/wp-json\/wp\/v2\/tags?post=4884"}],"curies":[{"name":"wp","href":"https:\/\/api.w.org\/{rel}","templated":true}]}}