{"id":4890,"date":"2014-03-24T21:45:14","date_gmt":"2014-03-24T19:45:14","guid":{"rendered":"http:\/\/blogs.deia.com\/anasagasti\/?p=4890"},"modified":"2014-03-24T21:45:14","modified_gmt":"2014-03-24T19:45:14","slug":"en-la-capilla-ardiente-de-suarez","status":"publish","type":"post","link":"https:\/\/blogs.deia.eus\/anasagasti\/2014\/03\/24\/en-la-capilla-ardiente-de-suarez\/","title":{"rendered":"En la Capilla ardiente de Suarez"},"content":{"rendered":"<p><b><strong><a href=\"http:\/\/blogs.deia.com\/anasagasti\/files\/2014\/03\/Suarez.png\"><img loading=\"lazy\" decoding=\"async\" class=\"alignleft size-full wp-image-4891\" alt=\"Suarez\" src=\"http:\/\/blogs.deia.com\/anasagasti\/files\/2014\/03\/Suarez.png\" width=\"290\" height=\"174\" \/><\/a>Lunes 24 de marzo de 2014<\/strong><\/b><\/p>\n<p>He estado en el Congreso de los Diputados en la capilla ardiente del ex presidente Suarez. En la antesala he saludado al general Roldan, jefe del CNI y a Antonio Garrigues Walker, quien me ha hablado muy bien de I\u00f1aki Azkuna. Y he llegado al sal\u00f3n que llaman de \u00ablos pasos perdidos\u00bb donde un d\u00eda el lehendakari Leizaola me dijo donde se sentaban los diputados vascos en las horas muertas de los plenos republicanos.<\/p>\n<p>Adolfo el hijo mayor me ha atendido cari\u00f1osamente. Yo la v\u00edspera hab\u00eda hablado de la valent\u00eda y el coraje de su padre y me ha agradecido esos dos adjetivos y\u00a0 ha pronunciado la palabra\u00a0 ESKERRIK ASKO varias veces. Recordaba la makilla que le regalamos con el premio EUZKADI y me ha recitado la frase que le pusimos en la parte de\u00a0 abajo del bast\u00f3n. Pero no solo\u00a0 me lo ha dicho Adolfo hijo, sino S\u00f3nsoles y otro hijo. Se ve que aquello le marc\u00f3 de tal manera que sus hijos me lo han recitado\u00a0 con gran veneraci\u00f3n.<\/p>\n<p>Luego he vuelto al despacho y al encender la televisi\u00f3n le he visto a Alfonso Guerra hablar maravillas de Suarez y he recordado como le llam\u00f3 \u00abtahur del Missisipi\u00bb y lindezas parecidas en una moci\u00f3n de censura que lo debilit\u00f3 fuertemente. No hay como morirse para que hablen maravillas de ti.<\/p>\n<p>Suarez se qued\u00f3 sin partido, sin amigos, sin financiaci\u00f3n y fue el rey quien le dej\u00f3 en la estacada cuando quiso nombrarle al golpista Alfonso Armada segundo jefe del estado mayor del ej\u00e9rcito y Suarez se neg\u00f3. Para que luego nos vengan con la milonga de que el 23 F, el rey salv\u00f3 a la democracia.<\/p>\n<p>Hoy aquella transici\u00f3n, con los Aznar, Rajoy, Cospedal, Zapatero, Rubalcaba, Gallardon y dem\u00e1s no hubiera sido posible. Y aunque no quedamos satisfechos al cien por cien, reconocemos que se gan\u00f3 un sitio en la historia. Por eso le dimos el premio EUZKADI. Y se lo dieron Xabier Arzalluz y Jos\u00e9 M. Makua.<\/p>\n<p><span style=\"color: #000000;font-family: Calibri;font-size: medium\">\u00a0<\/span><\/p>\n<!-- AddThis Advanced Settings generic via filter on the_content --><!-- AddThis Share Buttons generic via filter on the_content -->","protected":false},"excerpt":{"rendered":"<p>Lunes 24 de marzo de 2014 He estado en el Congreso de los Diputados en la capilla ardiente del ex presidente Suarez. En la antesala he saludado al general Roldan, jefe del CNI y a Antonio Garrigues Walker, quien me ha hablado muy bien de I\u00f1aki Azkuna. Y he llegado al sal\u00f3n que llaman de &hellip; <a href=\"https:\/\/blogs.deia.eus\/anasagasti\/2014\/03\/24\/en-la-capilla-ardiente-de-suarez\/\" class=\"more-link\">Sigue leyendo <span class=\"screen-reader-text\">En la Capilla ardiente de Suarez<\/span><\/a><!-- AddThis Advanced Settings generic via filter on get_the_excerpt --><!-- AddThis Share Buttons generic via filter on get_the_excerpt --><\/p>\n","protected":false},"author":19,"featured_media":0,"comment_status":"open","ping_status":"open","sticky":false,"template":"","format":"standard","meta":{"footnotes":""},"categories":[1],"tags":[],"class_list":["post-4890","post","type-post","status-publish","format-standard","hentry","category-general"],"_links":{"self":[{"href":"https:\/\/blogs.deia.eus\/anasagasti\/wp-json\/wp\/v2\/posts\/4890","targetHints":{"allow":["GET"]}}],"collection":[{"href":"https:\/\/blogs.deia.eus\/anasagasti\/wp-json\/wp\/v2\/posts"}],"about":[{"href":"https:\/\/blogs.deia.eus\/anasagasti\/wp-json\/wp\/v2\/types\/post"}],"author":[{"embeddable":true,"href":"https:\/\/blogs.deia.eus\/anasagasti\/wp-json\/wp\/v2\/users\/19"}],"replies":[{"embeddable":true,"href":"https:\/\/blogs.deia.eus\/anasagasti\/wp-json\/wp\/v2\/comments?post=4890"}],"version-history":[{"count":3,"href":"https:\/\/blogs.deia.eus\/anasagasti\/wp-json\/wp\/v2\/posts\/4890\/revisions"}],"predecessor-version":[{"id":4894,"href":"https:\/\/blogs.deia.eus\/anasagasti\/wp-json\/wp\/v2\/posts\/4890\/revisions\/4894"}],"wp:attachment":[{"href":"https:\/\/blogs.deia.eus\/anasagasti\/wp-json\/wp\/v2\/media?parent=4890"}],"wp:term":[{"taxonomy":"category","embeddable":true,"href":"https:\/\/blogs.deia.eus\/anasagasti\/wp-json\/wp\/v2\/categories?post=4890"},{"taxonomy":"post_tag","embeddable":true,"href":"https:\/\/blogs.deia.eus\/anasagasti\/wp-json\/wp\/v2\/tags?post=4890"}],"curies":[{"name":"wp","href":"https:\/\/api.w.org\/{rel}","templated":true}]}}