{"id":4895,"date":"2014-03-25T22:35:05","date_gmt":"2014-03-25T20:35:05","guid":{"rendered":"http:\/\/blogs.deia.com\/anasagasti\/?p=4895"},"modified":"2014-03-25T22:35:05","modified_gmt":"2014-03-25T20:35:05","slug":"la-escalinata-de-las-flores","status":"publish","type":"post","link":"https:\/\/blogs.deia.eus\/anasagasti\/2014\/03\/25\/la-escalinata-de-las-flores\/","title":{"rendered":"La Escalinata de las flores"},"content":{"rendered":"<p><b><strong>Martes 25 de marzo de 2014<\/strong><\/b><\/p>\n<p>El doming<a href=\"http:\/\/blogs.deia.com\/anasagasti\/files\/2014\/03\/335.14_1.jpg\"><img loading=\"lazy\" decoding=\"async\" class=\"alignleft size-full wp-image-4896\" alt=\"335.14_1\" src=\"http:\/\/blogs.deia.com\/anasagasti\/files\/2014\/03\/335.14_1.jpg\" width=\"160\" height=\"120\" \/><\/a>o acud\u00ed a una manifestaci\u00f3n en pro de los \u00a0derechos humanos en Venezuela. Una marcha recorri\u00f3 la Gran V\u00eda desde la plaza El\u00edptica al Arriaga. Mucha gente comprometida. Se guard\u00f3 un minuto de silencio en recuerdo del alcalde fallecido. Un detalle de los venezolanos all\u00ed presentes, que eran muchos y m\u00e1s que la ocasi\u00f3n anterior.<\/p>\n<p>Tras terminar la marcha pas\u00e9 delante del ayuntamiento y saqu\u00e9 esta fotograf\u00eda. Impresionante. Toda la escalinata estaba llena de ramos de flores. Jam\u00e1s hab\u00eda visto algo parecido.<\/p>\n<p>Y recib\u00ed tres mensajes. Uno de Tontxu Rodr\u00edguez ex alcalde de Barakaldo para solidarizarse con la familia. Otro de Benegas y un tercero de Rub\u00e9n Moreno, consejero de sanidad del PP en Valencia que coincidi\u00f3 con Azkuna en sus etapas, los dos, de consejeros de sanidad. Y en Madrid han sido varios los que se han acercado para lo mismo. Destaco el hecho porque no es f\u00e1cil conectar con la opini\u00f3n p\u00fablica, con la publicada y con la llamada clase pol\u00edtica. Y Azkuna lo consigui\u00f3. Que conste.<\/p>\n<!-- AddThis Advanced Settings generic via filter on the_content --><!-- AddThis Share Buttons generic via filter on the_content -->","protected":false},"excerpt":{"rendered":"<p>Martes 25 de marzo de 2014 El domingo acud\u00ed a una manifestaci\u00f3n en pro de los \u00a0derechos humanos en Venezuela. Una marcha recorri\u00f3 la Gran V\u00eda desde la plaza El\u00edptica al Arriaga. Mucha gente comprometida. Se guard\u00f3 un minuto de silencio en recuerdo del alcalde fallecido. Un detalle de los venezolanos all\u00ed presentes, que eran &hellip; <a href=\"https:\/\/blogs.deia.eus\/anasagasti\/2014\/03\/25\/la-escalinata-de-las-flores\/\" class=\"more-link\">Sigue leyendo <span class=\"screen-reader-text\">La Escalinata de las flores<\/span><\/a><!-- AddThis Advanced Settings generic via filter on get_the_excerpt --><!-- AddThis Share Buttons generic via filter on get_the_excerpt --><\/p>\n","protected":false},"author":19,"featured_media":0,"comment_status":"open","ping_status":"open","sticky":false,"template":"","format":"standard","meta":{"footnotes":""},"categories":[1],"tags":[],"class_list":["post-4895","post","type-post","status-publish","format-standard","hentry","category-general"],"_links":{"self":[{"href":"https:\/\/blogs.deia.eus\/anasagasti\/wp-json\/wp\/v2\/posts\/4895","targetHints":{"allow":["GET"]}}],"collection":[{"href":"https:\/\/blogs.deia.eus\/anasagasti\/wp-json\/wp\/v2\/posts"}],"about":[{"href":"https:\/\/blogs.deia.eus\/anasagasti\/wp-json\/wp\/v2\/types\/post"}],"author":[{"embeddable":true,"href":"https:\/\/blogs.deia.eus\/anasagasti\/wp-json\/wp\/v2\/users\/19"}],"replies":[{"embeddable":true,"href":"https:\/\/blogs.deia.eus\/anasagasti\/wp-json\/wp\/v2\/comments?post=4895"}],"version-history":[{"count":5,"href":"https:\/\/blogs.deia.eus\/anasagasti\/wp-json\/wp\/v2\/posts\/4895\/revisions"}],"predecessor-version":[{"id":4901,"href":"https:\/\/blogs.deia.eus\/anasagasti\/wp-json\/wp\/v2\/posts\/4895\/revisions\/4901"}],"wp:attachment":[{"href":"https:\/\/blogs.deia.eus\/anasagasti\/wp-json\/wp\/v2\/media?parent=4895"}],"wp:term":[{"taxonomy":"category","embeddable":true,"href":"https:\/\/blogs.deia.eus\/anasagasti\/wp-json\/wp\/v2\/categories?post=4895"},{"taxonomy":"post_tag","embeddable":true,"href":"https:\/\/blogs.deia.eus\/anasagasti\/wp-json\/wp\/v2\/tags?post=4895"}],"curies":[{"name":"wp","href":"https:\/\/api.w.org\/{rel}","templated":true}]}}