{"id":4902,"date":"2014-03-26T22:10:26","date_gmt":"2014-03-26T20:10:26","guid":{"rendered":"http:\/\/blogs.deia.com\/anasagasti\/?p=4902"},"modified":"2014-03-26T22:10:26","modified_gmt":"2014-03-26T20:10:26","slug":"atentado-chavista-contra-la-diputada-maria-corina-machado","status":"publish","type":"post","link":"https:\/\/blogs.deia.eus\/anasagasti\/2014\/03\/26\/atentado-chavista-contra-la-diputada-maria-corina-machado\/","title":{"rendered":"Atentado Chavista contra la diputada Mar\u00eda Corina Machado"},"content":{"rendered":"<p><strong><span style=\"color: #000000\"><a href=\"http:\/\/blogs.deia.com\/anasagasti\/files\/2014\/03\/Corina.jpg\"><img loading=\"lazy\" decoding=\"async\" class=\"alignleft size-full wp-image-4903\" alt=\"Corina\" src=\"http:\/\/blogs.deia.com\/anasagasti\/files\/2014\/03\/Corina.jpg\" width=\"200\" height=\"129\" \/><\/a>Mi\u00e9rcoles 26 de marzo de 2014<\/span><\/strong><\/p>\n<p><span style=\"color: #000000\">Exigieron que ma\u00f1ana\u00a0\u00a0se incorpore en la orden del d\u00eda de la AN un debate en cadena nacional<\/span><\/p>\n<p><span style=\"color: #000000\">Unidad asegura que medida contra Mar\u00eda Machado amenaza con la integridad de la AN<\/span><\/p>\n<p><span style=\"color: #000000\">Aveledo: El fuero de los alcaldes tambi\u00e9n\u00a0\u00a0est\u00e1 agredido. \u201cHay dos alcaldes presos y otros amenazados\u201d<\/span><\/p>\n<p><span style=\"color: #000000\">(Prensa Unidad Venezuela 24\/03\/2014)\u00a0El secretario ejecutivo de la Mesa de la Unidad Democr\u00e1tica, Ram\u00f3n Guillermo Aveledo, se pronunci\u00f3 sobre la decisi\u00f3n del presidente de la Asamblea Nacional, Diosdado Cabello -en rueda de prensa- de retirar la investidura de diputada a Mar\u00eda Corina Machado. Asegura que el parlamentario se atribuye un poder que \u201cno tiene\u201d y que esta medida la hab\u00eda avisado en d\u00edas pasados, \u201chab\u00eda anunciado lo que todos sabemos (\u2026) que hay una persecuci\u00f3n pol\u00edtica\u201d.<\/span><\/p>\n<p><span style=\"color: #000000\">\u201cSe desconoce la investidura, se desconoce el voto de los ciudadanos y se amenaza la integridad de toda la Asamblea\u201d.<\/span><\/p>\n<p><span style=\"color: #000000\">Desde la Mesa, ampararon la integridad del Poder Legislativo \u201cestamos defendiendo la cuna donde naci\u00f3\u00a0 la patria\u201d.<\/span><\/p>\n<p><span style=\"color: #000000\">Indic\u00f3 que a pesar de las diferencias est\u00e1n unidos para salvaguardar no solo a una compa\u00f1era, sino a la instituci\u00f3n. Asimismo,\u00a0\u00a0se\u00f1al\u00f3 que el hecho de que haya parlamento que pueda deliberar y\u00a0\u00a0discutir libremente\u00a0\u00a0es un logro que a los venezolanos les cost\u00f3 mucho.<\/span><\/p>\n<p><span style=\"color: #000000\">Record\u00f3 que cuando\u00a0\u00a0Venezuela quiso ser independiente eligi\u00f3 un congreso y vino la independencia.<\/span><\/p>\n<p><span style=\"color: #000000\">Por otra parte, manifest\u00f3 que el fuero de los alcaldes tambi\u00e9n\u00a0\u00a0est\u00e1 \u201cagredido\u201d. \u201cHay dos alcaldes presos y otros amenazados\u201d.<\/span><\/p>\n<p><span style=\"color: #000000\">Por su parte, el alcalde Metropolitano, Antonio Ledezma, fue enf\u00e1tico explicar que la situaci\u00f3n con Machado estaba \u201ccantada\u201d. \u201cYa Diosdado Cabello hab\u00eda linchado a Mar\u00eda Corina Machado, no la dejaron hablar en el parlamento para defenderse ante los salvajes ataques a los que fue v\u00edctima y no quieren que hable en la OEA, pues\u00a0\u00a0se lavan a tener que calar en la OEA, en la ONU\u201d.<\/span><\/p>\n<p><span style=\"color: #000000\">Dijo que \u201cno traicionaron a la patria\u201d al promover una marcha para rechazar la \u201cinvasi\u00f3n\u201d de los hermanos Castro. Para el alcalde traici\u00f3n a la patria es mandarle diariamente a Cuba recursos.<\/span><\/p>\n<p><span style=\"color: #000000\">Exhort\u00f3 al presidente, Nicol\u00e1s Maduro,\u00a0\u00a0a visitar a los barrios del pa\u00eds y le indic\u00f3 que hay basura y protestan por la inseguridad, por buscar una bobona de gas, conseguir servicios de salud y reclaman harina de ma\u00edz y aceite.<\/span><\/p>\n<p><span style=\"color: #000000\">\u201cTienen que darle una explicaci\u00f3n a las mujeres por el alza de los precios del caf\u00e9 y de la leche\u201d.<\/span><\/p>\n<p><span style=\"color: #000000\">Para Ledezma, el Gobierno le pone una \u201cbota\u201d a la Constituci\u00f3n Nacional, \u201cviolando el art\u00edculo 328\u201d.\u00a0<\/span><\/p>\n<p><span style=\"color: #000000\">Asimismo, el diputado Jos\u00e9 Manuel Gonz\u00e1lez asever\u00f3 que Cabello\u00a0\u00a0no tiene facultad para destituir,\u00a0\u00a0ni descalificar a ninguno de los diputados y que el parlamentario act\u00faa \u201cal margen de la legalidad\u201d.<\/span><\/p>\n<p><span style=\"color: #000000\">\u00a0\u201cSon las dos terceras partes que puede destituir a los diputados (\u2026) no tienen las dos terceras partes para poder lograr ese objetivo\u201d.<\/span><\/p>\n<p><span style=\"color: #000000\">Exigieron que ma\u00f1ana\u00a0\u00a0se incorpore en la orden del d\u00eda un debate en cadena nacional sobre el caso de Machado \u201cpara que argumenten sus mentiras e ilegalidades, para nosotros argumentar la verdad\u201d.<\/span><\/p>\n<p><span style=\"color: #000000\">En los pr\u00f3ximos d\u00edas indicar\u00e1n nuevas\u00a0\u00a0acciones pac\u00edficas.<\/span><\/p>\n<p><span style=\"color: #000000\">\u00a0<\/span><\/p>\n<!-- AddThis Advanced Settings generic via filter on the_content --><!-- AddThis Share Buttons generic via filter on the_content -->","protected":false},"excerpt":{"rendered":"<p>Mi\u00e9rcoles 26 de marzo de 2014 Exigieron que ma\u00f1ana\u00a0\u00a0se incorpore en la orden del d\u00eda de la AN un debate en cadena nacional Unidad asegura que medida contra Mar\u00eda Machado amenaza con la integridad de la AN Aveledo: El fuero de los alcaldes tambi\u00e9n\u00a0\u00a0est\u00e1 agredido. \u201cHay dos alcaldes presos y otros amenazados\u201d (Prensa Unidad Venezuela &hellip; <a href=\"https:\/\/blogs.deia.eus\/anasagasti\/2014\/03\/26\/atentado-chavista-contra-la-diputada-maria-corina-machado\/\" class=\"more-link\">Sigue leyendo <span class=\"screen-reader-text\">Atentado Chavista contra la diputada Mar\u00eda Corina Machado<\/span><\/a><!-- AddThis Advanced Settings generic via filter on get_the_excerpt --><!-- AddThis Share Buttons generic via filter on get_the_excerpt --><\/p>\n","protected":false},"author":19,"featured_media":0,"comment_status":"open","ping_status":"open","sticky":false,"template":"","format":"standard","meta":{"footnotes":""},"categories":[1],"tags":[],"class_list":["post-4902","post","type-post","status-publish","format-standard","hentry","category-general"],"_links":{"self":[{"href":"https:\/\/blogs.deia.eus\/anasagasti\/wp-json\/wp\/v2\/posts\/4902","targetHints":{"allow":["GET"]}}],"collection":[{"href":"https:\/\/blogs.deia.eus\/anasagasti\/wp-json\/wp\/v2\/posts"}],"about":[{"href":"https:\/\/blogs.deia.eus\/anasagasti\/wp-json\/wp\/v2\/types\/post"}],"author":[{"embeddable":true,"href":"https:\/\/blogs.deia.eus\/anasagasti\/wp-json\/wp\/v2\/users\/19"}],"replies":[{"embeddable":true,"href":"https:\/\/blogs.deia.eus\/anasagasti\/wp-json\/wp\/v2\/comments?post=4902"}],"version-history":[{"count":2,"href":"https:\/\/blogs.deia.eus\/anasagasti\/wp-json\/wp\/v2\/posts\/4902\/revisions"}],"predecessor-version":[{"id":4905,"href":"https:\/\/blogs.deia.eus\/anasagasti\/wp-json\/wp\/v2\/posts\/4902\/revisions\/4905"}],"wp:attachment":[{"href":"https:\/\/blogs.deia.eus\/anasagasti\/wp-json\/wp\/v2\/media?parent=4902"}],"wp:term":[{"taxonomy":"category","embeddable":true,"href":"https:\/\/blogs.deia.eus\/anasagasti\/wp-json\/wp\/v2\/categories?post=4902"},{"taxonomy":"post_tag","embeddable":true,"href":"https:\/\/blogs.deia.eus\/anasagasti\/wp-json\/wp\/v2\/tags?post=4902"}],"curies":[{"name":"wp","href":"https:\/\/api.w.org\/{rel}","templated":true}]}}