{"id":4909,"date":"2014-03-28T21:49:16","date_gmt":"2014-03-28T19:49:16","guid":{"rendered":"http:\/\/blogs.deia.com\/anasagasti\/?p=4909"},"modified":"2014-03-28T21:49:16","modified_gmt":"2014-03-28T19:49:16","slug":"comunicado-de-maria-corina-machado","status":"publish","type":"post","link":"https:\/\/blogs.deia.eus\/anasagasti\/2014\/03\/28\/comunicado-de-maria-corina-machado\/","title":{"rendered":"Comunicado de Mar\u00eda Corina Machado"},"content":{"rendered":"<p><strong><span style=\"color: #000000\"><a href=\"http:\/\/blogs.deia.com\/anasagasti\/files\/2014\/03\/Corina-con-bandera.jpg\"><img loading=\"lazy\" decoding=\"async\" class=\"alignleft size-full wp-image-4910\" alt=\"Corina con bandera\" src=\"http:\/\/blogs.deia.com\/anasagasti\/files\/2014\/03\/Corina-con-bandera.jpg\" width=\"200\" height=\"134\" \/><\/a><\/span><\/strong><strong><span style=\"color: #000000\">Viernes 28 de marzo de 2014<\/span><\/strong><\/p>\n<p><span style=\"color: #000000\">El pueblo de Venezuela me eligi\u00f3 diputada en el a\u00f1o 2010 por mandato de la Constituci\u00f3n y en ejercicio de su poder soberano. \u00bfC\u00f3mo puede terminar ese mandato popular?. <span style=\"font-family: Arial;font-size: medium\">\u00a0<\/span>La Constituci\u00f3n establece que el mandato de un diputado a la Asamblea Nacional de la Rep\u00fablica Bolivariana de Venezuela solo puede terminar cuando se produzca una de cuatro situaciones: la primera, la muerte. La segunda, la renuncia. La tercera, a trav\u00e9s de un Refer\u00e9ndum Revocatorio. La cuarta, a trav\u00e9s de un tribunal de justicia, mediante una sentencia condenatoria posterior a antejuicio de m\u00e9rito en el Tribunal Supremo de Justicia y allanamiento de la inmunidad parlamentaria, tal como establece el art\u00edculo 200. Ninguna de estas condiciones tiene lugar en mi caso.<\/span><\/p>\n<p><span style=\"color: #000000\">El Presidente de la Asamblea Nacional y la Directiva de la misma, no tienen potestad alguna para destituir a un diputado de su cargo. Solamente podr\u00eda la Plenaria de la Asamblea, separarme de mi cargo temporalmente, por una decisi\u00f3n mayoritaria de las dos terceras partes de sus integrantes, como establece el art\u00edculo 187 de la Constituci\u00f3n. Como el oficialismo sabe que son minor\u00eda, dentro y fuera de la Asamblea Nacional, no buscan cumplir este requisito. En todo caso, la separaci\u00f3n que se contempla nunca ser\u00eda definitiva. La separaci\u00f3n absoluta no est\u00e1 contemplada en la Constituci\u00f3n y nunca podr\u00e1 emanar del Presidente de la Asamblea Nacional, y mucho menos, del Presidente de la Rep\u00fablica.<\/span><\/p>\n<p><span style=\"color: #000000\">Argumenta el R\u00e9gimen que haber tomado la palabra en la silla de la Delegaci\u00f3n de Panam\u00e1 ante la Organizaci\u00f3n de Estados Americanos trae consigo la p\u00e9rdida de mi investidura parlamentaria. Quieren ignorar que s\u00f3lo se trata del ejercicio de un derecho de palabra inherente a mi ejercicio como parlamentaria venezolana. La facilitaci\u00f3n para un derecho de palabra a un ciudadano de otra naci\u00f3n es un mecanismo para defender la democracia y el sistema de libertades que ha sido utilizado varias veces en la historia de esta Organizaci\u00f3n. Es una funci\u00f3n absolutamente accidental, cuya aceptaci\u00f3n est\u00e1 expresamente permitida por el art\u00edculo 191 de la Constituci\u00f3n. Como Diputada no soy funcionaria de la Administraci\u00f3n P\u00fablica. La actuaci\u00f3n del r\u00e9gimen en mi contra es un burdo pretexto. Significa un abuso del poder que busca silenciar mi voz, obviar mi inmunidad, las prerrogativas parlamentarias y poder detenerme sin la garant\u00eda del debido proceso y del derecho a la defensa, violando todo lo contemplado en la Convenci\u00f3n Americana de Derechos Humanos.<\/span><\/p>\n<p><span style=\"color: #000000\">\u00bfA qu\u00e9 le teme Nicol\u00e1s Maduro? \u00bfPor qu\u00e9 el empe\u00f1o en silenciarme?\u00a0Le teme a la verdad, le teme a la denuncia, le teme a la protesta pac\u00edfica.\u00a0No soporta Maduro el que mi voz sea la voz de aquellos que \u00e9l pretende silenciar. La inmensa mayor\u00eda de los venezolanos queremos la reconciliaci\u00f3n y el di\u00e1logo. Pero el di\u00e1logo s\u00f3lo es posible cuando media el respeto y el reconocimiento. El gobierno venezolano pretende mediante la represi\u00f3n, el asesinato, la tortura y la c\u00e1rcel, callar a esa mayor\u00eda del pa\u00eds que rechaza sus pr\u00e1cticas y con quien afirma querer dialogar. Su comportamiento dictatorial solo logra darnos m\u00e1s razones y fuerza para nuestra lucha c\u00edvica, pac\u00edfica y firme hasta conquistar la democracia y la libertad.<\/span><\/p>\n<p><span style=\"color: #000000\">Mar\u00eda Corina Machado<\/span><\/p>\n<p><span style=\"color: #000000\">\u00a0<\/span><\/p>\n<!-- AddThis Advanced Settings generic via filter on the_content --><!-- AddThis Share Buttons generic via filter on the_content -->","protected":false},"excerpt":{"rendered":"<p>Viernes 28 de marzo de 2014 El pueblo de Venezuela me eligi\u00f3 diputada en el a\u00f1o 2010 por mandato de la Constituci\u00f3n y en ejercicio de su poder soberano. \u00bfC\u00f3mo puede terminar ese mandato popular?. \u00a0La Constituci\u00f3n establece que el mandato de un diputado a la Asamblea Nacional de la Rep\u00fablica Bolivariana de Venezuela solo &hellip; <a href=\"https:\/\/blogs.deia.eus\/anasagasti\/2014\/03\/28\/comunicado-de-maria-corina-machado\/\" class=\"more-link\">Sigue leyendo <span class=\"screen-reader-text\">Comunicado de Mar\u00eda Corina Machado<\/span><\/a><!-- AddThis Advanced Settings generic via filter on get_the_excerpt --><!-- AddThis Share Buttons generic via filter on get_the_excerpt --><\/p>\n","protected":false},"author":19,"featured_media":0,"comment_status":"open","ping_status":"open","sticky":false,"template":"","format":"standard","meta":{"footnotes":""},"categories":[1],"tags":[],"class_list":["post-4909","post","type-post","status-publish","format-standard","hentry","category-general"],"_links":{"self":[{"href":"https:\/\/blogs.deia.eus\/anasagasti\/wp-json\/wp\/v2\/posts\/4909","targetHints":{"allow":["GET"]}}],"collection":[{"href":"https:\/\/blogs.deia.eus\/anasagasti\/wp-json\/wp\/v2\/posts"}],"about":[{"href":"https:\/\/blogs.deia.eus\/anasagasti\/wp-json\/wp\/v2\/types\/post"}],"author":[{"embeddable":true,"href":"https:\/\/blogs.deia.eus\/anasagasti\/wp-json\/wp\/v2\/users\/19"}],"replies":[{"embeddable":true,"href":"https:\/\/blogs.deia.eus\/anasagasti\/wp-json\/wp\/v2\/comments?post=4909"}],"version-history":[{"count":4,"href":"https:\/\/blogs.deia.eus\/anasagasti\/wp-json\/wp\/v2\/posts\/4909\/revisions"}],"predecessor-version":[{"id":4914,"href":"https:\/\/blogs.deia.eus\/anasagasti\/wp-json\/wp\/v2\/posts\/4909\/revisions\/4914"}],"wp:attachment":[{"href":"https:\/\/blogs.deia.eus\/anasagasti\/wp-json\/wp\/v2\/media?parent=4909"}],"wp:term":[{"taxonomy":"category","embeddable":true,"href":"https:\/\/blogs.deia.eus\/anasagasti\/wp-json\/wp\/v2\/categories?post=4909"},{"taxonomy":"post_tag","embeddable":true,"href":"https:\/\/blogs.deia.eus\/anasagasti\/wp-json\/wp\/v2\/tags?post=4909"}],"curies":[{"name":"wp","href":"https:\/\/api.w.org\/{rel}","templated":true}]}}