{"id":4915,"date":"2014-03-29T21:19:09","date_gmt":"2014-03-29T19:19:09","guid":{"rendered":"http:\/\/blogs.deia.com\/anasagasti\/?p=4915"},"modified":"2014-03-29T21:21:07","modified_gmt":"2014-03-29T19:21:07","slug":"ibon-areso-el-sobrino-de-bruno-mendiguren","status":"publish","type":"post","link":"https:\/\/blogs.deia.eus\/anasagasti\/2014\/03\/29\/ibon-areso-el-sobrino-de-bruno-mendiguren\/","title":{"rendered":"Ibon Areso, el sobrino de Bruno Mendiguren"},"content":{"rendered":"<p><b><strong><a href=\"http:\/\/blogs.deia.com\/anasagasti\/files\/2014\/03\/353.14.jpg\"><img loading=\"lazy\" decoding=\"async\" class=\"alignleft size-full wp-image-4916\" alt=\"353.14\" src=\"http:\/\/blogs.deia.com\/anasagasti\/files\/2014\/03\/353.14.jpg\" width=\"560\" height=\"366\" \/><\/a>S\u00e1bado 29 de marzo de 2014<\/strong><\/b><\/p>\n<p>&nbsp;<\/p>\n<p>&nbsp;<\/p>\n<p>&nbsp;<\/p>\n<p>&nbsp;<\/p>\n<p>&nbsp;<\/p>\n<p>&nbsp;<\/p>\n<p>&nbsp;<\/p>\n<p>Si uno lee el libro \u201cEl \u00c1rbol de Gernika\u201d del periodista ingl\u00e9s George L. Steer, ver\u00e1 como aparece en su relato la figura de Bruno Mendiguren colaborador directo del lehendakari Aguirre en su papel de encargado de las relaciones exteriores de su gobierno. Una especie de ministro del ramo como lo era en otra dimensi\u00f3n Sir Anthony Eden. Steer lo describe de esta manera con su abrigo azul exaltando su val\u00eda. Por eso siempre me ha llamado la atenci\u00f3n que de todos los gobiernos que hemos tenido desde 1980 el silencio sobre esta figura y que nunca se haya hecho alusi\u00f3n a Bruno Mendiguren que exiliado y viviendo en Argentina falleci\u00f3 como consecuencia de un accidente de aviaci\u00f3n. Hace tres a\u00f1os, cuando estuve en Mar del Plata, habl\u00e9 con su hermano de aquella tragedia y de su familia argentina uno de cuyos miembros hab\u00eda sido ministro del gobierno de aquel pa\u00eds austral como experto en econom\u00eda.<\/p>\n<p>Pues bien, Ibon Areso es sobrino de Bruno Mendiguren, hermano de su ama con quien acud\u00eda a muchos actos. Simplemente anoto la pincelada.<\/p>\n<p>Tambi\u00e9n me gust\u00f3 el discurso de toma de posesi\u00f3n de Areso cuando aludi\u00f3 a los alcaldes democr\u00e1ticos que ha tenido Bilbao desde 1979. No se entiende la limpieza de la r\u00eda sin hablar de Casta\u00f1ares, ni de Robles y los barrios, ni de Gorordo y la Alh\u00f3ndiga, ni de <span style=\"font-family: Arial;font-size: medium\">B<\/span>eti Du\u00f1abeitia, ni de Ortuondo con el Metro y la Alh\u00f3ndiga, finalizando con Azkuna. Y es que este trabajo no ha sido obra de una persona en particular sino una larga cadena, sostenida por equipos y en un tiempo en el cual el PNV ha sido el sost\u00e9n de dicha acci\u00f3n a trav\u00e9s del Gobierno y la Diputaci\u00f3n.<\/p>\n<p>Por tanto, un discurso que ha tenido en cuenta el trabajo de equipos anteriores es un buen discurso que he de decir echaba en falta. Afortunadamente Areso, respetando y exaltando el trabajo de I\u00f1aki Azkuna, ha querido hacer justicia con quienes le han precedido y eso est\u00e1 bien. Honrar, honra.<\/p>\n<p>Asimismo ha sabido elegir el equipo que le va a acompa\u00f1ar hasta el final del mandato, destacando en dicha elecci\u00f3n la figura de Ibone Bengoetxea como Portavoz y Primer Teniente Alcalde, todo un acierto.<\/p>\n<p><span style=\"color: #000000;font-family: Calibri\">\u00a0<\/span><\/p>\n<!-- AddThis Advanced Settings generic via filter on the_content --><!-- AddThis Share Buttons generic via filter on the_content -->","protected":false},"excerpt":{"rendered":"<p>S\u00e1bado 29 de marzo de 2014 &nbsp; &nbsp; &nbsp; &nbsp; &nbsp; &nbsp; &nbsp; Si uno lee el libro \u201cEl \u00c1rbol de Gernika\u201d del periodista ingl\u00e9s George L. Steer, ver\u00e1 como aparece en su relato la figura de Bruno Mendiguren colaborador directo del lehendakari Aguirre en su papel de encargado de las relaciones exteriores de su &hellip; <a href=\"https:\/\/blogs.deia.eus\/anasagasti\/2014\/03\/29\/ibon-areso-el-sobrino-de-bruno-mendiguren\/\" class=\"more-link\">Sigue leyendo <span class=\"screen-reader-text\">Ibon Areso, el sobrino de Bruno Mendiguren<\/span><\/a><!-- AddThis Advanced Settings generic via filter on get_the_excerpt --><!-- AddThis Share Buttons generic via filter on get_the_excerpt --><\/p>\n","protected":false},"author":19,"featured_media":0,"comment_status":"open","ping_status":"open","sticky":false,"template":"","format":"standard","meta":{"footnotes":""},"categories":[1],"tags":[],"class_list":["post-4915","post","type-post","status-publish","format-standard","hentry","category-general"],"_links":{"self":[{"href":"https:\/\/blogs.deia.eus\/anasagasti\/wp-json\/wp\/v2\/posts\/4915","targetHints":{"allow":["GET"]}}],"collection":[{"href":"https:\/\/blogs.deia.eus\/anasagasti\/wp-json\/wp\/v2\/posts"}],"about":[{"href":"https:\/\/blogs.deia.eus\/anasagasti\/wp-json\/wp\/v2\/types\/post"}],"author":[{"embeddable":true,"href":"https:\/\/blogs.deia.eus\/anasagasti\/wp-json\/wp\/v2\/users\/19"}],"replies":[{"embeddable":true,"href":"https:\/\/blogs.deia.eus\/anasagasti\/wp-json\/wp\/v2\/comments?post=4915"}],"version-history":[{"count":5,"href":"https:\/\/blogs.deia.eus\/anasagasti\/wp-json\/wp\/v2\/posts\/4915\/revisions"}],"predecessor-version":[{"id":4920,"href":"https:\/\/blogs.deia.eus\/anasagasti\/wp-json\/wp\/v2\/posts\/4915\/revisions\/4920"}],"wp:attachment":[{"href":"https:\/\/blogs.deia.eus\/anasagasti\/wp-json\/wp\/v2\/media?parent=4915"}],"wp:term":[{"taxonomy":"category","embeddable":true,"href":"https:\/\/blogs.deia.eus\/anasagasti\/wp-json\/wp\/v2\/categories?post=4915"},{"taxonomy":"post_tag","embeddable":true,"href":"https:\/\/blogs.deia.eus\/anasagasti\/wp-json\/wp\/v2\/tags?post=4915"}],"curies":[{"name":"wp","href":"https:\/\/api.w.org\/{rel}","templated":true}]}}