{"id":4922,"date":"2014-03-30T16:59:54","date_gmt":"2014-03-30T14:59:54","guid":{"rendered":"http:\/\/blogs.deia.com\/anasagasti\/?p=4922"},"modified":"2014-03-30T16:59:54","modified_gmt":"2014-03-30T14:59:54","slug":"el-alcalde-de-barcelona-presenta-jarrones-chinos","status":"publish","type":"post","link":"https:\/\/blogs.deia.eus\/anasagasti\/2014\/03\/30\/el-alcalde-de-barcelona-presenta-jarrones-chinos\/","title":{"rendered":"El Alcalde de Barcelona  presenta Jarrones Chinos"},"content":{"rendered":"<p><b><strong><span style=\"color: #000000\"><a href=\"http:\/\/blogs.deia.com\/anasagasti\/files\/2014\/03\/I\u00f1aki-y-Trias.png\"><img loading=\"lazy\" decoding=\"async\" class=\"alignleft size-full wp-image-4923\" alt=\"I\u00f1aki y Trias\" src=\"http:\/\/blogs.deia.com\/anasagasti\/files\/2014\/03\/I\u00f1aki-y-Trias.png\" width=\"300\" height=\"168\" \/><\/a>Domingo 30 de marzo de 2014<\/span><\/strong><\/b><\/p>\n<p><span style=\"color: #000000\">Coincid\u00ed con Xavier Trias, actual alcalde de Barcelona, entre los a\u00f1os 2000 y 2004, cuando ambos \u00e9ramos portavoces de nuestros respectivos Grupos Parlamentarios en el Congreso de los Diputados en Madrid. El del Grupo de <span style=\"font-family: Arial;font-size: medium\">\u00a0<\/span>Ciu, yo del PNV.<\/span><\/p>\n<p><span style=\"color: #000000\">Fueron a\u00f1os intensos en los que la mayor\u00eda absoluta de Aznar nos machac\u00f3 lo que pudo. Y eso une mucho. De tal forma que cuando se enter\u00f3 que yo hab\u00eda escrito un libro titulado JARRONES CHINOS se ofreci\u00f3 inmediatamente a presentarlo en Barcelona. Y lo hizo este jueves pasado en la librer\u00eda Alibri en una semana en la que hab\u00eda estado en Bilbao el lunes asistiendo al funeral del alcalde de Bilbao, I\u00f1aki Azkuna a quien hab\u00eda conocido siendo los dos consejeros de sanidad. Dos detallazos.<\/span><\/p>\n<p><span style=\"color: #000000\">Xavier Trias es hombre amable, cercano y con sentido del humor y del aguante. As\u00ed como Miquel Roca<span style=\"font-family: Arial;font-size: medium\">\u00a0 <\/span>y Joaquim Molins, que hab\u00edan sido asimismo portavoces en Madrid y candidatos a la alcald\u00eda de Barcelona, al perder se fueron a su casa, Trias perdi\u00f3 una vez, aguant\u00f3 y a la segunda logr\u00f3 la alcaldia barcelonesa y seguramente volver\u00e1 a ganar las elecciones municipales el a\u00f1o que viene. Trias encaja bien en Barcelona. ETB, como era de esperar no estuvo. Deben ser muy habituales este tipo de actos.<\/span><\/p>\n<p><span style=\"color: #000000\">La presentaci\u00f3n hecha por la editora Mar\u00eda Borras y con las palabras de Trias fue amena Recordamos viejas vivencias y pusimos en valor la figura de un Suarez que devolvi\u00f3 la Generalit\u00e1<span style=\"font-family: Arial;font-size: medium\">\u00a0 <\/span>con Tarradellas y aprob\u00f3 el estatuto de Sau y de Gernika. Critiqu\u00e9 la cerraz\u00f3n del Madrid pol\u00edtico que habiendo estado Artur Mas en la capilla ardiente de Suarez y haber dicho que este<span style=\"font-family: Arial;font-size: medium\">\u00a0 <\/span>no mir\u00f3 a los lados sino que busc\u00f3 solucionar los problemas, le ha ocasionado esta semana cr\u00edticas dur\u00edsimas por parte de la Brunete Medi\u00e1tica y de la derecha espa\u00f1ola. En lugar de agradecer la presencia de Mas y Pujol, la respuesta ha sido la cr\u00edtica m\u00e1s acerba.<\/span><\/p>\n<p><span style=\"color: #000000\">De all\u00ed fui al programa de Josep Cun\u00ed donde comentamos la sentencia del Tribunal Constitucional a la declaraci\u00f3n del Parlamento Catal\u00e1n sobre el derecho a decidir. Les dije que aquello no deb\u00eda ni de ser considerado jur\u00eddicamente pues se trata de una declaraci\u00f3n pol\u00edtica y que era pol\u00edticamente como deb\u00eda ser tratado. Estuvieron en la mesa, el director de La Vanguardia, Marius Carol, el ex diputado del PSC<span style=\"font-family: Arial;font-size: medium\">\u00a0 <\/span>Germ\u00e1 Bel, el candidato de Ciutadans Juan Carlos Girauta y<span style=\"font-family: Arial;font-size: medium\">\u00a0 <\/span>Gonzalo Bernardos. Interesante.<\/span><\/p>\n<p><span style=\"color: #000000\"><span style=\"font-family: Arial;font-size: medium\">\u00a0\u00a0 <\/span>.<\/span><\/p>\n<p><b><strong><span style=\"color: #000000\">\u00a0<\/span><\/strong><\/b><\/p>\n<!-- AddThis Advanced Settings generic via filter on the_content --><!-- AddThis Share Buttons generic via filter on the_content -->","protected":false},"excerpt":{"rendered":"<p>Domingo 30 de marzo de 2014 Coincid\u00ed con Xavier Trias, actual alcalde de Barcelona, entre los a\u00f1os 2000 y 2004, cuando ambos \u00e9ramos portavoces de nuestros respectivos Grupos Parlamentarios en el Congreso de los Diputados en Madrid. El del Grupo de \u00a0Ciu, yo del PNV. Fueron a\u00f1os intensos en los que la mayor\u00eda absoluta de &hellip; <a href=\"https:\/\/blogs.deia.eus\/anasagasti\/2014\/03\/30\/el-alcalde-de-barcelona-presenta-jarrones-chinos\/\" class=\"more-link\">Sigue leyendo <span class=\"screen-reader-text\">El Alcalde de Barcelona  presenta Jarrones Chinos<\/span><\/a><!-- AddThis Advanced Settings generic via filter on get_the_excerpt --><!-- AddThis Share Buttons generic via filter on get_the_excerpt --><\/p>\n","protected":false},"author":19,"featured_media":0,"comment_status":"open","ping_status":"open","sticky":false,"template":"","format":"standard","meta":{"footnotes":""},"categories":[1],"tags":[],"class_list":["post-4922","post","type-post","status-publish","format-standard","hentry","category-general"],"_links":{"self":[{"href":"https:\/\/blogs.deia.eus\/anasagasti\/wp-json\/wp\/v2\/posts\/4922","targetHints":{"allow":["GET"]}}],"collection":[{"href":"https:\/\/blogs.deia.eus\/anasagasti\/wp-json\/wp\/v2\/posts"}],"about":[{"href":"https:\/\/blogs.deia.eus\/anasagasti\/wp-json\/wp\/v2\/types\/post"}],"author":[{"embeddable":true,"href":"https:\/\/blogs.deia.eus\/anasagasti\/wp-json\/wp\/v2\/users\/19"}],"replies":[{"embeddable":true,"href":"https:\/\/blogs.deia.eus\/anasagasti\/wp-json\/wp\/v2\/comments?post=4922"}],"version-history":[{"count":2,"href":"https:\/\/blogs.deia.eus\/anasagasti\/wp-json\/wp\/v2\/posts\/4922\/revisions"}],"predecessor-version":[{"id":4925,"href":"https:\/\/blogs.deia.eus\/anasagasti\/wp-json\/wp\/v2\/posts\/4922\/revisions\/4925"}],"wp:attachment":[{"href":"https:\/\/blogs.deia.eus\/anasagasti\/wp-json\/wp\/v2\/media?parent=4922"}],"wp:term":[{"taxonomy":"category","embeddable":true,"href":"https:\/\/blogs.deia.eus\/anasagasti\/wp-json\/wp\/v2\/categories?post=4922"},{"taxonomy":"post_tag","embeddable":true,"href":"https:\/\/blogs.deia.eus\/anasagasti\/wp-json\/wp\/v2\/tags?post=4922"}],"curies":[{"name":"wp","href":"https:\/\/api.w.org\/{rel}","templated":true}]}}