{"id":4927,"date":"2014-04-06T12:52:24","date_gmt":"2014-04-06T10:52:24","guid":{"rendered":"http:\/\/blogs.deia.com\/anasagasti\/?p=4927"},"modified":"2014-04-06T12:52:24","modified_gmt":"2014-04-06T10:52:24","slug":"fuimos-los-primeros-y-los-unicos","status":"publish","type":"post","link":"https:\/\/blogs.deia.eus\/anasagasti\/2014\/04\/06\/fuimos-los-primeros-y-los-unicos\/","title":{"rendered":"Fuimos los primeros y los \u00fanicos"},"content":{"rendered":"<p><b><strong>Domingo 6 de abril de 2014<\/strong><\/b><\/p>\n<p>La hipocres\u00eda es un fingimiento, una mentira teatralizada, un homenaje del vicio a la virtud.<span style=\"font-family: Arial;font-size: medium\">Se usa mucho, sobre todo en pol<\/span>\u00edtica. Lo acabamos de ver tras el fallecimiento del ex presidente Adolfo Suarez en gentes <span style=\"font-family: Arial;font-size: medium\">que <\/span>le acuchillaron a placer, que le negaron cr\u00e9ditos para su nuevo partido, que le insultaron y dejaron solo, que conspiraron contra \u00e9l e incluso le montaron un gobierno sustitutivo con un militar al frente. Les hemos visto llorar como Magdalenas ante el fallecimiento de un tipo valiente y corajudo que supo desmontar con astucia un tinglado como el de la dictadura y hacerlo con elecciones, reconocimientos de partidos pol\u00edticos, amnist\u00edas, legalizaci\u00f3n de la ikurri\u00f1a, restablecimiento de la Generalita y del<span style=\"font-family: Arial;font-size: medium\">Consejo General Vasco, aprobar el estatuto de Gernika y devolver a Gipuzkoa y Bizkaia su Concierto abolido por ser \u00abprovincias traid<\/span>oras\u201d (\u00a1que magn\u00edfico t\u00edtulo!), ley del divorcio y cosas as\u00ed. Escucharle a Alfonso Guerra decir que Suarez fue \u201cun hombre de estado\u201d cuando le hab\u00eda llamado \u00abtahur del Mississipi\u00bb y ver gentes de este pelo poner los ojos en blanco y alabar al fallecido, sacaba una buena foto de lo que es el Madrid carn\u00edvoro y cainita, el de la palmada en la espalda cuando ya no eres m\u00e1s que un muerto mal enterrado, caso del rey, que no soport\u00f3 que Suarez se legitimara en las urnas en 1977 y quiso seguir mangoneando como si nada hubiera ocurrido y le mont\u00f3 la salida por la puerta de atr\u00e1s. El mismo rey que nada m\u00e1s fallecer sali\u00f3 en todas las televisiones<span style=\"font-family: Arial;font-size: medium\">dici\u00e9ndonos lo compungido que estaba. Puro teatro h<\/span>ip\u00f3crita y m\u00e1s falso que un euro de madera.<\/p>\n<p>El lunes 24 estuve en el Congreso en la capilla ardiente. Al dar el p\u00e9same a sus hijos, tuve una agradable sorpresa. A medida que les iba dando la condolencia a Adolfo, Sonsoles, y Javier, me dec\u00edan todos lo mismo: \u00abNos habl\u00f3 mucho del \u201ceskerrik asko\u201d que pon\u00eda en la makilla que le regalasteiscuando nadie se acordaba de \u00e9l&#8217;. Y me recitaron la oraci\u00f3n en euskera que pon\u00eda debajo de la makilla. Y sal\u00ed del sal\u00f3n de \u201clos pasos perdidos\u201d donde estaba el f\u00e9retro de Suarez reconfortado con el personaje al que conoc\u00ed y trat\u00e9, pero tambi\u00e9n con mi partido que supo aplicar hace exactamente treinta a\u00f1os la necesaria regla de urbanidad que nos dice que es de bien nacidos ser agradecidos. Si, ya s\u00e9 que Suarez fue ministro secretario general del Movimiento, que fue un falangista que proven\u00eda del coraz\u00f3n del r\u00e9gimen y un espa\u00f1ol de raza y dem\u00e1s, si, ya lo s\u00e9. Pero tambi\u00e9n que abord\u00f3 solucionar en parte un contencioso de siglo <span style=\"font-family: Arial;font-size: medium\">y <\/span>medio y como me coment\u00f3 Mitxel Unzueta, \u201cfue un hombre que supo donde daba el aire\u201d.<\/p>\n<p>El a\u00f1o 1980 fue un a\u00f1o terrible. ETA mat\u00f3 una persona cada tres d\u00edas, el PNV se retir\u00f3 de las Cortes Generales, el PSOE le present\u00f3 a Suarez una moci\u00f3n de censura, la situaci\u00f3n econ\u00f3mica era de crisis, UCB se deshilachaba en capillas y familias, y los militares y golpistas conspiraban. En ese clima Suarez visit\u00f3 oficialmente Euzkadi. En Bizkaia le hicimos el boicot a trav\u00e9s de los ayuntamientos. Ped\u00edamos la puesta en marcha del estatuto y la devoluci\u00f3n del concierto econ\u00f3mico. En la comida oficial en la Diputaci\u00f3n de Bizkaia, su anfitri\u00f3n, Jose Maria Makua, le dio plant\u00f3n y tuvo que venir de Gasteiz el lehendakari Garaikoetxea. El enfrentamiento estuvo al rojo vivo. A\u00f1os despu\u00e9s fue el propio Suarez quien nos dijo a Benegas y a m\u00ed: \u00absolo cuando decid\u00ed dimitir abord\u00e9 la devoluci\u00f3n del concierto para Gipuzkoa y para Bizkaia. No sab\u00e9is la resistencia que hab\u00eda\u201d. Ocurri\u00f3 en diciembre de 1980. En enero dimit\u00eda.<\/p>\n<p>Pasaron tres a\u00f1os. Suarez era un zombi. Se hab\u00eda quedado sin partido y hab\u00eda fundado el CDS. Estaba solo con Rodr\u00edguez Sahag\u00fan en el Grupo Mixto. Nadie daba un duro por \u00e9l, salvo unos tipos raros en Bilbao que decidieron darle el premio Euzkadi <span style=\"font-family: Arial;font-size: medium\">en febrero <\/span>de 1984 junto a D. Jose Miguel de Barandiar\u00e1n, al Athletic y a Musikaste.<\/p>\n<p>Fue Kepa Bordegarai, director de la revista <span style=\"font-family: Arial;font-size: medium\">Euzkadi, <\/span>quien tras los postres inaugur\u00f3 el acto de entrega de premios, con una alocu\u00adci\u00f3n en la que puso de manifiesto el sentimiento de la publicaci\u00f3n a la hora de conceder los galardones. \u00abNos sentimos componentes y part\u00edcipes de un pueblo que sabe premiar a quien lucha por \u00e9l, as\u00ed como sabe defenderse de quien le persigue, oprime o no le deja ser quien es\u00bb.<\/p>\n<p>Makua aprovech\u00f3 la ocasi\u00f3n para disculparse ante Adolfo Su\u00e1rez por el plante que le dio en 1980, con ocasi\u00f3n de la visita de este a Euzkadi, en otras circunstancias pol\u00edticas y que hemos narrado. \u00abSu\u00e1rez es el hombre \u2014dijo Makua con un tono desen\u00adfadado\u2014, que nos sorprendi\u00f3 a todos un Viernes Santo domesti\u00adcando a los comunistas\u00bb, para a\u00f1adir que \u00abesta vez te pido disculpas y te recibo como a un bilba\u00edno m\u00e1s, haci\u00e9ndome eco de un sentirpopular que asegura que con Su\u00e1rez est\u00e1bamos mejor\u00bb.<\/p>\n<p>Con su sempiterna y televisiva sonrisa, y haciendo gala de un aspecto rejuvenecido \u2014debido, en gran parte, a un bronceado invernal\u2014 del que parec\u00edan haber huido definitivamente las ojeras que le adornaron en todo su mandato presidencial, Adolfo Su\u00e1rez brome\u00f3 y fue objeto de la expectaci\u00f3n general a lo largo de toda la cena.<\/p>\n<p>La presentadora anunci\u00f3 el premio pol\u00edtico, otorgado al ex\u00adpresidente espa\u00f1ol por su defensa en el Parlamento de la supremac\u00eda del poder civil sobre el militar y por su decidida defensa del estatuto de autonom\u00eda para Euzkadi, en un a\u00f1o en donde toda reivindicaci\u00f3n autonomista estaba f\u00e9rreamente controlada. Su\u00e1rez manifest\u00f3 a los presentes su profunda gratitud, a la vez que reco\u00adnoc\u00eda que \u00abfrente a un auditorio tan selecto y con un micr\u00f3fono en la mano, me siento tan feliz como un tonto con una tiza\u00bb. Rehus\u00f3, sin embargo, hacer un discurso pol\u00edtico para, en una breve muestra de agradecimiento, dirigirse a Jos\u00e9 Mar\u00eda Makua, manifest\u00e1ndole que \u00abme siento muy honrado ahora, tal como me sent\u00ed al ser recibido entonces \u2014refiri\u00e9ndose a la visita se\u00f1alada por Makua\u2014 por el presidente Garaikoetxea. Si entonces hubo alg\u00fan plante, entend\u00ed, en su momento, que estaba rodeado por circunstancias pol\u00edticas distintas, y este premio recompensa y me hace olvidar con creces aquello\u00bb. Su\u00e1rez remarc\u00f3 el especial inter\u00e9s que siempre le hab\u00eda movido a preocuparse por el pueblo vasco, y finaliz\u00f3 diciendo: \u00abContemplaremos alg\u00fan d\u00eda el \u00e1rbol de Gernika como un monumento al entendimiento de todos\u00bb.<\/p>\n<p>Especial inter\u00e9s tuvo tambi\u00e9n la intervenci\u00f3n del presidente del EBB, Xabier Arzalluz, quien hizo una semblanza del tiempo en que Retolaza, Ajuriaguerra y \u00e9l mismo se entrevistaron con Mart\u00edn Villa, tendiendo los primeros cables del estatuto. \u201cTambi\u00e9n habl\u00e1bamos mal de ti \u2014dijo Arzalluz\u2014, pero siempre fue de frente. No creo que exista el derecho \u2014continu\u00f3 refiri\u00e9ndose a Su\u00e1rez\u2014 de frenar a un presidente como lo hicieron contigo\u201d.<\/p>\n<p>\u201cContigo se movi\u00f3 el cambio, hiciste un mont\u00f3n de cosas de las que entonces ten\u00edan valor, como la amnist\u00eda, que fue un gesto de coraje pol\u00edtico. Nos devolviste el Concierto y apostaste por el estatuto, que supuso mucho para nuestro pueblo. Fuiste lo sufi\u00adcientemente valiente y l\u00facido como para hacer cosas que otros no se han atrevido a hacer\u00bb. Xabier Arzalluz termin\u00f3 se\u00f1alando que \u00e9l no ten\u00eda arte ni parte en la concesi\u00f3n del premio, pero se alegraba de ello, al margen de cualquier acto electoralista. El presidente del EBB le hizo entrega de una <span style=\"font-family: Arial;font-size: medium\">makilla <\/span>a Su\u00e1rez, a quien advirti\u00f3 que serv\u00eda tambi\u00e9n para defenderse de los lobos, \u00aby todav\u00eda quedan muchos lobos\u00bb.<\/p>\n<p>No me tengo por profeta y no hay que serlo si se tiene algo de experiencia de lo que es el Madrid pol\u00edtico, por eso mucho antes del fallecimiento de Su\u00e1rez terminaba as\u00ed el cap\u00edtulo dedicado a \u00e9l en mi libro \u201cJarrones Chinos\u201d de \u00e9sta manera:<\/p>\n<p>\u201cSeguramente el d\u00eda en que fallezca, los codazos para estar en primera fila del funeral, los homenajes tild\u00e1ndole de padre de la democracia, el incienso que atufar\u00e1 todos los rincones, los ojos en blanco, las mil biograf\u00edas con que nos aburrir\u00e1n, lo llenar\u00e1n todo. Est\u00e1 en el gui\u00f3n de la fiesta de vanidades que es el Madrid pol\u00edtico, sobre todo cuando eres ya un cad\u00e1ver insepulto o da buen tono referirse a ti cuando eres un inofensivo jarr\u00f3n chino. Ser\u00e1 el ho\u00admenaje hip\u00f3crita del vicio a la virtud. Pero podemos reivindicar al estilo de los locos de la matraca: fuimos los \u00fanicos que en pleno desierto reconocimos a Su\u00e1rez su valent\u00eda y le llevamos una cantimplora con agua fresca cuando con <span style=\"font-family: Arial;font-size: medium\">Pelopincho <\/span>atravesaba aquel duro desierto de soledad y nadie sab\u00eda qu\u00e9 hacer con aquel Jarr\u00f3n Chino a quien Juan Carlos hab\u00eda dado su real patada\u201d. Ah\u00ed queda.<\/p>\n<p><span style=\"color: #000000;font-family: Calibri;font-size: medium\">\u00a0<\/span><\/p>\n<!-- AddThis Advanced Settings generic via filter on the_content --><!-- AddThis Share Buttons generic via filter on the_content -->","protected":false},"excerpt":{"rendered":"<p>Domingo 6 de abril de 2014 La hipocres\u00eda es un fingimiento, una mentira teatralizada, un homenaje del vicio a la virtud.Se usa mucho, sobre todo en pol\u00edtica. Lo acabamos de ver tras el fallecimiento del ex presidente Adolfo Suarez en gentes que le acuchillaron a placer, que le negaron cr\u00e9ditos para su nuevo partido, que &hellip; <a href=\"https:\/\/blogs.deia.eus\/anasagasti\/2014\/04\/06\/fuimos-los-primeros-y-los-unicos\/\" class=\"more-link\">Sigue leyendo <span class=\"screen-reader-text\">Fuimos los primeros y los \u00fanicos<\/span><\/a><!-- AddThis Advanced Settings generic via filter on get_the_excerpt --><!-- AddThis Share Buttons generic via filter on get_the_excerpt --><\/p>\n","protected":false},"author":19,"featured_media":0,"comment_status":"open","ping_status":"open","sticky":false,"template":"","format":"standard","meta":{"footnotes":""},"categories":[1],"tags":[],"class_list":["post-4927","post","type-post","status-publish","format-standard","hentry","category-general"],"_links":{"self":[{"href":"https:\/\/blogs.deia.eus\/anasagasti\/wp-json\/wp\/v2\/posts\/4927","targetHints":{"allow":["GET"]}}],"collection":[{"href":"https:\/\/blogs.deia.eus\/anasagasti\/wp-json\/wp\/v2\/posts"}],"about":[{"href":"https:\/\/blogs.deia.eus\/anasagasti\/wp-json\/wp\/v2\/types\/post"}],"author":[{"embeddable":true,"href":"https:\/\/blogs.deia.eus\/anasagasti\/wp-json\/wp\/v2\/users\/19"}],"replies":[{"embeddable":true,"href":"https:\/\/blogs.deia.eus\/anasagasti\/wp-json\/wp\/v2\/comments?post=4927"}],"version-history":[{"count":2,"href":"https:\/\/blogs.deia.eus\/anasagasti\/wp-json\/wp\/v2\/posts\/4927\/revisions"}],"predecessor-version":[{"id":4929,"href":"https:\/\/blogs.deia.eus\/anasagasti\/wp-json\/wp\/v2\/posts\/4927\/revisions\/4929"}],"wp:attachment":[{"href":"https:\/\/blogs.deia.eus\/anasagasti\/wp-json\/wp\/v2\/media?parent=4927"}],"wp:term":[{"taxonomy":"category","embeddable":true,"href":"https:\/\/blogs.deia.eus\/anasagasti\/wp-json\/wp\/v2\/categories?post=4927"},{"taxonomy":"post_tag","embeddable":true,"href":"https:\/\/blogs.deia.eus\/anasagasti\/wp-json\/wp\/v2\/tags?post=4927"}],"curies":[{"name":"wp","href":"https:\/\/api.w.org\/{rel}","templated":true}]}}