{"id":4930,"date":"2014-04-07T21:15:16","date_gmt":"2014-04-07T19:15:16","guid":{"rendered":"http:\/\/blogs.deia.com\/anasagasti\/?p=4930"},"modified":"2014-04-07T21:15:16","modified_gmt":"2014-04-07T19:15:16","slug":"le-creo-a-pilar-urbano","status":"publish","type":"post","link":"https:\/\/blogs.deia.eus\/anasagasti\/2014\/04\/07\/le-creo-a-pilar-urbano\/","title":{"rendered":"Le creo a Pilar Urbano"},"content":{"rendered":"<p><b><strong><a href=\"http:\/\/blogs.deia.com\/anasagasti\/files\/2014\/04\/369.14.jpg\"><img loading=\"lazy\" decoding=\"async\" class=\"alignleft size-full wp-image-4931\" alt=\"369.14\" src=\"http:\/\/blogs.deia.com\/anasagasti\/files\/2014\/04\/369.14.jpg\" width=\"350\" height=\"318\" \/><\/a>Lunes 7 de abril de 2014<\/strong><\/b><\/p>\n<p>Como panteras han salido en defensa del monarca Juan Lu\u00eds Cebri\u00e1n, La Raz\u00f3n, el ABC y El Pa\u00eds. No pueden tolerar que la mentira del 23-F con la que se ha construido un relato falso que, encima ha sido vendido al mundo, se ponga en cuesti\u00f3n el montaje por una periodista del sistema <span style=\"font-family: Arial;font-size: medium\">y <\/span>sabiendo, como saben, que es verdad.<\/p>\n<p>A m\u00ed Antonio Carro, ministro con Carrero Blanco me lo dijo en una recepci\u00f3n en el Palacio Real. \u201cEl culpable del 23-F fue el inquilino de esta casa. Se la pasaba hablando perrer\u00edas de los pol\u00edticos y de Suarez ante los militares y estos le cogieron la palabra. \u201cEs un fr\u00edvolo\u00bb.<\/p>\n<p>Dicho por un cancerbero del r\u00e9gimen sin que yo se lo preguntara y hace treinta a\u00f1os, aquello se me qued\u00f3 grabado a fuego. Y entre el ABC y Carro, me quedo con Carro.<\/p>\n<p>Como me qued\u00e9 con la narraci\u00f3n que hizo Luis Herrero, el hijo del fiscal Herrero Tejedor, padrino de Adolfo Suarez. Herrero cuenta en su libro \u00abLos que le llam\u00e1bamos Adolfo\u201d las presiones del rey a Suarez para que nombrara segundo jefe del estado mayor al general Armada antes del 23-F.<\/p>\n<p>En una democracia seria y normal, los que dudan de la Sra. Urbano pod\u00edan pedir los papeles secretos al Cesid, hoy CNI, y cuestionarse el por qu\u00e9 no se investig\u00f3 la trama civil de aquella asonada donde aparece hasta el Servicio de Estudios del Banco Santander. Solo pag\u00f3, con una \u00ednfima condena, aquel orondo Garc\u00eda Carr\u00e9s que animaba a Tejero a no desfallecer durante el golpe. El resto no se investig\u00f3 y cuando los militares fueron juzgados en aquel juicio llamado de Campamento no acudi\u00f3 uno de los factotum de aquella noche, el general Sabino Fern\u00e1ndez Campo. El rey, por el que todos aquellos militares franquistas se sublevaron, no fue tocado ni con el p\u00e9talo de una rosa. Y como la defensa que tienen es tan d\u00e9bil ah\u00ed sale en tromba a tratar como vasallos que \u00e9ste rey, corrupto, fr\u00edvolo, mujeriego y poco serio siga con la imagen edulcorada simulando alguien que no es. Hasta el propio Adolfo Suarez escribi\u00f3 aquel art\u00edculo ante la sentencia que titul\u00f3 \u00abYo discrepo\u00bb.<\/p>\n<p>Le creo a pies juntillas a Pilar Urbano. Una se\u00f1ora en el final de su carrera no se mete en semejante jard\u00edn de no ser que lo que cuenta es verdad. Solo espero que les ponga en su sitio y les conteste y se lo publiquen a todos estos sinverg\u00fcenzas paniaguados que han salido como los toros en San Ferm\u00edn a defender a personaje tan impresentable que la historia pondr\u00e1 en su sitio. Al tiempo.<\/p>\n<!-- AddThis Advanced Settings generic via filter on the_content --><!-- AddThis Share Buttons generic via filter on the_content -->","protected":false},"excerpt":{"rendered":"<p>Lunes 7 de abril de 2014 Como panteras han salido en defensa del monarca Juan Lu\u00eds Cebri\u00e1n, La Raz\u00f3n, el ABC y El Pa\u00eds. No pueden tolerar que la mentira del 23-F con la que se ha construido un relato falso que, encima ha sido vendido al mundo, se ponga en cuesti\u00f3n el montaje por &hellip; <a href=\"https:\/\/blogs.deia.eus\/anasagasti\/2014\/04\/07\/le-creo-a-pilar-urbano\/\" class=\"more-link\">Sigue leyendo <span class=\"screen-reader-text\">Le creo a Pilar Urbano<\/span><\/a><!-- AddThis Advanced Settings generic via filter on get_the_excerpt --><!-- AddThis Share Buttons generic via filter on get_the_excerpt --><\/p>\n","protected":false},"author":19,"featured_media":0,"comment_status":"open","ping_status":"open","sticky":false,"template":"","format":"standard","meta":{"footnotes":""},"categories":[1],"tags":[],"class_list":["post-4930","post","type-post","status-publish","format-standard","hentry","category-general"],"_links":{"self":[{"href":"https:\/\/blogs.deia.eus\/anasagasti\/wp-json\/wp\/v2\/posts\/4930","targetHints":{"allow":["GET"]}}],"collection":[{"href":"https:\/\/blogs.deia.eus\/anasagasti\/wp-json\/wp\/v2\/posts"}],"about":[{"href":"https:\/\/blogs.deia.eus\/anasagasti\/wp-json\/wp\/v2\/types\/post"}],"author":[{"embeddable":true,"href":"https:\/\/blogs.deia.eus\/anasagasti\/wp-json\/wp\/v2\/users\/19"}],"replies":[{"embeddable":true,"href":"https:\/\/blogs.deia.eus\/anasagasti\/wp-json\/wp\/v2\/comments?post=4930"}],"version-history":[{"count":2,"href":"https:\/\/blogs.deia.eus\/anasagasti\/wp-json\/wp\/v2\/posts\/4930\/revisions"}],"predecessor-version":[{"id":4933,"href":"https:\/\/blogs.deia.eus\/anasagasti\/wp-json\/wp\/v2\/posts\/4930\/revisions\/4933"}],"wp:attachment":[{"href":"https:\/\/blogs.deia.eus\/anasagasti\/wp-json\/wp\/v2\/media?parent=4930"}],"wp:term":[{"taxonomy":"category","embeddable":true,"href":"https:\/\/blogs.deia.eus\/anasagasti\/wp-json\/wp\/v2\/categories?post=4930"},{"taxonomy":"post_tag","embeddable":true,"href":"https:\/\/blogs.deia.eus\/anasagasti\/wp-json\/wp\/v2\/tags?post=4930"}],"curies":[{"name":"wp","href":"https:\/\/api.w.org\/{rel}","templated":true}]}}