{"id":4934,"date":"2014-04-08T20:12:58","date_gmt":"2014-04-08T18:12:58","guid":{"rendered":"http:\/\/blogs.deia.com\/anasagasti\/?p=4934"},"modified":"2014-04-08T20:12:58","modified_gmt":"2014-04-08T18:12:58","slug":"he-estado-una-semana-en-honduras","status":"publish","type":"post","link":"https:\/\/blogs.deia.eus\/anasagasti\/2014\/04\/08\/he-estado-una-semana-en-honduras\/","title":{"rendered":"He estado una semana en Honduras"},"content":{"rendered":"<p><b><strong>Martes 8 de abril de 2014<\/strong><\/b><\/p>\n<p>En el Congreso hay un Intergrupo de Derechos Humanos con el que fuimos el a\u00f1o pasado a Guatemala en seguimiento del respeto a los derechos Humanos en aquel pa\u00eds. En este 2014 nos ha tocado Honduras.<\/p>\n<p>Pag\u00e1ndonos de nuestro bolsillo, quiz\u00e1s por eso no ha ido el PSOE, hemos acudido Joan Josep Nuet de IU, Dionisio Garc\u00eda Carnero del PP, y este servidor junto a la coordinadora del viaje Beatriz Gil de lEPALA , un Instituto de Estudios para Am\u00e9rica Latina y \u00c1frica que trabajando conjuntamente con COFADEGH, una plataforma de familias de desaparecidos, nos armaron un programa minucioso, continuo, denso y muy interesante. Nos acompa\u00f1aba asimismo de IEPALA, el abogado Enrique de Santiago. En Tegucigalpa hemos ido de la mano de Do\u00f1a Berta Olivar, una mujer referente en la defensa de los derechos humanos desde los tiempos en los que su compa\u00f1ero Tom\u00e1s, desapareci\u00f3 de su casa, estando ella embarazada. Nunca se volvi\u00f3 a saber de \u00e9l.<\/p>\n<p>En el viaje hemos tenido la oportunidad de hablar largo con el ex presidente el Manuel Zelaya, a quien la oligarqu\u00eda, los militares y la embajada USA le dieron un golpe de estado en 2009, as\u00ed como hemos visitado a todo el Estado Mayor militar que nos dijo que quer\u00edan trabajar continua e intensamente con Do\u00f1a Berta, pasando por magistrados expulsados de su Sala,<span style=\"font-family: Arial;font-size: medium\">\u00a0 <\/span>el Defensor de los Derechos Humanos, Sindicalistas, mujeres, familiares de desaparecidos y v\u00edctimas de la violencia as\u00ed comootras personas muy interesantes.<\/p>\n<p>El comunicado que elaboramos y presentamos en rueda de prensa con gran afluencia de medios dec\u00eda as\u00ed:<\/p>\n<p><strong>Comunicado<\/strong><\/p>\n<p>Tegucigalpa, 3 de abril de 2014. Fruto del trabajo conjunto que venimos realizando el Instituto de Estudios para Am\u00e9rica Latina y \u00c1frica (IEPALA) y el Comit\u00e9 de Familiares de Detenidos y Desaparecidos en Honduras (COFADEH), se adopt\u00f3 el compromiso de organizar una misi\u00f3n parlamentaria de observaci\u00f3n de DDHH a Honduras antes del cumplimiento de los 100 primeros d\u00edas de mandato de Juan Orlando Hern\u00e1ndez.<\/p>\n<p>Desde su origen se hizo un esfuerzo por aglutinar a la mayor parte de las fuerzas pol\u00edticas espa\u00f1olas, estando finalmente integrada dicha misi\u00f3n por legisladores de tres partidos pol\u00edticos: el senador por el Partido Popular (PP) Dionisio Garc\u00eda Carnero, el diputado de Izquierda Unida (IU) en el Congreso Joan Josep Nuet e I\u00f1aki Anasagasti, senador del Partido Nacionalista Vasco (PNV).<\/p>\n<p>El objetivo de esta misi\u00f3n es verificar la situaci\u00f3n de Derechos Humanos en Honduras respecto a los derechos civiles, pol\u00edticos y sociales, un pa\u00eds con un alto grado de violencia y elevadas tasas de pobreza y desigualdad, que adem\u00e1s vive un momento de gran complejidad en relaci\u00f3n al panorama pol\u00edtico. Estos d\u00edas estamos escuchando diferentes voces de la poblaci\u00f3n hondure\u00f1a a trav\u00e9s de reuniones y entrevistas mantenidas con diferentes actores, habi\u00e9ndonos reunido hasta este momento con familiares de v\u00edctimas, el movimiento sindical, el movimiento campesino, organizaciones y personas defensoras de los derechos humanos, periodistas, radios comunitarias y medios de comunicaci\u00f3n, la Embajada de Espa\u00f1a en Honduras, el Observatorio de la Violencia de la Universidad Nacional Aut\u00f3noma de Honduras (UNAH), el grupo ACI, con el Coordinador General del partido LIBRE, el expresidente Manuel Zelaya, la Corte Suprema de Justicia, la Fiscal de DDHH y el anterior y reci\u00e9n nombrado Comisionado Nacional de DDHH. Seguidamente a la presentaci\u00f3n de este comunicado, seguiremos con el resto de la agenda, la cual recoge reuniones con los 4 ex magistrados de la Sala de lo Constitucional, las FFAA, los representantes del G-16, el representante del Alto Comisionado de NNUU de DDHH, el ex Director de la Oficina de la Reforma a la Seguridad P\u00fablica y la Bancada del Congreso Nacional.<\/p>\n<p>Al encontrarnos en el ecuador de la misi\u00f3n no podemos a\u00fan emitir conclusiones definitivas pero debemos trasladar algunas preocupaciones:<\/p>\n<p>1. En todos los encuentros mantenidos hasta este momento se ha reconocido el elevado grado de impunidad respecto a la violaci\u00f3n de los DDHH existente en Honduras, habiendo sido informados incluso por la Corte Suprema de Justicia que la impunidad alcanzar hasta un 98% de las violaciones denunciadas.<\/p>\n<p>2. Hemos escuchado repetidamente denuncias sobre la debilidad de la separaci\u00f3n de poderes que existe en Honduras a pesar de lo establecido en la Constituci\u00f3n del pa\u00eds. En concreto el poder ejecutivo viene arrog\u00e1ndose competencias propias del poder legislativo, lo que conculcar\u00eda los principios sobre forma de gobierno establecidos en la carta magna. Tambi\u00e9n hemos recibido denuncias sobre la excesiva influencia del poder ejecutivo en el poder judicial.<\/p>\n<p>3. Hemos recibido denuncias sobre la constante asunci\u00f3n de competencias propias de instituciones civiles por parte de las FFAA: control de puertos y aeropuertos, fronteras, migraciones, funciones policiales y de orden p\u00fablico, control de comunicaciones, sistema el\u00e9ctrico, recursos naturales como bosques e incluso funciones de intervenci\u00f3n social respecto a menores y j\u00f3venes, entre otras. La excesiva asunci\u00f3n de funciones propias del poder civil facilita la militarizaci\u00f3n de la sociedad y favorece el desarrollo de una cultura de violencia.<\/p>\n<p>4. Incremento de la criminalidad organizada especialmente del narcotr\u00e1fico y las maras incidiendo de forma preocupante sobre distintos sectores sociales y facilitando la pervivencia de situaciones de impunidad.<\/p>\n<p>5. En reiteradas ocasiones se nos ha se\u00f1alado que las violaciones de DDHH se concentran prioritariamente sobre determinados colectivos: periodistas, campesinos, sindicalistas, abogados, oposici\u00f3n pol\u00edtica, mujeres, colectivo de diversidad sexual entre otros. El alto nivel de impunidad provoca que los responsables de estas violaciones de DDHH no sean sancionados por la justicia lo que a su vez facilita que contin\u00faen efectu\u00e1ndose todo tipo de violaciones de derechos fundamentales.<\/p>\n<p>6. La inoperancia de los poderes p\u00fablicos a la hora de combatir la impunidad impide la eficacia de las distintas medidas cautelares de protecci\u00f3n sobre colectivos vulnerables dictadas tanto por la justicia hondure\u00f1a como por el Sistema Interamericano de DDHH. La propia Corte de Justicia nos ha reconocido carecer de medios para implementar las medidas cautelares aprobados.<\/p>\n<p>7. Hemos recibido m\u00faltiples denuncias sobre las nuevas formas de intimidaci\u00f3n a personas defensoras de DDHH y otros colectivos vulnerables. Se generalizan amenazas, secuestros y violencia contra familiares de defensores y defensoras de DDHH.<\/p>\n<p><b><strong>A modo de recomendaciones:<\/strong><\/b><\/p>\n<p>1. El estado debe asegurar una eficaz separaci\u00f3n de poderes como premisa fundamental para garantizar el funcionamiento del estado de derecho.<\/p>\n<p>2. La lucha contra la impunidad debe implicar a todos los poderes p\u00fablicos de forma coordinada y eficaz, \u00fanica manera de conseguir acabar con esta realidad y recuperar la credibilidad de la sociedad respecto al estado de derecho.<\/p>\n<p>3. El combate a la criminalidad y a la violaci\u00f3n de los DDHH nunca ser\u00e1 eficaz si no va acompa\u00f1ada de una s\u00f3lida pol\u00edtica de prevenci\u00f3n.<\/p>\n<p>4. Es obligaci\u00f3n del estado garantizar el estricto cumplimiento de las medidas cautelares acordadas por las instituciones competentes, a cuyo efecto deber\u00e1n destinarse los recursos necesarios, puesto que de no hacerse supondr\u00eda la responsabilidad y connivencia del estado con las muchas violaciones de derechos humanos denunciadas.<\/p>\n<p>Al concluir esta misi\u00f3n los integrantes preparar\u00e1n un informe exhaustivo en el que se recojan sus impresiones y conclusiones definitivas.<\/p>\n<p><span style=\"color: #000000;font-family: Calibri;font-size: medium\">\u00a0<\/span><\/p>\n<!-- AddThis Advanced Settings generic via filter on the_content --><!-- AddThis Share Buttons generic via filter on the_content -->","protected":false},"excerpt":{"rendered":"<p>Martes 8 de abril de 2014 En el Congreso hay un Intergrupo de Derechos Humanos con el que fuimos el a\u00f1o pasado a Guatemala en seguimiento del respeto a los derechos Humanos en aquel pa\u00eds. En este 2014 nos ha tocado Honduras. Pag\u00e1ndonos de nuestro bolsillo, quiz\u00e1s por eso no ha ido el PSOE, hemos &hellip; <a href=\"https:\/\/blogs.deia.eus\/anasagasti\/2014\/04\/08\/he-estado-una-semana-en-honduras\/\" class=\"more-link\">Sigue leyendo <span class=\"screen-reader-text\">He estado una semana en Honduras<\/span><\/a><!-- AddThis Advanced Settings generic via filter on get_the_excerpt --><!-- AddThis Share Buttons generic via filter on get_the_excerpt --><\/p>\n","protected":false},"author":19,"featured_media":0,"comment_status":"open","ping_status":"open","sticky":false,"template":"","format":"standard","meta":{"footnotes":""},"categories":[1],"tags":[],"class_list":["post-4934","post","type-post","status-publish","format-standard","hentry","category-general"],"_links":{"self":[{"href":"https:\/\/blogs.deia.eus\/anasagasti\/wp-json\/wp\/v2\/posts\/4934","targetHints":{"allow":["GET"]}}],"collection":[{"href":"https:\/\/blogs.deia.eus\/anasagasti\/wp-json\/wp\/v2\/posts"}],"about":[{"href":"https:\/\/blogs.deia.eus\/anasagasti\/wp-json\/wp\/v2\/types\/post"}],"author":[{"embeddable":true,"href":"https:\/\/blogs.deia.eus\/anasagasti\/wp-json\/wp\/v2\/users\/19"}],"replies":[{"embeddable":true,"href":"https:\/\/blogs.deia.eus\/anasagasti\/wp-json\/wp\/v2\/comments?post=4934"}],"version-history":[{"count":2,"href":"https:\/\/blogs.deia.eus\/anasagasti\/wp-json\/wp\/v2\/posts\/4934\/revisions"}],"predecessor-version":[{"id":4936,"href":"https:\/\/blogs.deia.eus\/anasagasti\/wp-json\/wp\/v2\/posts\/4934\/revisions\/4936"}],"wp:attachment":[{"href":"https:\/\/blogs.deia.eus\/anasagasti\/wp-json\/wp\/v2\/media?parent=4934"}],"wp:term":[{"taxonomy":"category","embeddable":true,"href":"https:\/\/blogs.deia.eus\/anasagasti\/wp-json\/wp\/v2\/categories?post=4934"},{"taxonomy":"post_tag","embeddable":true,"href":"https:\/\/blogs.deia.eus\/anasagasti\/wp-json\/wp\/v2\/tags?post=4934"}],"curies":[{"name":"wp","href":"https:\/\/api.w.org\/{rel}","templated":true}]}}