{"id":4937,"date":"2014-04-09T15:10:30","date_gmt":"2014-04-09T13:10:30","guid":{"rendered":"http:\/\/blogs.deia.com\/anasagasti\/?p=4937"},"modified":"2014-04-09T15:10:30","modified_gmt":"2014-04-09T13:10:30","slug":"por-que-el-gobierno-espanol-ha-vendido-material-antidisturbios-al-regimen-de-maduro","status":"publish","type":"post","link":"https:\/\/blogs.deia.eus\/anasagasti\/2014\/04\/09\/por-que-el-gobierno-espanol-ha-vendido-material-antidisturbios-al-regimen-de-maduro\/","title":{"rendered":"\u00bfPor qu\u00e9 el Gobierno espa\u00f1ol ha vendido material antidisturbios al r\u00e9gimen de Maduro?"},"content":{"rendered":"<p><strong>Mi\u00e9rcoles 9 de abril de 2014<\/strong><\/p>\n<p>Pregunta sobre si el Gobierno tiene respuesta para la denuncia realizada por la organizaci\u00f3n de derechos humanos venezolana \u00abProvea\u00bb, en el sentido de que la polic\u00eda bolivariana est\u00e1 utilizando material antidisturbios suministrado por el Gobierno espa\u00f1ol.<\/p>\n<p>Autor: I\u00d1AKI MIRENA ANASAGASTI OLABEAGA (GPV)<\/p>\n<p>El se\u00f1or PRESIDENTE: Preguntas para el se\u00f1or ministro de Econom\u00eda y Competitividad.<\/p>\n<p>Pregunta de don I\u00f1aki Anasagasti Olabeaga.<\/p>\n<p>Tiene la palabra su se\u00f1or\u00eda.<\/p>\n<p>El se\u00f1or <strong><span style=\"font-size: medium\">ANASAGASTI OLABEAGA:<\/span><\/strong> Muchas gracias, se\u00f1or presidente.<\/p>\n<p>Se\u00f1or ministro, no entienda mi comentario como algo personal porque s\u00e9 que incluso mantiene usted una buena relaci\u00f3n con nacionalistas, pero no s\u00e9 qu\u00e9 pinta usted contestando esta pregunta relacionada con la venta de material antidisturbios, a no ser que usted por detentar el departamento de comercio lo vea seguro. Lo l\u00f3gico hubiera sido que lo hubiera hecho el ministro de Asuntos Exteriores, Garc\u00eda\u2212Margallo, a no ser que solamente se dedique a hablar sobre Catalu\u00f1a, o el ministro del Interior, a no ser que se dedique a organizar viajes a Lourdes de la Guardia Civil. <i><span style=\"font-size: medium\">(Risas).<\/span><\/i> Hasta ser\u00eda bueno que tambi\u00e9n lo hiciera el ministro de Defensa, que es experto en venta de armamento.<\/p>\n<p>Nos ha sorprendido el hecho de que ustedes hayan sacado una nota diciendo que han suspendido cautelarmente y por tiempo indefinido la exportaci\u00f3n de material antidisturbios a Venezuela ante la espiral de violencia que vive dicho pa\u00eds desde principios de febrero y que ha dejado un saldo de 39 muertos, 550 heridos y m\u00e1s de 2000 detenidos, seg\u00fan datos de Amnist\u00eda Internacional. La decisi\u00f3n fue adoptada por la Junta Interministerial Reguladora del Comercio Exterior de Material de Defensa y de Doble Uso, en la que est\u00e1n representados los departamentos de Asuntos Exteriores, Defensa, Interior, Comercio o Hacienda, el pasado 6 de marzo, aunque no se hizo p\u00fablica. Se\u00f1or ministro, \u00bfpor qu\u00e9 no se ha hecho p\u00fablica? \u00bfPor qu\u00e9 no nos ha dicho nada? Desde luego, nos hubi\u00e9ramos evitado esta pregunta.<\/p>\n<p>La doy por formulada.<\/p>\n<p>El se\u00f1or PRESIDENTE: Muchas gracias, senador\u00a0 Anasagasti.<\/p>\n<p>Se\u00f1or ministro, tiene la palabra.<\/p>\n<p>El se\u00f1or <strong><span style=\"font-size: medium\">MINISTRO DE ECONOM\u00cdA Y COMPETITIVIDAD (De Guindos Jurado):<\/span><\/strong> Muchas gracias, se\u00f1or presidente.<\/p>\n<p>Se\u00f1or\u00eda, menos mal que la da usted por formulada porque ha durado un poquito su introducci\u00f3n, lo cual me parece muy bien.<\/p>\n<p>Yo simplemente le puedo asegurar que ni el Gobierno ni ninguna empresa p\u00fablica espa\u00f1ola han suministrado ning\u00fan tipo de material antidisturbios a Venezuela. Y adem\u00e1s le confirmo que, ante la evoluci\u00f3n de la situaci\u00f3n interna en Venezuela, el Gobierno decidi\u00f3 suspender el pasado 6 de marzo de forma cautelar 15 licencias de exportaci\u00f3n de material antidisturbios y una licencia de cartuchos de caza que se encontraban vigentes. Asimismo, acord\u00f3 no conceder ninguna nueva autorizaci\u00f3n mientras las circunstancias en este pa\u00eds no se modifiquen.<\/p>\n<p>El se\u00f1or PRESIDENTE: Muchas gracias, se\u00f1or ministro.<\/p>\n<p>Senador Anasagasti, tiene la palabra.<\/p>\n<p>El se\u00f1or <strong><span style=\"font-size: medium\">ANASAGASTI OLABEAGA:<\/span><\/strong> Muchas gracias, se\u00f1or presidente.<\/p>\n<p>Pues vaya, si no venden material antidisturbios, les sugiero que vendan harina pan para hacer las arepas, que vendan libros, que vendan papel toilette, que tambi\u00e9n hace falta de vez en cuando \u2212<i><span style=\"font-size: medium\">(Risas).<\/span><\/i>-, pero no material antidisturbios y menos a un pa\u00eds autoritario o casi, en una deriva muy peligrosa hacia una dictadura.<\/p>\n<p>Pero ha contestado usted de la misma manera que ha respondido el propio Gobierno venezolano. La denuncia viene de Provea, una asociaci\u00f3n de derechos humanos. Y yo, se\u00f1or ministro, entre lo que dice la asociaci\u00f3n de derechos humanos de Venezuela y lo que me ha dicho usted me quedo con lo de la asociaci\u00f3n de derechos humanos. \u00bfPor qu\u00e9? \u00bfPor qu\u00e9 ustedes no lo han hecho p\u00fablico?. Pues por algo ser\u00e1. \u00bfSer\u00e1 porque el ministro de Asuntos Exteriores venezolano, el se\u00f1or Jaua, le dijo al se\u00f1or Garc\u00eda Margallo que no metiera sus narices en Venezuela? \u00bfSer\u00e1 porque Espa\u00f1a tiene muchos intereses en Venezuela? Seguramente ser\u00e1 por eso pero, indudablemente, los derechos humanos son universales y ustedes podr\u00edan hacer mucho m\u00e1s por Venezuela, sobre todo ante una situaci\u00f3n que se deteriora d\u00eda a d\u00eda.<\/p>\n<p>Este fin de semana han viajado cancilleres de todos los pa\u00edses latinoamericanos para tratar de arreglar la situaci\u00f3n e incluso el Vaticano se ha ofrecido como mediador y, ustedes \u00bfqu\u00e9 estaban haciendo? Vender material antidisturbios. Lo han mantenido oculto y ahora me dice que no era material antidisturbios sino algo de humo.<\/p>\n<p>La verdad es que esto tiene mucha trampa y huele muy mal. Lo \u00fanico que nosotros estamos demostrando es una situaci\u00f3n de deterioro continuo; una situaci\u00f3n de muerte continua; la detenci\u00f3n de Mar\u00eda Corina Machado, una diputada a la que le han quitado su esca\u00f1o simplemente por acudir a la OEA a denunciar la situaci\u00f3n de Venezuela; la detenci\u00f3n de Leopoldo L\u00f3pez, el l\u00edder del movimiento unitario de la oposici\u00f3n venezolana.<\/p>\n<p>Usted seguramente contestar\u00e1 de un modo t\u00e9cnico y ah\u00ed quedar\u00e1 todo pero, se\u00f1or ministro, esta es una situaci\u00f3n excesivamente an\u00f3mala y creemos que no se compadece absolutamente nada con la pol\u00edtica que ustedes siguieron en la anterior legislatura en relaci\u00f3n con el ministro Moratinos y con el presidente Zapatero.<\/p>\n<p>Esto no tiene nada que ver.<\/p>\n<p>El se\u00f1or PRESIDENTE: Muchas gracias, senador Anasagasti.<\/p>\n<p>Tiene la palabra el se\u00f1or ministro.<\/p>\n<p>El se\u00f1or <strong><span style=\"font-size: medium\">MINISTRO DE ECONOM\u00cdA Y COMPETITIVIDAD (De Guindos Jurado): <\/span><\/strong>Muchas gracias, se\u00f1or presidente.<\/p>\n<p>\u00bfQu\u00e9 quiere que le diga? Le vuelvo a repetir que el pasado 6 de marzo el Gobierno ya suspendi\u00f3 de forma cautelar estas licencias, a pesar de que Venezuela no est\u00e1 sometida a ning\u00fan embargo de Naciones Unidas ni de la Uni\u00f3n Europea.<\/p>\n<p>Adem\u00e1s, el Gobierno siempre ha tenido en cuenta la situaci\u00f3n existente en el pa\u00eds y, por ese motivo, ya se paralizaron temporalmente autorizaciones de env\u00edos en los a\u00f1os 2012 y 2013, cuando se produjeron momentos de fuerte inestabilidad interna. Esa es la situaci\u00f3n, se\u00f1or\u00eda, y adem\u00e1s le repito que la Secretar\u00eda de Estado de Comercio depende del ministro de Econom\u00eda, que ha considerado la situaci\u00f3n, las circunstancias y se han suspendido las autorizaciones de env\u00edo de material antidisturbios y de caza de empresas privadas, y no ha habido un solo env\u00edo ni de empresas p\u00fablicas ni del Gobierno.<\/p>\n<p>Quiz\u00e1 a usted no le valga, pero creo que deber\u00eda estar muy contento con la respuesta que le estoy dando porque est\u00e1 absolutamente preocupado con la situaci\u00f3n de Venezuela, como tambi\u00e9n lo est\u00e1 el Gobierno.<\/p>\n<p>Much\u00edsimas gracias. <i><span style=\"font-size: medium\">(Aplausos).<\/span><\/i><\/p>\n<p>El se\u00f1or PRESIDENTE: Muchas gracias, se\u00f1or ministro.<\/p>\n<p><span style=\"color: #000000;font-family: Calibri;font-size: medium\">\u00a0<\/span><\/p>\n<!-- AddThis Advanced Settings generic via filter on the_content --><!-- AddThis Share Buttons generic via filter on the_content -->","protected":false},"excerpt":{"rendered":"<p>Mi\u00e9rcoles 9 de abril de 2014 Pregunta sobre si el Gobierno tiene respuesta para la denuncia realizada por la organizaci\u00f3n de derechos humanos venezolana \u00abProvea\u00bb, en el sentido de que la polic\u00eda bolivariana est\u00e1 utilizando material antidisturbios suministrado por el Gobierno espa\u00f1ol. Autor: I\u00d1AKI MIRENA ANASAGASTI OLABEAGA (GPV) El se\u00f1or PRESIDENTE: Preguntas para el se\u00f1or &hellip; <a href=\"https:\/\/blogs.deia.eus\/anasagasti\/2014\/04\/09\/por-que-el-gobierno-espanol-ha-vendido-material-antidisturbios-al-regimen-de-maduro\/\" class=\"more-link\">Sigue leyendo <span class=\"screen-reader-text\">\u00bfPor qu\u00e9 el Gobierno espa\u00f1ol ha vendido material antidisturbios al r\u00e9gimen de Maduro?<\/span><\/a><!-- AddThis Advanced Settings generic via filter on get_the_excerpt --><!-- AddThis Share Buttons generic via filter on get_the_excerpt --><\/p>\n","protected":false},"author":19,"featured_media":0,"comment_status":"open","ping_status":"open","sticky":false,"template":"","format":"standard","meta":{"footnotes":""},"categories":[1],"tags":[],"class_list":["post-4937","post","type-post","status-publish","format-standard","hentry","category-general"],"_links":{"self":[{"href":"https:\/\/blogs.deia.eus\/anasagasti\/wp-json\/wp\/v2\/posts\/4937","targetHints":{"allow":["GET"]}}],"collection":[{"href":"https:\/\/blogs.deia.eus\/anasagasti\/wp-json\/wp\/v2\/posts"}],"about":[{"href":"https:\/\/blogs.deia.eus\/anasagasti\/wp-json\/wp\/v2\/types\/post"}],"author":[{"embeddable":true,"href":"https:\/\/blogs.deia.eus\/anasagasti\/wp-json\/wp\/v2\/users\/19"}],"replies":[{"embeddable":true,"href":"https:\/\/blogs.deia.eus\/anasagasti\/wp-json\/wp\/v2\/comments?post=4937"}],"version-history":[{"count":2,"href":"https:\/\/blogs.deia.eus\/anasagasti\/wp-json\/wp\/v2\/posts\/4937\/revisions"}],"predecessor-version":[{"id":4939,"href":"https:\/\/blogs.deia.eus\/anasagasti\/wp-json\/wp\/v2\/posts\/4937\/revisions\/4939"}],"wp:attachment":[{"href":"https:\/\/blogs.deia.eus\/anasagasti\/wp-json\/wp\/v2\/media?parent=4937"}],"wp:term":[{"taxonomy":"category","embeddable":true,"href":"https:\/\/blogs.deia.eus\/anasagasti\/wp-json\/wp\/v2\/categories?post=4937"},{"taxonomy":"post_tag","embeddable":true,"href":"https:\/\/blogs.deia.eus\/anasagasti\/wp-json\/wp\/v2\/tags?post=4937"}],"curies":[{"name":"wp","href":"https:\/\/api.w.org\/{rel}","templated":true}]}}