{"id":4940,"date":"2014-04-10T20:15:58","date_gmt":"2014-04-10T18:15:58","guid":{"rendered":"http:\/\/blogs.deia.com\/anasagasti\/?p=4940"},"modified":"2014-04-10T20:15:58","modified_gmt":"2014-04-10T18:15:58","slug":"mi-conversacion-el-martes-con-arias-canete","status":"publish","type":"post","link":"https:\/\/blogs.deia.eus\/anasagasti\/2014\/04\/10\/mi-conversacion-el-martes-con-arias-canete\/","title":{"rendered":"Mi conversaci\u00f3n el martes con Arias Ca\u00f1ete"},"content":{"rendered":"<p><b><strong><a href=\"http:\/\/blogs.deia.com\/anasagasti\/files\/2014\/04\/388.14.jpg\"><img loading=\"lazy\" decoding=\"async\" class=\"alignleft size-full wp-image-4941\" alt=\"388.14\" src=\"http:\/\/blogs.deia.com\/anasagasti\/files\/2014\/04\/388.14.jpg\" width=\"281\" height=\"180\" \/><\/a>Jueves 10 de abril de 2014<\/strong><\/b><\/p>\n<p>Conozco a Miguel \u00c1ngel Arias Ca\u00f1ete desde hace mucho tiempo. En la pasada legislatura fue presidente de la Comisi\u00f3n Mixta de la Uni\u00f3n Europea. He viajado con \u00e9l y comentado vida y milagros. Abogado del estado su primer destino fue Ceuta. Le encantan los coches antiguos y tiene en su agenda visitar la colecci\u00f3n de Rolls Royce de Bizkaia. Tuvo una novia en Neguri, sentido del humor y de la iron\u00eda, conocimiento de la m\u00e1quina comunitaria y don de gentes. Mon\u00e1rquico y muy espa\u00f1ol. Su presidencia de la Comisi\u00f3n no fue sectaria, dio juego a todos, y tras las intervenciones de los Grupos dejaba a los parlamentarios individuales que hablaran libremente de la cuesti\u00f3n. No es lo usual. Hab\u00eda uno que nos daba cada plasta de cuidado, pero a \u00e9l le gustaba que la gente opinara. Y siempre tuvo claro que lo suyo era ser Comisario de la UE.Y lo ser\u00e1.<\/p>\n<p>El martes fue al Senado a contestar preguntas. Se intu\u00eda su designaci\u00f3n por parte del dedo m\u00e1gico de Rajoy para ser el candidato. Tras las preguntas, al salir, fui a su esca\u00f1o y habl\u00e9 con \u00e9l de Azkuna. Me cont\u00f3 que \u00e9ste le hab\u00eda llamado para inaugurar, en las m\u00e1rgenes de la R\u00eda, las obras que se hab\u00edan hecho y que el alcalde quer\u00eda hacerlo con el ministro. Y hablamos de su estancia en Bilbao aquel d\u00eda y de c\u00f3mo estando en Bakio y tener apalabrada una comida all\u00ed le llam\u00f3 Azkuna porque quer\u00eda almorzar con \u00e9l. Y dej\u00f3 todo para comer con Azkuna en una despedida no verbalizada. Y me puso muy bien al primer edil bilba\u00edno.<\/p>\n<p>Estuvo afable y como descansado. En el Congreso la bronca catalana estaba al pil pil. \u00c9l, en el Senado, contestaba preguntas. No es mal candidato para el PP. Mil veces mejor que la Sra. Valenciano que ya fue eurodiputada y no hizo absolutamente nada. Ni ir. Pero la mejor es Izaskun Bilbao. Nadie ha trabajado como ella. Y ojal\u00e1 debata con Arias Ca\u00f1ete. Ser\u00e1 un buen debate. De altura y de Europa.<\/p>\n<!-- AddThis Advanced Settings generic via filter on the_content --><!-- AddThis Share Buttons generic via filter on the_content -->","protected":false},"excerpt":{"rendered":"<p>Jueves 10 de abril de 2014 Conozco a Miguel \u00c1ngel Arias Ca\u00f1ete desde hace mucho tiempo. En la pasada legislatura fue presidente de la Comisi\u00f3n Mixta de la Uni\u00f3n Europea. He viajado con \u00e9l y comentado vida y milagros. Abogado del estado su primer destino fue Ceuta. Le encantan los coches antiguos y tiene en &hellip; <a href=\"https:\/\/blogs.deia.eus\/anasagasti\/2014\/04\/10\/mi-conversacion-el-martes-con-arias-canete\/\" class=\"more-link\">Sigue leyendo <span class=\"screen-reader-text\">Mi conversaci\u00f3n el martes con Arias Ca\u00f1ete<\/span><\/a><!-- AddThis Advanced Settings generic via filter on get_the_excerpt --><!-- AddThis Share Buttons generic via filter on get_the_excerpt --><\/p>\n","protected":false},"author":19,"featured_media":0,"comment_status":"open","ping_status":"open","sticky":false,"template":"","format":"standard","meta":{"footnotes":""},"categories":[1],"tags":[],"class_list":["post-4940","post","type-post","status-publish","format-standard","hentry","category-general"],"_links":{"self":[{"href":"https:\/\/blogs.deia.eus\/anasagasti\/wp-json\/wp\/v2\/posts\/4940","targetHints":{"allow":["GET"]}}],"collection":[{"href":"https:\/\/blogs.deia.eus\/anasagasti\/wp-json\/wp\/v2\/posts"}],"about":[{"href":"https:\/\/blogs.deia.eus\/anasagasti\/wp-json\/wp\/v2\/types\/post"}],"author":[{"embeddable":true,"href":"https:\/\/blogs.deia.eus\/anasagasti\/wp-json\/wp\/v2\/users\/19"}],"replies":[{"embeddable":true,"href":"https:\/\/blogs.deia.eus\/anasagasti\/wp-json\/wp\/v2\/comments?post=4940"}],"version-history":[{"count":2,"href":"https:\/\/blogs.deia.eus\/anasagasti\/wp-json\/wp\/v2\/posts\/4940\/revisions"}],"predecessor-version":[{"id":4943,"href":"https:\/\/blogs.deia.eus\/anasagasti\/wp-json\/wp\/v2\/posts\/4940\/revisions\/4943"}],"wp:attachment":[{"href":"https:\/\/blogs.deia.eus\/anasagasti\/wp-json\/wp\/v2\/media?parent=4940"}],"wp:term":[{"taxonomy":"category","embeddable":true,"href":"https:\/\/blogs.deia.eus\/anasagasti\/wp-json\/wp\/v2\/categories?post=4940"},{"taxonomy":"post_tag","embeddable":true,"href":"https:\/\/blogs.deia.eus\/anasagasti\/wp-json\/wp\/v2\/tags?post=4940"}],"curies":[{"name":"wp","href":"https:\/\/api.w.org\/{rel}","templated":true}]}}