{"id":4947,"date":"2014-04-13T14:54:32","date_gmt":"2014-04-13T12:54:32","guid":{"rendered":"http:\/\/blogs.deia.com\/anasagasti\/?p=4947"},"modified":"2014-04-13T14:54:32","modified_gmt":"2014-04-13T12:54:32","slug":"la-colectividad-vasco-venezolana-se-reune-en-galdakao","status":"publish","type":"post","link":"https:\/\/blogs.deia.eus\/anasagasti\/2014\/04\/13\/la-colectividad-vasco-venezolana-se-reune-en-galdakao\/","title":{"rendered":"La colectividad vasco venezolana se re\u00fane en Galdakao."},"content":{"rendered":"<p><a href=\"http:\/\/blogs.deia.com\/anasagasti\/files\/2014\/04\/405.2.jpg\"><strong><img loading=\"lazy\" decoding=\"async\" class=\"alignleft size-medium wp-image-4948\" alt=\"???????????????????????????????\" src=\"http:\/\/blogs.deia.com\/anasagasti\/files\/2014\/04\/405.2-580x310.jpg\" width=\"580\" height=\"310\" srcset=\"https:\/\/blogs.deia.eus\/anasagasti\/files\/2014\/04\/405.2-580x310.jpg 580w, https:\/\/blogs.deia.eus\/anasagasti\/files\/2014\/04\/405.2-940x503.jpg 940w, https:\/\/blogs.deia.eus\/anasagasti\/files\/2014\/04\/405.2.jpg 1024w\" sizes=\"auto, (max-width: 580px) 100vw, 580px\" \/><\/strong><\/a><a href=\"http:\/\/blogs.deia.com\/anasagasti\/files\/2014\/04\/405.3.jpg\"><strong><img loading=\"lazy\" decoding=\"async\" class=\"alignleft size-thumbnail wp-image-4949\" style=\"width: 109px\" alt=\"???????????????????????????????\" src=\"http:\/\/blogs.deia.com\/anasagasti\/files\/2014\/04\/405.3-150x150.jpg\" width=\"150\" height=\"84\" \/><\/strong><\/a><a href=\"http:\/\/blogs.deia.com\/anasagasti\/files\/2014\/04\/405.4.jpg\"><strong><img loading=\"lazy\" decoding=\"async\" class=\"alignleft size-thumbnail wp-image-4950\" style=\"width: 102px\" alt=\"???????????????????????????????\" src=\"http:\/\/blogs.deia.com\/anasagasti\/files\/2014\/04\/405.4-150x150.jpg\" width=\"150\" height=\"22\" \/><\/strong><\/a><a><strong><img loading=\"lazy\" decoding=\"async\" class=\"alignleft size-thumbnail wp-image-4952\" style=\"width: 103px\" alt=\"???????????????????????????????\" src=\"http:\/\/blogs.deia.com\/anasagasti\/files\/2014\/04\/405.6-150x150.jpg\" width=\"150\" height=\"89\" \/><\/strong><\/a><strong><a href=\"http:\/\/blogs.deia.com\/anasagasti\/files\/2014\/04\/405.5.jpg\"><img loading=\"lazy\" decoding=\"async\" class=\"alignleft size-thumbnail wp-image-4951\" style=\"width: 95px\" alt=\"???????????????????????????????\" src=\"http:\/\/blogs.deia.com\/anasagasti\/files\/2014\/04\/405.5-150x150.jpg\" width=\"150\" height=\"95\" \/><\/a><\/strong><strong>Domingo 13 de abri<\/strong><strong>l de 2014<\/strong><\/p>\n<p>&nbsp;<\/p>\n<p>&nbsp;<\/p>\n<p>&nbsp;<\/p>\n<p>Suele ser en abril cuando los vasco-venezolanos se re\u00fanen en Galdakao una vez al a\u00f1o en una comida de confraternizaci\u00f3n. Este a\u00f1o con cambio de restaurant que solo pod\u00eda acoger a ochenta personas y, tras la misa por los fallecidos durante al a\u00f1o en la parroquia, y el picoteo, dimos cuenta a arepitas, teque\u00f1os, queso crema, empanadas, pan de jam\u00f3n y otras exquisiteces que hab\u00eda preparado el regente del Gambrinus, un venezolano del estado T\u00e1chira que lleva diez a\u00f1os en esta localidad.<\/p>\n<p>Buen ambiente, comentar los debates que hab\u00eda habido en Venezuela entre la oposici\u00f3n y el gobierno, saludos a gentes que hac\u00eda tiempo no ven\u00edan como Edurne Garin que aprovechando su viaje de Semana Santa a Euzkadi, vino con toda su familia, I\u00f1aki Erkoreka y el delegado para las Colectividades Vascas Asier Vallejo que prepara un viaje a aquel pa\u00eds y que nos dijo que han encargado a dos historiadores la historia del centro Vasco de Caracas y la del exilio a Am\u00e9rica. En los postres se le entreg\u00f3 a la familia Leunda Biskarret un recuerdo por su asistencia continua a estos encuentros, el matrimonio y toda la familia, en un a\u00f1o en el que hab\u00edan tenido la dolorosa p\u00e9rdida de su hija Leire.<\/p>\n<p>Una llama encendida en Euzkadi de recuerdo de viejas amistades, viejas vivencias y buenos recuerdos que hay que renovar.<\/p>\n<p>&nbsp;<\/p>\n<!-- AddThis Advanced Settings generic via filter on the_content --><!-- AddThis Share Buttons generic via filter on the_content -->","protected":false},"excerpt":{"rendered":"<p>Domingo 13 de abril de 2014 &nbsp; &nbsp; &nbsp; Suele ser en abril cuando los vasco-venezolanos se re\u00fanen en Galdakao una vez al a\u00f1o en una comida de confraternizaci\u00f3n. Este a\u00f1o con cambio de restaurant que solo pod\u00eda acoger a ochenta personas y, tras la misa por los fallecidos durante al a\u00f1o en la parroquia, &hellip; <a href=\"https:\/\/blogs.deia.eus\/anasagasti\/2014\/04\/13\/la-colectividad-vasco-venezolana-se-reune-en-galdakao\/\" class=\"more-link\">Sigue leyendo <span class=\"screen-reader-text\">La colectividad vasco venezolana se re\u00fane en Galdakao.<\/span><\/a><!-- AddThis Advanced Settings generic via filter on get_the_excerpt --><!-- AddThis Share Buttons generic via filter on get_the_excerpt --><\/p>\n","protected":false},"author":19,"featured_media":0,"comment_status":"open","ping_status":"open","sticky":false,"template":"","format":"standard","meta":{"footnotes":""},"categories":[1],"tags":[],"class_list":["post-4947","post","type-post","status-publish","format-standard","hentry","category-general"],"_links":{"self":[{"href":"https:\/\/blogs.deia.eus\/anasagasti\/wp-json\/wp\/v2\/posts\/4947","targetHints":{"allow":["GET"]}}],"collection":[{"href":"https:\/\/blogs.deia.eus\/anasagasti\/wp-json\/wp\/v2\/posts"}],"about":[{"href":"https:\/\/blogs.deia.eus\/anasagasti\/wp-json\/wp\/v2\/types\/post"}],"author":[{"embeddable":true,"href":"https:\/\/blogs.deia.eus\/anasagasti\/wp-json\/wp\/v2\/users\/19"}],"replies":[{"embeddable":true,"href":"https:\/\/blogs.deia.eus\/anasagasti\/wp-json\/wp\/v2\/comments?post=4947"}],"version-history":[{"count":11,"href":"https:\/\/blogs.deia.eus\/anasagasti\/wp-json\/wp\/v2\/posts\/4947\/revisions"}],"predecessor-version":[{"id":4963,"href":"https:\/\/blogs.deia.eus\/anasagasti\/wp-json\/wp\/v2\/posts\/4947\/revisions\/4963"}],"wp:attachment":[{"href":"https:\/\/blogs.deia.eus\/anasagasti\/wp-json\/wp\/v2\/media?parent=4947"}],"wp:term":[{"taxonomy":"category","embeddable":true,"href":"https:\/\/blogs.deia.eus\/anasagasti\/wp-json\/wp\/v2\/categories?post=4947"},{"taxonomy":"post_tag","embeddable":true,"href":"https:\/\/blogs.deia.eus\/anasagasti\/wp-json\/wp\/v2\/tags?post=4947"}],"curies":[{"name":"wp","href":"https:\/\/api.w.org\/{rel}","templated":true}]}}