{"id":4978,"date":"2014-04-15T15:18:17","date_gmt":"2014-04-15T13:18:17","guid":{"rendered":"http:\/\/blogs.deia.com\/anasagasti\/?p=4978"},"modified":"2014-04-15T15:18:17","modified_gmt":"2014-04-15T13:18:17","slug":"los-venezolanos-se-manifiestan-en-vitoria-gasteiz-contra-el-regimen-de-maduro","status":"publish","type":"post","link":"https:\/\/blogs.deia.eus\/anasagasti\/2014\/04\/15\/los-venezolanos-se-manifiestan-en-vitoria-gasteiz-contra-el-regimen-de-maduro\/","title":{"rendered":"Los Venezolanos se manifiestan en Vitoria-Gasteiz contra el r\u00e9gimen de Maduro"},"content":{"rendered":"<p><b><strong><a href=\"http:\/\/blogs.deia.com\/anasagasti\/files\/2014\/04\/423.14.jpg\"><img loading=\"lazy\" decoding=\"async\" class=\"alignleft size-full wp-image-4979\" alt=\"423.14\" src=\"http:\/\/blogs.deia.com\/anasagasti\/files\/2014\/04\/423.14.jpg\" width=\"500\" height=\"278\" \/><\/a><\/strong><\/b><\/p>\n<p>&nbsp;<\/p>\n<p>&nbsp;<\/p>\n<p>&nbsp;<\/p>\n<p>&nbsp;<\/p>\n<p>&nbsp;<\/p>\n<p><b><strong>Martes 15 de abril de 2014<\/strong><\/b><\/p>\n<p><span style=\"font-size: medium\">Parte de<\/span><strong><span style=\"font-size: medium\"> la colonia venezolana en Vitoria-Gasteiz volvi\u00f3 a salir este domingo a la calle para gritar contra el r\u00e9gimen de Nicol\u00e1s Maduro<\/span><\/strong><span style=\"font-size: medium\">, y en apoyo de los universitarios que desde hace varios meses siguen en la calle luchando contra el heredero de Ch\u00e1vez. Medio centenar de venezolanos se concentraron en apoyo de los universitarios, en contraste con la <\/span><a href=\"http:\/\/www.gasteizhoy.com\/la-izquierda-abertzale-apoya-a-nicolas-maduro\/\"><span style=\"text-decoration: underline\"><span style=\"font-size: medium\">manifestaci\u00f3n que apenas hace unas semanas tuvo lugar en Vitoria en apoyo al r\u00e9gimen chavista<\/span><\/span><\/a><span style=\"font-size: medium\">.<\/span><\/p>\n<p><span style=\"font-size: medium\">Aquella manifestaci\u00f3n estaba convocada por la izquierda de Euzkadi (LAB, Bildu y Ezker Anitza, entre otros), y la de este domingo fue convocada por los propios venezolanos. <\/span><strong><span style=\"font-size: medium\">Venezolanos que han colocado varias \u2018l\u00e1pidas\u2019 sobre el suelo de la Plaza de la Virgen Blanca, denunciando la inseguridad existente en Venezuela<\/span><\/strong><span style=\"font-size: medium\">. Seg\u00fan relataban los miembros de la colonia en Gasteiz, en el \u00faltimo a\u00f1o hubo 24.700 homicidios en Venezuela, uno cada 20 minutos.<\/span><\/p>\n<p><span style=\"font-size: medium\">Los vasco-venezolanos presentes culpan al Gobierno de esta situaci\u00f3n y <\/span><strong><span style=\"font-size: medium\">han querido explicar a los vitorianos por qu\u00e9 los estudiantes y la oposici\u00f3n venezolana est\u00e1n en la calle<\/span><\/strong><span style=\"font-size: medium\">. Seg\u00fan denunciaban los convocantes, protestan por la escasez de alimentos, la desmedida inflaci\u00f3n y la nula asunci\u00f3n de responsabilidades por parte del gobierno.<\/span><\/p>\n<p><span style=\"font-size: medium\">En la Virgen Blanca tambi\u00e9n se pudieron escuchar denuncias contra \u201cuno de los gobiernos m\u00e1s corruptos del mundo\u201d, que adem\u00e1s ha sido uno de los m\u00e1s violentos y represivos \u201cviolando derechos humanos\u201d.<\/span><\/p>\n<p><span style=\"font-size: medium\">Al finalizar el acto los venezolanos cantaron el himno de su pa\u00eds, concluyendo con Gora Euzkadi y un Viva Venezuela Libre. Vitoria-Gasteiz acoge en la actualidad a 516 venezolanos.<\/span><\/p>\n<p>&nbsp;<\/p>\n<p>&nbsp;<\/p>\n<p>&nbsp;<\/p>\n<p>&nbsp;<\/p>\n<p>&nbsp;<\/p>\n<p>&nbsp;<\/p>\n<p>&nbsp;<\/p>\n<p>&nbsp;<\/p>\n<!-- AddThis Advanced Settings generic via filter on the_content --><!-- AddThis Share Buttons generic via filter on the_content -->","protected":false},"excerpt":{"rendered":"<p>&nbsp; &nbsp; &nbsp; &nbsp; &nbsp; Martes 15 de abril de 2014 Parte de la colonia venezolana en Vitoria-Gasteiz volvi\u00f3 a salir este domingo a la calle para gritar contra el r\u00e9gimen de Nicol\u00e1s Maduro, y en apoyo de los universitarios que desde hace varios meses siguen en la calle luchando contra el heredero de Ch\u00e1vez. &hellip; <a href=\"https:\/\/blogs.deia.eus\/anasagasti\/2014\/04\/15\/los-venezolanos-se-manifiestan-en-vitoria-gasteiz-contra-el-regimen-de-maduro\/\" class=\"more-link\">Sigue leyendo <span class=\"screen-reader-text\">Los Venezolanos se manifiestan en Vitoria-Gasteiz contra el r\u00e9gimen de Maduro<\/span><\/a><!-- AddThis Advanced Settings generic via filter on get_the_excerpt --><!-- AddThis Share Buttons generic via filter on get_the_excerpt --><\/p>\n","protected":false},"author":19,"featured_media":0,"comment_status":"open","ping_status":"open","sticky":false,"template":"","format":"standard","meta":{"footnotes":""},"categories":[1],"tags":[],"class_list":["post-4978","post","type-post","status-publish","format-standard","hentry","category-general"],"_links":{"self":[{"href":"https:\/\/blogs.deia.eus\/anasagasti\/wp-json\/wp\/v2\/posts\/4978","targetHints":{"allow":["GET"]}}],"collection":[{"href":"https:\/\/blogs.deia.eus\/anasagasti\/wp-json\/wp\/v2\/posts"}],"about":[{"href":"https:\/\/blogs.deia.eus\/anasagasti\/wp-json\/wp\/v2\/types\/post"}],"author":[{"embeddable":true,"href":"https:\/\/blogs.deia.eus\/anasagasti\/wp-json\/wp\/v2\/users\/19"}],"replies":[{"embeddable":true,"href":"https:\/\/blogs.deia.eus\/anasagasti\/wp-json\/wp\/v2\/comments?post=4978"}],"version-history":[{"count":10,"href":"https:\/\/blogs.deia.eus\/anasagasti\/wp-json\/wp\/v2\/posts\/4978\/revisions"}],"predecessor-version":[{"id":4989,"href":"https:\/\/blogs.deia.eus\/anasagasti\/wp-json\/wp\/v2\/posts\/4978\/revisions\/4989"}],"wp:attachment":[{"href":"https:\/\/blogs.deia.eus\/anasagasti\/wp-json\/wp\/v2\/media?parent=4978"}],"wp:term":[{"taxonomy":"category","embeddable":true,"href":"https:\/\/blogs.deia.eus\/anasagasti\/wp-json\/wp\/v2\/categories?post=4978"},{"taxonomy":"post_tag","embeddable":true,"href":"https:\/\/blogs.deia.eus\/anasagasti\/wp-json\/wp\/v2\/tags?post=4978"}],"curies":[{"name":"wp","href":"https:\/\/api.w.org\/{rel}","templated":true}]}}