{"id":4990,"date":"2014-04-16T17:02:06","date_gmt":"2014-04-16T15:02:06","guid":{"rendered":"http:\/\/blogs.deia.com\/anasagasti\/?p=4990"},"modified":"2014-04-16T17:02:06","modified_gmt":"2014-04-16T15:02:06","slug":"una-historia-familiar-parecida-a-la-pelicula-ocho-apellidos-vascos","status":"publish","type":"post","link":"https:\/\/blogs.deia.eus\/anasagasti\/2014\/04\/16\/una-historia-familiar-parecida-a-la-pelicula-ocho-apellidos-vascos\/","title":{"rendered":"Una historia familiar parecida a la pel\u00edcula \u201cOcho apellidos vascos\u201d."},"content":{"rendered":"<p><b><strong><a href=\"http:\/\/blogs.deia.com\/anasagasti\/files\/2014\/04\/398.1.jpg\"><img loading=\"lazy\" decoding=\"async\" class=\"alignleft size-full wp-image-4991\" alt=\"398.1\" src=\"http:\/\/blogs.deia.com\/anasagasti\/files\/2014\/04\/398.1.jpg\" width=\"300\" height=\"194\" \/><\/a>Mi\u00e9rcoles 16 de abril de 2014<\/strong><\/b><\/p>\n<p>He visto la pel\u00edcula \u00abOcho apellidos vascos\u00bb y <span style=\"font-family: Arial;font-size: medium\">\u00a0<\/span>me ha llamado la atenci\u00f3n una noticia que me ha sido comenta\u00adda por familiares que tengo en C\u00e1diz y en Sevilla, ya que la pel\u00edcula les ha tra\u00eddo a la memoria escenas familiares. Me explico.<\/p>\n<p>El padre de mi aita, mi aitxitxe (abuelo) era uno de los diez hijos de un mundak\u00e9s Le\u00f3n Anasagasti. El mayor era Manuel, que fue mi abuelo y estudi\u00f3 y fue capit\u00e1n de la marina mercante. Uno de sus hermanos se llamaba Antonio y era marinero de cabotaje. En uno de sus viajes toc\u00f3 su barco el puerto de C\u00e1diz y all\u00ed se qued\u00f3 para siempre ya que se enamor\u00f3 de una bella gaditana y como hab\u00eda que vivir en aquel C\u00e1diz elegido, mont\u00f3 un restaurant: el afamado \u201cAtxuri\u201d que estuvo tras la Tabacalera y ahora tras un <span style=\"font-family: Arial;font-size: medium\">P<\/span>alacio de Congresos en la calle Plocia. Fuera pone \u201cCocina Vasco-Andaluza\u201d. Lo regenta un familiar de aquel Antonio que habla un euskera de Mundaka con acento andaluz.<\/p>\n<p>Por eso me ha llamado la atenci\u00f3n esta noticia que me han enviado estos primos andaluces:<\/p>\n<p><strong>Un cocinero vasco en C\u00e1diz, nueva comedia de Antena 3.<\/strong><\/p>\n<p><strong><b><i>\u201cAh<\/i><\/b><i>\u00ed abajo\u201d<\/i><\/strong> es el t\u00edtulo de la serie que se <span style=\"font-family: Arial;font-size: medium\">grabar<\/span>\u00e1 entre el Pa\u00eds Vasco, Madrid y la capital gaditana este verano.<\/p>\n<p>Un afamado chef vasco, con un restaurante con tres estrellas Michelin, encarga a su hombre de confianza que se dirija a C\u00e1diz para que se encargue de un local reci\u00e9n adquirido y que pueda convertirlo cuanto antes en uno de los establecimientos m\u00e1s reconocidos de Espa\u00f1a. El cocinero vasco tendr\u00e1 que v\u00e9rselas con la antigua due\u00f1a del local y formar de nuevo al equipo de este restaurante andaluz.<\/p>\n<p>La cocina es el eje de esta comedia de Pulso TV, la productora de <span style=\"font-family: Arial;font-size: medium\">El Pr<\/span>\u00edncipe, que lleva ocho meses trabajando en un gui\u00f3n que est\u00e1 a punto de rematarse para que lo supervise Antena 3. Y por supuesto, adem\u00e1s de buena comida, esta serie vasco-gaditana jugar\u00e1 con los t\u00f3picos del Norte y del Sur y los parecidos y desencuentros de los distintos caracteres, a modo de <span style=\"font-family: Arial;font-size: medium\">Ocho apellidos vascos. <\/span>La idea parte de una conocida pel\u00edcula francesa, <span style=\"font-family: Arial;font-size: medium\">Bienvenidos al Norte <\/span>(la cinta europea m\u00e1s taquillera de la historia), que bromeaba con el encargado de una oficina de Correos que es destinado al norte de Francia, lidiando con un dialecto dif\u00edcil de entender. <span style=\"font-family: Arial\"><b><i><strong><span style=\"font-size: medium\">Ah\u00ed abajo<\/span><\/strong><\/i><\/b><i><\/i><\/span>es el t\u00edtulo provisional, el nombre de trabajo de los guiones, que cambiar\u00e1 cuando est\u00e9 m\u00e1s madura la producci\u00f3n y comiencen a seleccionarse los actores.<\/p>\n<p>La directora de Ficci\u00f3n de Atresmedia, Sonia Mart\u00ednez, confirmaba que la ficci\u00f3n se ambientar\u00e1 en C\u00e1diz capital, para que aparezcan en las escenas lugares complementarios como el mercado. En C\u00e1diz se grabar\u00e1n parte de los exteriores y es donde se elegir\u00e1 el local cuya imagen ser\u00e1 recurrente en cada episodio, aunque la mayor\u00eda de las escenas se rodar\u00e1n en un plat\u00f3 en Madrid.<\/p>\n<p>El <b><i><strong><span style=\"font-family: Arial;font-size: medium\">\u201cAtxuri\u201d<\/span><\/strong><\/i><\/b> es para muchos un cinco estrellas no solo por su gastronom\u00eda, sino por su trato. Esto de la pel\u00edcula est\u00e1 dando para muchas cosas.<\/p>\n<!-- AddThis Advanced Settings generic via filter on the_content --><!-- AddThis Share Buttons generic via filter on the_content -->","protected":false},"excerpt":{"rendered":"<p>Mi\u00e9rcoles 16 de abril de 2014 He visto la pel\u00edcula \u00abOcho apellidos vascos\u00bb y \u00a0me ha llamado la atenci\u00f3n una noticia que me ha sido comenta\u00adda por familiares que tengo en C\u00e1diz y en Sevilla, ya que la pel\u00edcula les ha tra\u00eddo a la memoria escenas familiares. Me explico. El padre de mi aita, mi &hellip; <a href=\"https:\/\/blogs.deia.eus\/anasagasti\/2014\/04\/16\/una-historia-familiar-parecida-a-la-pelicula-ocho-apellidos-vascos\/\" class=\"more-link\">Sigue leyendo <span class=\"screen-reader-text\">Una historia familiar parecida a la pel\u00edcula \u201cOcho apellidos vascos\u201d.<\/span><\/a><!-- AddThis Advanced Settings generic via filter on get_the_excerpt --><!-- AddThis Share Buttons generic via filter on get_the_excerpt --><\/p>\n","protected":false},"author":19,"featured_media":0,"comment_status":"open","ping_status":"open","sticky":false,"template":"","format":"standard","meta":{"footnotes":""},"categories":[1],"tags":[],"class_list":["post-4990","post","type-post","status-publish","format-standard","hentry","category-general"],"_links":{"self":[{"href":"https:\/\/blogs.deia.eus\/anasagasti\/wp-json\/wp\/v2\/posts\/4990","targetHints":{"allow":["GET"]}}],"collection":[{"href":"https:\/\/blogs.deia.eus\/anasagasti\/wp-json\/wp\/v2\/posts"}],"about":[{"href":"https:\/\/blogs.deia.eus\/anasagasti\/wp-json\/wp\/v2\/types\/post"}],"author":[{"embeddable":true,"href":"https:\/\/blogs.deia.eus\/anasagasti\/wp-json\/wp\/v2\/users\/19"}],"replies":[{"embeddable":true,"href":"https:\/\/blogs.deia.eus\/anasagasti\/wp-json\/wp\/v2\/comments?post=4990"}],"version-history":[{"count":5,"href":"https:\/\/blogs.deia.eus\/anasagasti\/wp-json\/wp\/v2\/posts\/4990\/revisions"}],"predecessor-version":[{"id":4996,"href":"https:\/\/blogs.deia.eus\/anasagasti\/wp-json\/wp\/v2\/posts\/4990\/revisions\/4996"}],"wp:attachment":[{"href":"https:\/\/blogs.deia.eus\/anasagasti\/wp-json\/wp\/v2\/media?parent=4990"}],"wp:term":[{"taxonomy":"category","embeddable":true,"href":"https:\/\/blogs.deia.eus\/anasagasti\/wp-json\/wp\/v2\/categories?post=4990"},{"taxonomy":"post_tag","embeddable":true,"href":"https:\/\/blogs.deia.eus\/anasagasti\/wp-json\/wp\/v2\/tags?post=4990"}],"curies":[{"name":"wp","href":"https:\/\/api.w.org\/{rel}","templated":true}]}}