{"id":5001,"date":"2014-04-20T20:57:50","date_gmt":"2014-04-20T18:57:50","guid":{"rendered":"http:\/\/blogs.deia.com\/anasagasti\/?p=5001"},"modified":"2014-04-20T20:57:50","modified_gmt":"2014-04-20T18:57:50","slug":"idoia-mendia-insulta-a-los-socialistas-que-celebraron-el-aberri-eguna","status":"publish","type":"post","link":"https:\/\/blogs.deia.eus\/anasagasti\/2014\/04\/20\/idoia-mendia-insulta-a-los-socialistas-que-celebraron-el-aberri-eguna\/","title":{"rendered":"Idoia Mendia insulta a los socialistas que celebraron el Aberri Eguna"},"content":{"rendered":"<p><b><strong><a href=\"http:\/\/blogs.deia.com\/anasagasti\/files\/2014\/04\/Mendia.jpg\"><img loading=\"lazy\" decoding=\"async\" class=\"alignleft size-full wp-image-5005\" alt=\"Mendia\" src=\"http:\/\/blogs.deia.com\/anasagasti\/files\/2014\/04\/Mendia.jpg\" width=\"440\" height=\"250\" \/><\/a>Domingo 20 de abril de 2014.<\/strong><\/b><\/p>\n<p>&nbsp;<\/p>\n<p>&nbsp;<\/p>\n<p>&nbsp;<\/p>\n<p>&nbsp;<\/p>\n<p>Los socialistas vascos celebraron el Aberri Eguna hasta 1979. Despu\u00e9s, como en el caso de Navarra, se fueron con\u00a0 la central de su partido en Ferraz .A medida que Felipe Gonz\u00e1lez\u00a0 pod\u00eda tocar\u00a0 poder, el PSE a\u00f1ad\u00eda la O y se convert\u00eda en la sucursal de este partido en Euzkadi. De ah\u00ed que las declaraciones de Idoia Mendia tildando el Aberri Eguna de\u00a0 SANTORAL NACIONALISTA y de que los abertzales celebramos la Pascua de Resurrecci\u00f3n y ellos no, sobraban porque su partido celebr\u00f3 el Aberri Eguna\u00a0 nada meos que 42 a\u00f1os. Desde 1937, en que formando parte del Gobierno Vasco, el PSE asumi\u00f3 el Aberri Eguna como la fiesta nacional de todos los vascos. Que Mendia sea una ignorante de la historia de Euzkadi y la de su partido no le exime de\u00a0 decir tonter\u00edas ofensivas como las que ha dicho. Y es una pena, pues es de las m\u00e1s listas y sensibles de ese cotarro.<\/p>\n<p>Le recomiendo a Mendia lea\u00a0 la intervenci\u00f3n del Lehendakari Aguirre en el Congreso Mundial Vasco de 1956 en Paris donde hizo el gran descargo de aquellos a\u00f1os boreales. Y delante ten\u00eda a todo el Comit\u00e9 Socialista de Euzkadi, Navarra incluida.<\/p>\n<p>El PSE se jacta de ser un partido m\u00e1s hist\u00f3rico que el PNV en Euzkadi. Dej\u00e9moslo en fechas, porque a la hora de la defensa vasca y de los represaliados, los fusilados, y su propia historia deja mucho que desear. Como\u00a0 hace el PP para ellos solo hay v\u00edctimas de ETA y\u00a0 toda su historia se resume en Ram\u00f3n Rubial cuando tienen, <span style=\"font-size: medium\">\u00a0<\/span>este s\u00ed, todo un santoral de fusilados y reprimidos a los que ignora continuamente, no por mala voluntad sino por una profunda ignorancia y falta de sensibilidad.<\/p>\n<p>Mendia dec\u00eda que el PNV se hab\u00eda cargado la Fiesta Nacional Vasca que el PSE de Patxi L\u00f3pez pact\u00f3 con Antonio Basagoiti del PP\u00a0 que aprob\u00f3 el 25 de octubre para conmemorar el segundo estatuto, aquel que el PP rechaz\u00f3, y no el primero, el de octubre de 1936 adversado por la derecha que levantada en armas estaba a pocos kil\u00f3metros de una Gernika en la que el Lehendakari Aguirre juraba su compromiso con su Patria y\u00a0 con \u00a0aquel gobierno de concentraci\u00f3n.<\/p>\n<p>Hace mal Mendia en ignorar la historia y en meternos en una encasillada fiesta religiosa, desconociendo el contexto en el que naci\u00f3 esta festividad e ignorando que compa\u00f1eros suyos han celebrado durante\u00a0 42 a\u00f1os esta cita y que hoy, no tiene esta connotaci\u00f3n.<\/p>\n<p>\u00bfSer\u00e1 porque para el PSE su Fiesta Nacional es el 12 de octubre, Fiesta de la Hispanidad?. Parece que s\u00ed.<\/p>\n<p><span style=\"color: #000000;font-family: Calibri;font-size: medium\">\u00a0<\/span><\/p>\n<!-- AddThis Advanced Settings generic via filter on the_content --><!-- AddThis Share Buttons generic via filter on the_content -->","protected":false},"excerpt":{"rendered":"<p>Domingo 20 de abril de 2014. &nbsp; &nbsp; &nbsp; &nbsp; Los socialistas vascos celebraron el Aberri Eguna hasta 1979. Despu\u00e9s, como en el caso de Navarra, se fueron con\u00a0 la central de su partido en Ferraz .A medida que Felipe Gonz\u00e1lez\u00a0 pod\u00eda tocar\u00a0 poder, el PSE a\u00f1ad\u00eda la O y se convert\u00eda en la sucursal &hellip; <a href=\"https:\/\/blogs.deia.eus\/anasagasti\/2014\/04\/20\/idoia-mendia-insulta-a-los-socialistas-que-celebraron-el-aberri-eguna\/\" class=\"more-link\">Sigue leyendo <span class=\"screen-reader-text\">Idoia Mendia insulta a los socialistas que celebraron el Aberri Eguna<\/span><\/a><!-- AddThis Advanced Settings generic via filter on get_the_excerpt --><!-- AddThis Share Buttons generic via filter on get_the_excerpt --><\/p>\n","protected":false},"author":19,"featured_media":0,"comment_status":"open","ping_status":"open","sticky":false,"template":"","format":"standard","meta":{"footnotes":""},"categories":[1],"tags":[],"class_list":["post-5001","post","type-post","status-publish","format-standard","hentry","category-general"],"_links":{"self":[{"href":"https:\/\/blogs.deia.eus\/anasagasti\/wp-json\/wp\/v2\/posts\/5001","targetHints":{"allow":["GET"]}}],"collection":[{"href":"https:\/\/blogs.deia.eus\/anasagasti\/wp-json\/wp\/v2\/posts"}],"about":[{"href":"https:\/\/blogs.deia.eus\/anasagasti\/wp-json\/wp\/v2\/types\/post"}],"author":[{"embeddable":true,"href":"https:\/\/blogs.deia.eus\/anasagasti\/wp-json\/wp\/v2\/users\/19"}],"replies":[{"embeddable":true,"href":"https:\/\/blogs.deia.eus\/anasagasti\/wp-json\/wp\/v2\/comments?post=5001"}],"version-history":[{"count":5,"href":"https:\/\/blogs.deia.eus\/anasagasti\/wp-json\/wp\/v2\/posts\/5001\/revisions"}],"predecessor-version":[{"id":5008,"href":"https:\/\/blogs.deia.eus\/anasagasti\/wp-json\/wp\/v2\/posts\/5001\/revisions\/5008"}],"wp:attachment":[{"href":"https:\/\/blogs.deia.eus\/anasagasti\/wp-json\/wp\/v2\/media?parent=5001"}],"wp:term":[{"taxonomy":"category","embeddable":true,"href":"https:\/\/blogs.deia.eus\/anasagasti\/wp-json\/wp\/v2\/categories?post=5001"},{"taxonomy":"post_tag","embeddable":true,"href":"https:\/\/blogs.deia.eus\/anasagasti\/wp-json\/wp\/v2\/tags?post=5001"}],"curies":[{"name":"wp","href":"https:\/\/api.w.org\/{rel}","templated":true}]}}