{"id":5009,"date":"2014-04-21T19:12:23","date_gmt":"2014-04-21T17:12:23","guid":{"rendered":"http:\/\/blogs.deia.com\/anasagasti\/?p=5009"},"modified":"2014-04-21T19:12:23","modified_gmt":"2014-04-21T17:12:23","slug":"carta-de-un-antiguo-votante-de-bildu-negandose-a-votar-por-ellos-como-consecuencia-de-su-chavismo","status":"publish","type":"post","link":"https:\/\/blogs.deia.eus\/anasagasti\/2014\/04\/21\/carta-de-un-antiguo-votante-de-bildu-negandose-a-votar-por-ellos-como-consecuencia-de-su-chavismo\/","title":{"rendered":"Carta de un antiguo votante de BILDU neg\u00e1ndose a votar por ellos como consecuencia de su Chavismo"},"content":{"rendered":"<p><b><strong>Lunes 21 de abril de 2014<\/strong><\/b><\/p>\n<p>Estimados compatriotas,<\/p>\n<p>He recibido el correo de EH Bildu con el mensaje en el \u00a0 Aberri Eguna \u00a02014 y la informaci\u00f3n referente a las elecciones al parlamento europeo del pr\u00f3ximo 25 de mayo<\/p>\n<p>Dice as\u00ed:<\/p>\n<p><i><strong>ABERRI EGUNA: \u00a0El debate sobre el derecho de los pueblos a decidir est\u00e1 abierto en Europa y en Euskal Herria. Y eso es lo que vamos a reclamar el 19 de abril en Larresoso bajo el lema \u00bb Euskal Herria decide, las 7 provincas unidas\u00bb. Euskal Herria erabaki! Zaspiak bat\u00bb.<\/strong><\/i><\/p>\n<p>Totalmente de acuerdo, siempre he querido y seguir\u00e9 \u00a0queriendo. Trabajando por una Euskal Herria libre y unida: ZAZPIAK BAT.<\/p>\n<p>Lo he hecho, junto a mis aitas y hermanos, durante mis primeros 60 a\u00f1os en Venezuela y ahora en Euskadi, \u00a0desde hace 10 a\u00f1os, Donostia-San Sebastian.<\/p>\n<p>Respecto al mensaje para las elecciones al parlamento europeo:<\/p>\n<p><i><strong>Y para las personas que conformamos EH Bildu, tiene especial importancia avanzar en ese camino junto con todos los hombre y mujeres que viv\u00eds fuera de Euskal Herria, junto con vuestras experiencias, opiniones y luchas<\/strong><\/i><\/p>\n<p>Respecto a la solicitud del voto, quiero trasmitirles mi reflexi\u00f3n. \u00a0Como vasco que soy deseo, fervientemente, una Euskadi libre y como Venezolano que soy deseo con igual intensidad una Venezuela libre, en PAZ, con justicia, sin intromisiones extranjeras de ning\u00fan tipo o marca de Imperialismo, donde se respeten los DDHH. Lamento, profundamente, que en Venezuela \u00a0por la b\u00fasqueda \u00a0e implantaci\u00f3n del llamado Socialismo del Siglo XXI hayan \u00a0sumido al pa\u00eds en un caos, fracaso \u00a0institucional, industrial y agr\u00edcola, con un 57% de inflaci\u00f3n y 30 % de desabastecimiento.<\/p>\n<p>He sido votante \u00a0de EA, Aralar y \u00faltimamente de Bildu pero NUNCA MAS, por su apoyo irrestricto al \u00a0gobierno de la Dictadura Constitucional, de Ch\u00e1vez y Maduro. Por su negativa a reconocer los atropellos de los DDHH en los \u00faltimos dos meses, atropellos denunciados por numerosas instituciones, entre ellas Amnist\u00eda Internacional y PROVEA , ONG desde 1988, que defendi\u00f3 y vigil\u00f3 por los DDHH de Ch\u00e1vez y los otros militares cuando el golpe de estado de 1992 y as\u00ed mismo ha sido defensor de 3 refugiados vascos \u00a0que fueron extraditados a Espa\u00f1a por el gobierno de Ch\u00e1vez, durante \u00a0el gobierno de Aznar. Nunca antes, ni con la dictadura de P\u00e9rez Jim\u00e9nez ni los siguientes 40 a\u00f1os de democracia hab\u00edan sido perseguido los refugiados vascos.<\/p>\n<p>No puedo votar de nuevo por Bildu, me duele mucho haberme equivocado al creer en Uds. como un movimiento verdaderamente democr\u00e1tico, no puede creer en un partido que al igual que defiende y apoya a un gobierno totalitario y aut\u00f3crata podr\u00eda llegar a implantar un r\u00e9gimen semejante en nuestra Euskadi.<\/p>\n<p>Puedo asegurarles que muchos, venezolanos y vascos-venezolanos, con derecho a voto har\u00e1n un examen de conciencia al respecto y dudo que puedan volver a votar por Bildu<\/p>\n<p>Reciban un respetuoso saludo, besarkada<\/p>\n<p>Xabier Arozena<\/p>\n<p>Nota: aunque s\u00e9 que es poco probable, \u00a0me encantar\u00eda recibir una respuesta de Uds.<\/p>\n<p>&nbsp;<\/p>\n<!-- AddThis Advanced Settings generic via filter on the_content --><!-- AddThis Share Buttons generic via filter on the_content -->","protected":false},"excerpt":{"rendered":"<p>Lunes 21 de abril de 2014 Estimados compatriotas, He recibido el correo de EH Bildu con el mensaje en el \u00a0 Aberri Eguna \u00a02014 y la informaci\u00f3n referente a las elecciones al parlamento europeo del pr\u00f3ximo 25 de mayo Dice as\u00ed: ABERRI EGUNA: \u00a0El debate sobre el derecho de los pueblos a decidir est\u00e1 abierto &hellip; <a href=\"https:\/\/blogs.deia.eus\/anasagasti\/2014\/04\/21\/carta-de-un-antiguo-votante-de-bildu-negandose-a-votar-por-ellos-como-consecuencia-de-su-chavismo\/\" class=\"more-link\">Sigue leyendo <span class=\"screen-reader-text\">Carta de un antiguo votante de BILDU neg\u00e1ndose a votar por ellos como consecuencia de su Chavismo<\/span><\/a><!-- AddThis Advanced Settings generic via filter on get_the_excerpt --><!-- AddThis Share Buttons generic via filter on get_the_excerpt --><\/p>\n","protected":false},"author":19,"featured_media":0,"comment_status":"open","ping_status":"open","sticky":false,"template":"","format":"standard","meta":{"footnotes":""},"categories":[1],"tags":[],"class_list":["post-5009","post","type-post","status-publish","format-standard","hentry","category-general"],"_links":{"self":[{"href":"https:\/\/blogs.deia.eus\/anasagasti\/wp-json\/wp\/v2\/posts\/5009","targetHints":{"allow":["GET"]}}],"collection":[{"href":"https:\/\/blogs.deia.eus\/anasagasti\/wp-json\/wp\/v2\/posts"}],"about":[{"href":"https:\/\/blogs.deia.eus\/anasagasti\/wp-json\/wp\/v2\/types\/post"}],"author":[{"embeddable":true,"href":"https:\/\/blogs.deia.eus\/anasagasti\/wp-json\/wp\/v2\/users\/19"}],"replies":[{"embeddable":true,"href":"https:\/\/blogs.deia.eus\/anasagasti\/wp-json\/wp\/v2\/comments?post=5009"}],"version-history":[{"count":2,"href":"https:\/\/blogs.deia.eus\/anasagasti\/wp-json\/wp\/v2\/posts\/5009\/revisions"}],"predecessor-version":[{"id":5011,"href":"https:\/\/blogs.deia.eus\/anasagasti\/wp-json\/wp\/v2\/posts\/5009\/revisions\/5011"}],"wp:attachment":[{"href":"https:\/\/blogs.deia.eus\/anasagasti\/wp-json\/wp\/v2\/media?parent=5009"}],"wp:term":[{"taxonomy":"category","embeddable":true,"href":"https:\/\/blogs.deia.eus\/anasagasti\/wp-json\/wp\/v2\/categories?post=5009"},{"taxonomy":"post_tag","embeddable":true,"href":"https:\/\/blogs.deia.eus\/anasagasti\/wp-json\/wp\/v2\/tags?post=5009"}],"curies":[{"name":"wp","href":"https:\/\/api.w.org\/{rel}","templated":true}]}}