{"id":5013,"date":"2014-04-22T16:02:51","date_gmt":"2014-04-22T14:02:51","guid":{"rendered":"http:\/\/blogs.deia.com\/anasagasti\/?p=5013"},"modified":"2014-04-22T16:02:51","modified_gmt":"2014-04-22T14:02:51","slug":"aquel-viaje-clandestino-del-lehendakari-leizaola","status":"publish","type":"post","link":"https:\/\/blogs.deia.eus\/anasagasti\/2014\/04\/22\/aquel-viaje-clandestino-del-lehendakari-leizaola\/","title":{"rendered":"Aquel viaje clandestino del Lehendakari Leizaola"},"content":{"rendered":"<p><b><strong>Martes 22 de abril de 2014<\/strong><\/b><\/p>\n<p>Hay historias que se van quedando en la bruma de los tiempos. Conviene recordarlas cuando se cumplen cuarenta a\u00f1os redondos, de aquella generaci\u00f3n de vascos que quer\u00edan dejar el legado de lo hecho a las nuevas generaciones \u201cpara que se completara y llegara a sus \u00faltimas consecuencias\u201d como dijo un venerable se\u00f1or con su sombrero recogido y ante el \u00c1rbol de Gernika en el Aberri Eguna de 1974.<\/p>\n<p>\u201cI\u00f1aki, os damos una noticia extraordinaria que la hemos mantenido en secreto hasta hoy. El lehendakari Don Jes\u00fas Mar\u00eda de Leizaola acaba de estar en Gernika, hoy,<span style=\"font-family: Arial;font-size: medium\">\u00a0 <\/span>Aberri Eguna, para decir a los j\u00f3venes que la lucha contin\u00faa, que el gobierno vasco en el exilio permanece como s\u00edmbolo de los vascos y que hay que prepararse, pues a la dictadura le queda poco\u201d. Era el vicepresidente Mart\u00edn Ugalde en conferencia telef\u00f3nica desde Donibane Lohitzun poco antes del almuerzo, a front\u00f3n lleno para celebrar la fiesta de la Patria Vasca. En Caracas, tambi\u00e9n a front\u00f3n lleno recibimos aquella noticia con estupor y alegr\u00eda y nos dedicamos a difundirla por todo el mundo, comenzando por la clandestina Radio Euzkadi y por aquel Centro Vasco que segu\u00eda muy de cerca lo que pasaba en Euzkadi.<\/p>\n<p>El 14 de abril de 1974, los vascos celebraban por todo el mundo y, en la clandestinidad, el \u201cAberri Eguna\u201d. La dictadura franquista iniciaba ya su \u00faltima etapa, confirmada con la enfermedad del dictador. La Resistencia Vasca, lo que llam\u00e1bamos, entonces, el \u201cInterior\u201d pidi\u00f3 al Lehendakari Leizaola que se trasladara, clandestinamente, a Gernika, para marcar, aquel a\u00f1o la celebraci\u00f3n del \u201cAberri Eguna\u201d. Hace ahora cuarenta a\u00f1os. Fecha redonda.<\/p>\n<p>Su respuesta fue afirmativa. S\u00f3lo le preocupaba que se lo ped\u00edan demasiado tarde pues no pod\u00eda entrenarse para andar por el monte, pero, enseguida, le tranquilizaron, pues atravesar\u00eda la \u201cmuga\u201d en coche. El s\u00e1bado por la tarde, v\u00edspera de \u201cAberri Eguna\u201d pasaba por el puesto fronterizo de Ibardin, arropado por tres antiguos \u201cgudaris\u201d, Primi Abad, Hilario Zubizarreta y Deunoro Totorika. Iba con la documentaci\u00f3n de un agente de aduanas de Hendaia fallecido pocos meses antes y padre pol\u00edtico de un burukide del GBB en la clandestinidad.<\/p>\n<p>A su llegada a Bilbao, en Bego\u00f1a, fue recogido por el entonces Presidente del Consejo Delegado de la Resistencia, Fede Bergaretxe. Despu\u00e9s de una visita a la Bas\u00edlica de Bego\u00f1a, el Lehendakari Leizaola se traslad\u00f3 a Algorta, al domicilio del burukide bizkaino, Sabin de Zubiri, donde pas\u00f3 la noche, antes de ir a Gernika, al d\u00eda siguiente.<\/p>\n<p>All\u00ed, en Algorta, tuvo lugar la entrevista, del Lehendakari Leizaola, con el periodista franc\u00e9s, Dominique Pouchin, joven redactor del diario franc\u00e9s \u00abLe Monde\u00bb y luego redactor-jefe de \u00abL&#8217;Ev\u00e9nement du Jeudi\u00bb. A dicha conversaci\u00f3n, asistieron, tambi\u00e9n, Juan Ajuriaguerra y Xabier Arzalluz.<\/p>\n<p>A preguntas del periodista, el Lehendakari manifest\u00f3 que era la primera vez que hab\u00eda pasado \u201cla muga\u201d despu\u00e9s de 37 a\u00f1os de exilio. Record\u00f3 c\u00f3mo all\u00ed cerca, en Serantes, hab\u00eda hecho su servicio militar en Artiller\u00eda, recordando algunas an\u00e9cdotas de aquella \u00e9poca. El Lehendakari, en su disertaci\u00f3n, dec\u00eda que le hab\u00eda costado reconocer Bilbao. Su transformaci\u00f3n le pareci\u00f3 tan grande, que lleg\u00f3 a decir: \u00a1Bilbao es Caracas!.<\/p>\n<p>Su admiraci\u00f3n, ante la evoluci\u00f3n de la industria le impresionaba, era \u201cla riqueza de su pa\u00eds\u201d, seg\u00fan manifest\u00f3. Uno de los presentes, le dijo: \u201cSobre todo la del gran capital vasco\u201d. Pero el Lehendakari le replic\u00f3: \u201cEl gran capital tambi\u00e9n forma parte del pueblo vasco\u201d. El Lehendakari explic\u00f3 al periodista franc\u00e9s, lo que hab\u00eda sido el Gobierno Vasco, constituido a los dos meses de iniciarse la guerra, en Gernika, un Gobierno que comprend\u00eda a todas las fuerzas pol\u00edticas que se opusieron a la sublevaci\u00f3n militar.<\/p>\n<p>El Lehendakari explic\u00f3 c\u00f3mo aquel Gobierno consigui\u00f3 formar un Ej\u00e9rcito, reorganizando las primeras milicias, un ej\u00e9rcito que resisti\u00f3 varios meses a los sublevados, antes de que pudieran ocupar Bilbao y el resto de Euzkadi. Un Gobierno que mantuvo el Orden P\u00fablico, que consigui\u00f3 el funcionamiento normal de los Tribunales de Justicia y que instituy\u00f3 la Universidad Vasca, empezando por la Facultad de Medicina&#8230; La conferencia de prensa dur\u00f3 hasta bien entrada la noche, despidi\u00e9ndose hasta la ma\u00f1ana siguiente en Gernika.<\/p>\n<p>El acto en la Casa de Juntas de Gernika, breve, fue emocionante. Acudieron casi un centenar de alderdikides, que hab\u00edan sido invitados a acudir a Gernika, sin saber que el Lehendakari Leizaola iba a estar presente. La figura de aquel anciano, casi de 80 a\u00f1os, erguido frente al \u00c1rbol milenario, era la genuina representaci\u00f3n del pueblo vasco que, despu\u00e9s de tantos a\u00f1os de dictadura, segu\u00eda en pie, esperando que, pronto, amaneciera el sol de la Libertad.<\/p>\n<p>Finalizado el acto, el Lehendakari inici\u00f3su viaje de regreso, deteni\u00e9ndose en el cementerio de Sukarrieta, ante la tumba del fundador del Nacionalismo Vasco, aun sabiendo que sus restos no estaban all\u00ed, ya que hab\u00edan sido trasladados, para evitar su profanaci\u00f3n por los franquistas al ocupar Euzkadi.<\/p>\n<p>Al regresar a Donibane, el periodista franc\u00e9s quiso despedirse del Lehendakari, pues \u00e9l no pod\u00eda quedarse a la comida que iba a tener lugar all\u00ed. Francia estaba en campa\u00f1a electoral. Al mes siguiente se celebraban las elecciones presidenciales, por el fallecimiento del Presidente Pompidou. Uno de los candidatos era Fran\u00e7ois Mitterand, quien iba a celebrar una conferencia de prensa, en su propiedad de Latch\u00e9, en las Landas, cerca de Bayona. Ten\u00eda que asegurar, para su peri\u00f3dico, la participaci\u00f3n en dicha conferencia.<\/p>\n<p>Le pregunt\u00f3 al Lehendakari por lo que hab\u00eda sentido horas antes, cuando se hab\u00eda recogido ante el \u00c1rbol, en Gernika. El Lehendakari le contest\u00f3: \u201cLo mismo que le dije anoche. Que hab\u00eda venido a Gernika, para explicar a los j\u00f3venes que, hac\u00eda casi 37 a\u00f1os, se hab\u00eda constituido el primer Gobierno de Euzkadi, que este Gobierno, obligado a hacer la guerra, cre\u00f3 el Ej\u00e9rcito Vasco, a base de las milicias populares, que cre\u00f3 la Universidad Vasca, empezando por la Facultad de Medicina y que oficializ\u00f3 la ikurri\u00f1a, como bandera nacional vasca. Que el Gobierno hab\u00eda cumplido su misi\u00f3n y que, ahora, correspond\u00eda a los j\u00f3venes el seguir esa misi\u00f3n, mejor\u00e1ndola y perfeccion\u00e1ndola\u201d. El periodista le interrumpi\u00f3 para preguntarle: \u201c\u00bfY cree Vd. Presidente, que lo conseguir\u00e1?\u201d. El Lehendakari, sonriendo, le contest\u00f3: \u201cTengo fe\u201d.<\/p>\n<p>Efectivamente, aquellas palabras, pronunciadas a su regreso de Gernika, donde hab\u00eda ido clandestinamente, respondiendo a la invitaci\u00f3n de la Resistencia Vasca, para celebrar \u201cAberri Eguna\u201d se cumplieron pocos a\u00f1os m\u00e1s tarde. Al regresar, ya definitivamente del exilio en diciembre de 1979, pudo entregar el testigo a un joven nava\u00adrro, Carlos Garaikoetxea, nominado para Lehendakari por EAJ-PNV.<\/p>\n<p>El viaje clandestino del Lehendakari Leizaola se efectu\u00f3 sin ning\u00fan incidente. La Polic\u00eda franquista fue ridiculizada, pues no se enteraron hasta el d\u00eda siguiente. Sin embargo la prensa de Madrid trat\u00f3 de restar importancia a dicho viaje. El diario falangista \u201cPueblo\u201d del 19 de abril, en un art\u00edculo de su enviado espe\u00adcial a Par\u00eds, escrib\u00eda \u201cLa visita no fue clandestina, sino autorizada\u201d. El mon\u00e1rquico \u201cABC\u201d dec\u00eda que \u201csu nost\u00e1lgico retorno le ha enemistado con sus correligionarios del otro lado de la frontera\u201d. Insist\u00eda diciendo: \u201cC\u00edrculos fidedignos espa\u00f1oles se muestran esc\u00e9pticos en re\u00adlaci\u00f3n con la noticia, difundida por la prensa francesa sobre la presencia de Jos\u00e9 (sic) Mar\u00eda Leizaola en Bilbao\u201d. \u201cEn los mencionados c\u00edrculos se piensa que tales informaciones responden a un montaje propagand\u00edstico, aunque no puede descartarse en absoluto que Leizaola cruzase la frontera\u201d. La desinformaci\u00f3n y la mentira fueron durante 40 a\u00f1os las principales armas de la prensa y radio franquistas.<\/p>\n<p>Tambi\u00e9n por parte de la izquierda abertzale hubo alg\u00fan intento de minimizar el viaje a Gernika del Lehendakari. Sin embargo, Telesforo de Monz\u00f3n, ya alejado del Gobierno y de las posiciones pol\u00edticas de EAJ-PNV, al d\u00eda siguiente, envi\u00f3 un telegrama de felicitaci\u00f3n al Lehendakari Leizaola.<\/p>\n<p>El viaje a Gernika del Lehendakari fue un gesto digno y valiente. Tambi\u00e9n el de un hombre disciplinado, que supo acceder a la sugerencia, a la invitaci\u00f3n de la Resistencia Vasca. Fue el colof\u00f3n a una actuaci\u00f3n discreta, pero eficaz, como Lehendakari de Euzkadi. Fue en aquel tiempo, un bombazo pol\u00edtico.<\/p>\n<p><span style=\"color: #000000;font-family: Calibri;font-size: medium\">\u00a0<\/span><\/p>\n<!-- AddThis Advanced Settings generic via filter on the_content --><!-- AddThis Share Buttons generic via filter on the_content -->","protected":false},"excerpt":{"rendered":"<p>Martes 22 de abril de 2014 Hay historias que se van quedando en la bruma de los tiempos. Conviene recordarlas cuando se cumplen cuarenta a\u00f1os redondos, de aquella generaci\u00f3n de vascos que quer\u00edan dejar el legado de lo hecho a las nuevas generaciones \u201cpara que se completara y llegara a sus \u00faltimas consecuencias\u201d como dijo &hellip; <a href=\"https:\/\/blogs.deia.eus\/anasagasti\/2014\/04\/22\/aquel-viaje-clandestino-del-lehendakari-leizaola\/\" class=\"more-link\">Sigue leyendo <span class=\"screen-reader-text\">Aquel viaje clandestino del Lehendakari Leizaola<\/span><\/a><!-- AddThis Advanced Settings generic via filter on get_the_excerpt --><!-- AddThis Share Buttons generic via filter on get_the_excerpt --><\/p>\n","protected":false},"author":19,"featured_media":0,"comment_status":"open","ping_status":"open","sticky":false,"template":"","format":"standard","meta":{"footnotes":""},"categories":[1],"tags":[],"class_list":["post-5013","post","type-post","status-publish","format-standard","hentry","category-general"],"_links":{"self":[{"href":"https:\/\/blogs.deia.eus\/anasagasti\/wp-json\/wp\/v2\/posts\/5013","targetHints":{"allow":["GET"]}}],"collection":[{"href":"https:\/\/blogs.deia.eus\/anasagasti\/wp-json\/wp\/v2\/posts"}],"about":[{"href":"https:\/\/blogs.deia.eus\/anasagasti\/wp-json\/wp\/v2\/types\/post"}],"author":[{"embeddable":true,"href":"https:\/\/blogs.deia.eus\/anasagasti\/wp-json\/wp\/v2\/users\/19"}],"replies":[{"embeddable":true,"href":"https:\/\/blogs.deia.eus\/anasagasti\/wp-json\/wp\/v2\/comments?post=5013"}],"version-history":[{"count":2,"href":"https:\/\/blogs.deia.eus\/anasagasti\/wp-json\/wp\/v2\/posts\/5013\/revisions"}],"predecessor-version":[{"id":5015,"href":"https:\/\/blogs.deia.eus\/anasagasti\/wp-json\/wp\/v2\/posts\/5013\/revisions\/5015"}],"wp:attachment":[{"href":"https:\/\/blogs.deia.eus\/anasagasti\/wp-json\/wp\/v2\/media?parent=5013"}],"wp:term":[{"taxonomy":"category","embeddable":true,"href":"https:\/\/blogs.deia.eus\/anasagasti\/wp-json\/wp\/v2\/categories?post=5013"},{"taxonomy":"post_tag","embeddable":true,"href":"https:\/\/blogs.deia.eus\/anasagasti\/wp-json\/wp\/v2\/tags?post=5013"}],"curies":[{"name":"wp","href":"https:\/\/api.w.org\/{rel}","templated":true}]}}