{"id":5019,"date":"2014-04-25T15:49:41","date_gmt":"2014-04-25T13:49:41","guid":{"rendered":"http:\/\/blogs.deia.com\/anasagasti\/?p=5019"},"modified":"2014-04-25T15:49:41","modified_gmt":"2014-04-25T13:49:41","slug":"encuentros-sant-jordi","status":"publish","type":"post","link":"https:\/\/blogs.deia.eus\/anasagasti\/2014\/04\/25\/encuentros-sant-jordi\/","title":{"rendered":"Encuentros Sant Jordi"},"content":{"rendered":"<p><b><strong><a href=\"http:\/\/blogs.deia.com\/anasagasti\/files\/2014\/04\/1398263581329.jpg\"><img loading=\"lazy\" decoding=\"async\" class=\"alignleft size-full wp-image-5022\" alt=\"1398263581329\" src=\"http:\/\/blogs.deia.com\/anasagasti\/files\/2014\/04\/1398263581329.jpg\" width=\"646\" height=\"417\" srcset=\"https:\/\/blogs.deia.eus\/anasagasti\/files\/2014\/04\/1398263581329.jpg 646w, https:\/\/blogs.deia.eus\/anasagasti\/files\/2014\/04\/1398263581329-580x374.jpg 580w\" sizes=\"auto, (max-width: 646px) 100vw, 646px\" \/><\/a>Viernes 25 de abril de 2014<\/strong><\/b><\/p>\n<p>[Enlace roto.]<\/p>\n<p>EN UN SANT JORDI puede pasar cualquier cosa. Como acabar comiendo junto a Julio Anguita, I\u00f1aki Anasagasti, Pedro J. Ram\u00edrez, Nieves Herrero, Ram\u00f3n de Espa\u00f1a, Santiago Abascal, Ymelda Navajo y el resto de los colaboradores de la editorial La esfera de los libros.<\/p>\n<p>Ser\u00e1 dif\u00edcil encontrar un grupo tan heterog\u00e9neo, aunque el d\u00eda del libro en Barcelona da para eso. As\u00ed es esta ciudad. Escuchar la conversaci\u00f3n de un tr\u00edo tan peculiar como los tres primeros, retrotrae a momentos brillantes de la pol\u00edtica y del parlamentarismo democr\u00e1tico que ser\u00eda muy interesante no olvidar jam\u00e1s. O al menos no olvidar ahora, donde estamos faltos de referencias profundas y no superficiales. No se trata de escuchar batallitas pasadas. La cuesti\u00f3n es levantar acta de aquello que nos es cercano y \u00fatil para sobrellevar la tonter\u00eda que llevamos encima. Ser\u00e1 la tonter\u00eda de cada principio de siglo, pero estilo XXI. Todos coinciden en cambiar de arriba abajo por el bien de la salud de las propias estructuras democr\u00e1ticas. Claro que eso es f\u00e1cil decir cuando se est\u00e1 retirado de la pol\u00edtica. Se nota que Anguita y Anasagasti se mueven en su mejor momento intelectual y que ser\u00edan de mucha utilidad en cualquier pa\u00eds inteligente. Aqu\u00ed, sin embargo, la clase pol\u00edtica sumerge las carencias en su propia atrofia e intenta salir de forma disimulada. Guardar el cortijo para que todo siga igual. Quien dise\u00f1e una nueva formulaci\u00f3n, gana. Sin bromitas, ni tonter\u00edas adolescentes.<\/p>\n<!-- AddThis Advanced Settings generic via filter on the_content --><!-- AddThis Share Buttons generic via filter on the_content -->","protected":false},"excerpt":{"rendered":"<p>Viernes 25 de abril de 2014 [Enlace roto.] EN UN SANT JORDI puede pasar cualquier cosa. Como acabar comiendo junto a Julio Anguita, I\u00f1aki Anasagasti, Pedro J. Ram\u00edrez, Nieves Herrero, Ram\u00f3n de Espa\u00f1a, Santiago Abascal, Ymelda Navajo y el resto de los colaboradores de la editorial La esfera de los libros. Ser\u00e1 dif\u00edcil encontrar un &hellip; <a href=\"https:\/\/blogs.deia.eus\/anasagasti\/2014\/04\/25\/encuentros-sant-jordi\/\" class=\"more-link\">Sigue leyendo <span class=\"screen-reader-text\">Encuentros Sant Jordi<\/span><\/a><!-- AddThis Advanced Settings generic via filter on get_the_excerpt --><!-- AddThis Share Buttons generic via filter on get_the_excerpt --><\/p>\n","protected":false},"author":19,"featured_media":0,"comment_status":"open","ping_status":"open","sticky":false,"template":"","format":"standard","meta":{"footnotes":""},"categories":[1],"tags":[],"class_list":["post-5019","post","type-post","status-publish","format-standard","hentry","category-general"],"_links":{"self":[{"href":"https:\/\/blogs.deia.eus\/anasagasti\/wp-json\/wp\/v2\/posts\/5019","targetHints":{"allow":["GET"]}}],"collection":[{"href":"https:\/\/blogs.deia.eus\/anasagasti\/wp-json\/wp\/v2\/posts"}],"about":[{"href":"https:\/\/blogs.deia.eus\/anasagasti\/wp-json\/wp\/v2\/types\/post"}],"author":[{"embeddable":true,"href":"https:\/\/blogs.deia.eus\/anasagasti\/wp-json\/wp\/v2\/users\/19"}],"replies":[{"embeddable":true,"href":"https:\/\/blogs.deia.eus\/anasagasti\/wp-json\/wp\/v2\/comments?post=5019"}],"version-history":[{"count":3,"href":"https:\/\/blogs.deia.eus\/anasagasti\/wp-json\/wp\/v2\/posts\/5019\/revisions"}],"predecessor-version":[{"id":5024,"href":"https:\/\/blogs.deia.eus\/anasagasti\/wp-json\/wp\/v2\/posts\/5019\/revisions\/5024"}],"wp:attachment":[{"href":"https:\/\/blogs.deia.eus\/anasagasti\/wp-json\/wp\/v2\/media?parent=5019"}],"wp:term":[{"taxonomy":"category","embeddable":true,"href":"https:\/\/blogs.deia.eus\/anasagasti\/wp-json\/wp\/v2\/categories?post=5019"},{"taxonomy":"post_tag","embeddable":true,"href":"https:\/\/blogs.deia.eus\/anasagasti\/wp-json\/wp\/v2\/tags?post=5019"}],"curies":[{"name":"wp","href":"https:\/\/api.w.org\/{rel}","templated":true}]}}