{"id":5025,"date":"2014-04-27T10:31:08","date_gmt":"2014-04-27T08:31:08","guid":{"rendered":"http:\/\/blogs.deia.com\/anasagasti\/?p=5025"},"modified":"2014-04-27T10:31:08","modified_gmt":"2014-04-27T08:31:08","slug":"el-nuevo-cupo-vasco-reabre-el-debate-del-pacto-fiscal","status":"publish","type":"post","link":"https:\/\/blogs.deia.eus\/anasagasti\/2014\/04\/27\/el-nuevo-cupo-vasco-reabre-el-debate-del-pacto-fiscal\/","title":{"rendered":"El nuevo cupo vasco reabre el debate del pacto fiscal"},"content":{"rendered":"<p><b><strong><a href=\"http:\/\/blogs.deia.com\/anasagasti\/files\/2014\/04\/354.14.jpg\"><img loading=\"lazy\" decoding=\"async\" class=\"alignleft size-full wp-image-5026\" alt=\"354.14\" src=\"http:\/\/blogs.deia.com\/anasagasti\/files\/2014\/04\/354.14.jpg\" width=\"598\" height=\"226\" srcset=\"https:\/\/blogs.deia.eus\/anasagasti\/files\/2014\/04\/354.14.jpg 598w, https:\/\/blogs.deia.eus\/anasagasti\/files\/2014\/04\/354.14-580x219.jpg 580w\" sizes=\"auto, (max-width: 598px) 100vw, 598px\" \/><\/a>Domingo 27 de abril de 2014<\/strong><\/b><\/p>\n<p>CiU pide un concierto econ\u00f3mico equiparado al de Euzkadi.<\/p>\n<p>Montoro elogia el cupo como fruto de \u00abun hecho diferencial que no es un privilegio\u00bb<\/p>\n<p>El debate sobre la [Enlace roto.]<span style=\"font-family: Arial;font-size: medium\"> volvi\u00f3 el pasado d\u00eda 27 a escena, dentro del Congreso de los Diputados, a ra\u00edz de la actualizaci\u00f3n del <\/span><strong><span style=\"font-size: medium\">cupo vasco<\/span><\/strong><span style=\"font-family: Arial;font-size: medium\">. Entre alusiones de distintos grupos parlamentarios al asunto, el diputado de CiU Josep S\u00e1nchez-Llibre retom\u00f3 la reivindicaci\u00f3n del pacto fiscal plante\u00e1ndolo como una leg\u00edtima equiparaci\u00f3n al Concierto Econ\u00f3mico del Pa\u00eds Vasco con perfecto encaje legal.<\/span><\/p>\n<p>Antes de la intervenci\u00f3n del parlamentario de Uni\u00f3, fue llamativa la relaci\u00f3n que entre el cupo vasco y las aspiraciones de financiaci\u00f3n propia de Catalunya estableci\u00f3 el portavoz de Uni\u00f3n del Pueblo Navarro (UPN), partido hermano del PP hasta hace cinco a\u00f1os. Su representante, Carlos Salvador, se pregunt\u00f3 si no ser\u00eda \u00ab\u00fatil y oportuno\u00bb aprovechar la aprobaci\u00f3n del renovado Concierto Vasco para buscar para la Generalitat \u00abuna f\u00f3rmula de corresponsabilidad institucional y econ\u00f3mica similar a la que los reg\u00edmenes forales contemplan\u00bb. Salvador no cit\u00f3 expresamente a Catalunya, sino que opt\u00f3 por aludir a ella hablando de \u00ablas aspiraciones que hoy plantea alguna comunidad del r\u00e9gimen (fiscal) com\u00fan\u00bb. Y concluy\u00f3: \u00abOjal\u00e1 encontremos una f\u00f3rmula que haga compatible la diversidad y la unidad\u00bb.<\/p>\n<p>No menos llamativos resultaron los t\u00e9rminos extremadamente positivos, podr\u00eda decirse que cari\u00f1osos, con los que el ministro Crist\u00f3bal Montoro se refiri\u00f3 tanto al Concierto Vasco como al acuerdo alcanzado con las administraciones concernidas para renovarlo mediante la transferencia a Euskadi de siete nuevos impuestos creados en los \u00faltimos a\u00f1os. \u00abEs un honor defender este proyecto\u00bb, empez\u00f3 Montoro, para luego subrayar las \u00abpeculiaridades \u00fanicas\u00bb de los fueros que generan el derecho del Pa\u00eds Vasco a la fiscalidad propia. Se trata, recalc\u00f3, de \u00abun hecho diferencial y no de un privilegio\u00bb; de un acuerdo alcanzado desde \u00abel consenso, la vocaci\u00f3n integradora y un aut\u00e9ntico sentido de Estado\u00bb; un convenio que \u00abconsolida la autonom\u00eda del Pa\u00eds Vasco con el decidido apoyo del Gobierno\u00bb. Y todo ello dentro de \u00abun marco de absoluta normalidad institucional\u00bb.<\/p>\n<p>S\u00e1nchez-Llibre, por su parte, comenz\u00f3 anunciando su respaldo a la renovaci\u00f3n del Concierto. \u00ab\u00a1C\u00f3mo no vamos a votar a favor, si en Catalunya estamos reivindicando algo similar desde hace a\u00f1os!\u00bb, exclam\u00f3.<\/p>\n<p>A\u00f1adi\u00f3 el parlamentario democristiano que, con vistas a \u00ablas reformas que pr\u00f3ximamente van a plantearse\u00bb en el Congreso, ser\u00eda oportuno tener en cuenta la inexistencia de impedimentos constitucionales a un <strong><span style=\"font-size: medium\">pacto fiscal con Catalunya<\/span><\/strong>. La Carta Magna, precis\u00f3, \u00abno establece ning\u00fan r\u00e9gimen fiscal obligatorio\u00bb para el Estado ni las comunidades aut\u00f3nomas. As\u00ed que \u00abnada hay en la Constituci\u00f3n que impida otorgar a Catalunya un concierto o convenio econ\u00f3mico diferenciado, como tienen el Pa\u00eds Vasco y Navarra\u00bb, insisti\u00f3 el diputado de CiU.<\/p>\n<p>S\u00e1nchez-Llibre propuso que la \u00abexcepci\u00f3n\u00bb fiscal para los ciudadanos catalanes se establezca a trav\u00e9s de una disposici\u00f3n adicional a la ley de Financiaci\u00f3n de las Comunidades Aut\u00f3nomas, la Lofca, que ser\u00eda la tercera al dedicarse la primera y la segunda a los conciertos con las comunidades forales. Y concluy\u00f3 descartando un olvido del principio de solidaridad por el que Catalunya habr\u00eda de contribuir a la mejora de regiones m\u00e1s desfavorecidas cuando disfrutara de excedentes de riqueza.<\/p>\n<p>La renovaci\u00f3n del Concierto se aprob\u00f3 en lectura \u00fanica, y s\u00f3lo UPyD vot\u00f3 en contra.<\/p>\n<!-- AddThis Advanced Settings generic via filter on the_content --><!-- AddThis Share Buttons generic via filter on the_content -->","protected":false},"excerpt":{"rendered":"<p>Domingo 27 de abril de 2014 CiU pide un concierto econ\u00f3mico equiparado al de Euzkadi. Montoro elogia el cupo como fruto de \u00abun hecho diferencial que no es un privilegio\u00bb El debate sobre la [Enlace roto.] volvi\u00f3 el pasado d\u00eda 27 a escena, dentro del Congreso de los Diputados, a ra\u00edz de la actualizaci\u00f3n del &hellip; <a href=\"https:\/\/blogs.deia.eus\/anasagasti\/2014\/04\/27\/el-nuevo-cupo-vasco-reabre-el-debate-del-pacto-fiscal\/\" class=\"more-link\">Sigue leyendo <span class=\"screen-reader-text\">El nuevo cupo vasco reabre el debate del pacto fiscal<\/span><\/a><!-- AddThis Advanced Settings generic via filter on get_the_excerpt --><!-- AddThis Share Buttons generic via filter on get_the_excerpt --><\/p>\n","protected":false},"author":19,"featured_media":0,"comment_status":"open","ping_status":"open","sticky":false,"template":"","format":"standard","meta":{"footnotes":""},"categories":[1],"tags":[],"class_list":["post-5025","post","type-post","status-publish","format-standard","hentry","category-general"],"_links":{"self":[{"href":"https:\/\/blogs.deia.eus\/anasagasti\/wp-json\/wp\/v2\/posts\/5025","targetHints":{"allow":["GET"]}}],"collection":[{"href":"https:\/\/blogs.deia.eus\/anasagasti\/wp-json\/wp\/v2\/posts"}],"about":[{"href":"https:\/\/blogs.deia.eus\/anasagasti\/wp-json\/wp\/v2\/types\/post"}],"author":[{"embeddable":true,"href":"https:\/\/blogs.deia.eus\/anasagasti\/wp-json\/wp\/v2\/users\/19"}],"replies":[{"embeddable":true,"href":"https:\/\/blogs.deia.eus\/anasagasti\/wp-json\/wp\/v2\/comments?post=5025"}],"version-history":[{"count":2,"href":"https:\/\/blogs.deia.eus\/anasagasti\/wp-json\/wp\/v2\/posts\/5025\/revisions"}],"predecessor-version":[{"id":5028,"href":"https:\/\/blogs.deia.eus\/anasagasti\/wp-json\/wp\/v2\/posts\/5025\/revisions\/5028"}],"wp:attachment":[{"href":"https:\/\/blogs.deia.eus\/anasagasti\/wp-json\/wp\/v2\/media?parent=5025"}],"wp:term":[{"taxonomy":"category","embeddable":true,"href":"https:\/\/blogs.deia.eus\/anasagasti\/wp-json\/wp\/v2\/categories?post=5025"},{"taxonomy":"post_tag","embeddable":true,"href":"https:\/\/blogs.deia.eus\/anasagasti\/wp-json\/wp\/v2\/tags?post=5025"}],"curies":[{"name":"wp","href":"https:\/\/api.w.org\/{rel}","templated":true}]}}