{"id":5029,"date":"2014-04-27T18:25:47","date_gmt":"2014-04-27T16:25:47","guid":{"rendered":"http:\/\/blogs.deia.com\/anasagasti\/?p=5029"},"modified":"2014-04-27T18:25:47","modified_gmt":"2014-04-27T16:25:47","slug":"visita-a-artziniega","status":"publish","type":"post","link":"https:\/\/blogs.deia.eus\/anasagasti\/2014\/04\/27\/visita-a-artziniega\/","title":{"rendered":"Visita a Artziniega"},"content":{"rendered":"<p><b><strong><span style=\"color: #000000\"><a href=\"http:\/\/blogs.deia.com\/anasagasti\/files\/2014\/04\/Elaborando-pan-artesanal1.jpg\"><img loading=\"lazy\" decoding=\"async\" class=\"alignleft size-full wp-image-5034\" alt=\"Elaborando pan artesanal\" src=\"http:\/\/blogs.deia.com\/anasagasti\/files\/2014\/04\/Elaborando-pan-artesanal1.jpg\" width=\"300\" height=\"280\" \/><\/a>Domingo 27 de abril de 2014<\/span><\/strong><\/b><\/p>\n<p><span style=\"color: #000000\">\u00bfQu\u00e9 hacemos hoy?. \u00bfPor qu\u00e9 no vamos a Artziniega?. Dicho y hecho. Este domingo, con luminoso tiempo era el d\u00eda propicio para visitar la Villa medieval, muy bien conservada, a 27 kil\u00f3metros de Bilbao, como ir a Bakio, cerca de Gordexola y en la Comarca de Aiala.<\/span><\/p>\n<p><span style=\"color: #000000\">De Germ\u00e1n Arciniegas, amigo de Galindez y Patxi Abrisketa, me hab\u00eda hablado mucho Patxi, escritor, diplom\u00e1tico, profesor, americanista ten\u00eda a orgullo su apellido y visit\u00f3 en su d\u00eda la localidad de sus ancestros y, como Galindez era de Amurrio, del Valle de Aiala, hablaron mucho de su Fuero. Denunci\u00f3 internacionalmente su desaparici\u00f3n.<\/span><\/p>\n<p><span style=\"color: #000000\">Despu\u00e9s de andar por el casco hist\u00f3rico, llegamos a Museo, un antiguo colegio, muy bien aprovechado al convertirse en Museo Etnogr\u00e1fico.<\/span><span style=\"color: #000000;font-family: Arial;font-size: medium\">\u00a0 <\/span><span style=\"color: #000000\">El s\u00e1bado, la v\u00edspera hab\u00edan estado 70 chavales aprendiendo c\u00f3mo se hac\u00eda el pan en los caser\u00edos. Todav\u00eda se ol\u00eda en el ambiente que all\u00ed hab\u00eda habido cocci\u00f3n de pan. Y las explicaciones de las dos j\u00f3venes a cargo del museo, fant\u00e1sticas por su competencia y simpat\u00eda.<\/span><\/p>\n<p><span style=\"color: #000000\">El Complejo Muse\u00edstico gestionado por la Asociaci\u00f3n Etnogr\u00e1fica Artea, ocupa en su totalidad 3.500 m<\/span><sup><span style=\"color: #000000;font-family: Arial;font-size: small\">2<\/span><\/sup><span style=\"color: #000000\">, entre el edificio principal, el edificio anexo, anfiteatro y huerta de plantas medicinales.<\/span><span style=\"color: #000000;font-family: Arial;font-size: medium\">\u00a0 <\/span><span style=\"color: #000000\">El edificio principal es un hist\u00f3rico edificio rehabilitado que acoge una amplia y variada exposici\u00f3n dividida en diversas salas, en las que se recrean los modos de vida, rural y urbano, de los habitantes del municipio y del conjunto de la comarca.<\/span><span style=\"color: #000000;font-family: Arial;font-size: medium\">\u00a0 <\/span><span style=\"color: #000000\">En \u00e9l se representan aspectos de la vida cotidiana de nuestro pasado muy cercano: el hogar, el trabajo, el acarreo, la cosecha, la agricultura, la cuadra, etc.<\/span><span style=\"color: #000000;font-family: Arial;font-size: medium\">\u00a0 <\/span><\/p>\n<p><span style=\"color: #000000\">Tras ver el museo y visitar la Fragua de Pablo Respaldiza, <\/span><span style=\"color: #000000;font-family: Arial;font-size: medium\">\u00a0<\/span><span style=\"color: #000000\">tomamos un chiquito en el Batzoki, lleno de gente, y de nuevo a Bilbao. Vali\u00f3 la pena la salida.<\/span><span style=\"color: #000000;font-family: Arial;font-size: medium\">\u00a0 <\/span><span style=\"color: #000000\">Es muy recomendable hacerla.<\/span><\/p>\n<!-- AddThis Advanced Settings generic via filter on the_content --><!-- AddThis Share Buttons generic via filter on the_content -->","protected":false},"excerpt":{"rendered":"<p>Domingo 27 de abril de 2014 \u00bfQu\u00e9 hacemos hoy?. \u00bfPor qu\u00e9 no vamos a Artziniega?. Dicho y hecho. Este domingo, con luminoso tiempo era el d\u00eda propicio para visitar la Villa medieval, muy bien conservada, a 27 kil\u00f3metros de Bilbao, como ir a Bakio, cerca de Gordexola y en la Comarca de Aiala. De Germ\u00e1n &hellip; <a href=\"https:\/\/blogs.deia.eus\/anasagasti\/2014\/04\/27\/visita-a-artziniega\/\" class=\"more-link\">Sigue leyendo <span class=\"screen-reader-text\">Visita a Artziniega<\/span><\/a><!-- AddThis Advanced Settings generic via filter on get_the_excerpt --><!-- AddThis Share Buttons generic via filter on get_the_excerpt --><\/p>\n","protected":false},"author":19,"featured_media":0,"comment_status":"open","ping_status":"open","sticky":false,"template":"","format":"standard","meta":{"footnotes":""},"categories":[1],"tags":[],"class_list":["post-5029","post","type-post","status-publish","format-standard","hentry","category-general"],"_links":{"self":[{"href":"https:\/\/blogs.deia.eus\/anasagasti\/wp-json\/wp\/v2\/posts\/5029","targetHints":{"allow":["GET"]}}],"collection":[{"href":"https:\/\/blogs.deia.eus\/anasagasti\/wp-json\/wp\/v2\/posts"}],"about":[{"href":"https:\/\/blogs.deia.eus\/anasagasti\/wp-json\/wp\/v2\/types\/post"}],"author":[{"embeddable":true,"href":"https:\/\/blogs.deia.eus\/anasagasti\/wp-json\/wp\/v2\/users\/19"}],"replies":[{"embeddable":true,"href":"https:\/\/blogs.deia.eus\/anasagasti\/wp-json\/wp\/v2\/comments?post=5029"}],"version-history":[{"count":4,"href":"https:\/\/blogs.deia.eus\/anasagasti\/wp-json\/wp\/v2\/posts\/5029\/revisions"}],"predecessor-version":[{"id":5036,"href":"https:\/\/blogs.deia.eus\/anasagasti\/wp-json\/wp\/v2\/posts\/5029\/revisions\/5036"}],"wp:attachment":[{"href":"https:\/\/blogs.deia.eus\/anasagasti\/wp-json\/wp\/v2\/media?parent=5029"}],"wp:term":[{"taxonomy":"category","embeddable":true,"href":"https:\/\/blogs.deia.eus\/anasagasti\/wp-json\/wp\/v2\/categories?post=5029"},{"taxonomy":"post_tag","embeddable":true,"href":"https:\/\/blogs.deia.eus\/anasagasti\/wp-json\/wp\/v2\/tags?post=5029"}],"curies":[{"name":"wp","href":"https:\/\/api.w.org\/{rel}","templated":true}]}}