{"id":5037,"date":"2014-04-29T19:54:30","date_gmt":"2014-04-29T17:54:30","guid":{"rendered":"http:\/\/blogs.deia.com\/anasagasti\/?p=5037"},"modified":"2014-04-29T19:54:30","modified_gmt":"2014-04-29T17:54:30","slug":"y-que-pasa-con-paulo-vi-y-juan-pablo-i","status":"publish","type":"post","link":"https:\/\/blogs.deia.eus\/anasagasti\/2014\/04\/29\/y-que-pasa-con-paulo-vi-y-juan-pablo-i\/","title":{"rendered":"\u00bfY qu\u00e9 pasa con Paulo VI y Juan Pablo I?"},"content":{"rendered":"<p><strong><span style=\"color: #000000\">Martes 29 de abril de 2014<\/span><\/strong><\/p>\n<p><span style=\"color: #000000\">Este pasado domingo el Papa Francisco ha canonizado de una atacada a dos Papas, Juan XXIII y a Juan Pablo II ante medio mill\u00f3n de personas, obispos, cardenales, jefes de estado y el anterior Papa. El Vaticano a tope.<\/span><\/p>\n<p><span style=\"color: #000000\">A Juan XXIII le llamaban el \u201cPapa bueno\u201d y deb\u00eda serlo. Lleg\u00f3 y revolucion\u00f3 con su Vaticano II todo aquel mundo cerrado del anterior Papa Pio XII. Y muri\u00f3 pronto y relativamente joven para la edad media de los Papas. Siendo Nuncio en Par\u00eds visit\u00f3 Pasaia de la mano de Monse\u00f1or Laboa y mantuvo varias conversaciones con Javier Landaburu pues la Nunciatura en Par\u00eds estaba pegada a la Delegaci\u00f3n Vasca. Y a nadie le ha extra\u00f1ado que lo hayan hecho santo.<\/span><\/p>\n<p><span style=\"color: #000000\">A Juan XXIII le sucedi\u00f3 Paulo VI, el cardenal Montini, un intelectual que a ra\u00edz del fusilamiento de Grimau y de la voluntad de expulsar al obispo A\u00f1overos se las vio tiesas con el r\u00e9gimen de Franco que no le pod\u00eda ver ni en pintura. Pero a \u00e9ste no le han hecho santo. A Paulo VI le sucedi\u00f3 el cardenal Albino Luciani que tom\u00f3 el nombre de Juan Pablo I y enamor\u00f3 a todo el mundo con su sonrisa nada m\u00e1s asomarse al balc\u00f3n principal. Al mes hab\u00eda fallecido. No sabemos si por el susto de lo que hab\u00eda visto, o por el peso de la p\u00farpura, pero fue una l\u00e1stima que se fuera tan pronto pues ven\u00eda con la escoba entre las manos.<\/span><\/p>\n<p><span style=\"color: #000000\">Tras Juan Pablo I vino el polaco Wojtyla, Juan Pablo II, que a \u00e9ste si le han hecho santo a cuenta de un milagro rocambolesco. Muri\u00f3 hecho un gui\u00f1apo con las botas puestas despu\u00e9s de haber visitado medio mundo. Se dice que su presencia en Polonia influy\u00f3 en la ca\u00edda del r\u00e9gimen. No creo fuera tan determinante.<\/span><\/p>\n<p><span style=\"color: #000000\">Visit\u00f3 Espa\u00f1a varias veces y pas\u00f3 pocas horas en Loyola y no tuvo jam\u00e1s de los jamases ninguna postura valiente contra la jerarqu\u00eda espa\u00f1ola cuando atacaba sin piedad a los obispos vascos que parec\u00edan para el Madrid cavernario unos etarras m\u00e1s. Y la conducta que tuvo con el P. Arrupe, Prep\u00f3sito General de los jesuitas fue demoledora. Al hombre lo maltrat\u00f3 como maltrat\u00f3 en p\u00fablico a Ernesto Cardenal en su viaje a Managua. \u00bfY este se\u00f1or es santo y Pablo VI y Juan Pablo I, no?. <\/span><span style=\"color: #000000;font-family: Arial;font-size: medium\">\u00a0<\/span><span style=\"color: #000000\">Aqu\u00ed hay algo que no se explica.<\/span><\/p>\n<p><span style=\"color: #000000\">\u00a0<\/span><\/p>\n<!-- AddThis Advanced Settings generic via filter on the_content --><!-- AddThis Share Buttons generic via filter on the_content -->","protected":false},"excerpt":{"rendered":"<p>Martes 29 de abril de 2014 Este pasado domingo el Papa Francisco ha canonizado de una atacada a dos Papas, Juan XXIII y a Juan Pablo II ante medio mill\u00f3n de personas, obispos, cardenales, jefes de estado y el anterior Papa. El Vaticano a tope. A Juan XXIII le llamaban el \u201cPapa bueno\u201d y deb\u00eda &hellip; <a href=\"https:\/\/blogs.deia.eus\/anasagasti\/2014\/04\/29\/y-que-pasa-con-paulo-vi-y-juan-pablo-i\/\" class=\"more-link\">Sigue leyendo <span class=\"screen-reader-text\">\u00bfY qu\u00e9 pasa con Paulo VI y Juan Pablo I?<\/span><\/a><!-- AddThis Advanced Settings generic via filter on get_the_excerpt --><!-- AddThis Share Buttons generic via filter on get_the_excerpt --><\/p>\n","protected":false},"author":19,"featured_media":0,"comment_status":"open","ping_status":"open","sticky":false,"template":"","format":"standard","meta":{"footnotes":""},"categories":[1],"tags":[],"class_list":["post-5037","post","type-post","status-publish","format-standard","hentry","category-general"],"_links":{"self":[{"href":"https:\/\/blogs.deia.eus\/anasagasti\/wp-json\/wp\/v2\/posts\/5037","targetHints":{"allow":["GET"]}}],"collection":[{"href":"https:\/\/blogs.deia.eus\/anasagasti\/wp-json\/wp\/v2\/posts"}],"about":[{"href":"https:\/\/blogs.deia.eus\/anasagasti\/wp-json\/wp\/v2\/types\/post"}],"author":[{"embeddable":true,"href":"https:\/\/blogs.deia.eus\/anasagasti\/wp-json\/wp\/v2\/users\/19"}],"replies":[{"embeddable":true,"href":"https:\/\/blogs.deia.eus\/anasagasti\/wp-json\/wp\/v2\/comments?post=5037"}],"version-history":[{"count":2,"href":"https:\/\/blogs.deia.eus\/anasagasti\/wp-json\/wp\/v2\/posts\/5037\/revisions"}],"predecessor-version":[{"id":5039,"href":"https:\/\/blogs.deia.eus\/anasagasti\/wp-json\/wp\/v2\/posts\/5037\/revisions\/5039"}],"wp:attachment":[{"href":"https:\/\/blogs.deia.eus\/anasagasti\/wp-json\/wp\/v2\/media?parent=5037"}],"wp:term":[{"taxonomy":"category","embeddable":true,"href":"https:\/\/blogs.deia.eus\/anasagasti\/wp-json\/wp\/v2\/categories?post=5037"},{"taxonomy":"post_tag","embeddable":true,"href":"https:\/\/blogs.deia.eus\/anasagasti\/wp-json\/wp\/v2\/tags?post=5037"}],"curies":[{"name":"wp","href":"https:\/\/api.w.org\/{rel}","templated":true}]}}