{"id":5041,"date":"2014-05-02T15:23:16","date_gmt":"2014-05-02T13:23:16","guid":{"rendered":"http:\/\/blogs.deia.com\/anasagasti\/?p=5041"},"modified":"2014-05-02T15:23:16","modified_gmt":"2014-05-02T13:23:16","slug":"la-rebeldia-de-manu-robles","status":"publish","type":"post","link":"https:\/\/blogs.deia.eus\/anasagasti\/2014\/05\/02\/la-rebeldia-de-manu-robles\/","title":{"rendered":"La rebeld\u00eda de Manu Robles"},"content":{"rendered":"<p><strong>Viernes 2 de mayo de 2014<\/strong><\/p>\n<p>Cuando ELA-STV acaba de ratificar su condici\u00f3n de sindicato mayoritario en Euzkadi, se cumpl\u00eda el quinto aniversario del fallecimiento de quien durante casi cinco d\u00e9cadas fuera su presidente, Manu Robles-Aranguiz, toda una vida dedicada al nacionalismo y al sindicalismo vasco.<\/p>\n<p>Descansa Manu Robles-Aranguiz en el cementerio de Zeanuri, donde \u00e9l deseaba ser enterrado. Aunque nacido en Bilbao, la mayor parte de su infancia transcurri\u00f3 en Larra, un caser\u00edo de este pueblo del Valle de Arratia, situado al pie del Gorbea, con la familia Lezeaga Beobide en un ambiente de gentes sencillas dedicadas al pastoreo y a las labores propias del baserri.<\/p>\n<p><strong>Defensor autonom\u00eda ELA-PNV<\/strong><\/p>\n<p>Manu fue impresor de profesi\u00f3n y muy pronto comenz\u00f3 su militancia nacionalista, enfocada hacia la actividad sindical en Solidaridad de Obreros Vascos, fundada en 1911. Durante aquellos a\u00f1os Manu trabajaba en los talleres del diario \u00abEuzkadi\u00bb. Una huelga organizada en aquella publicaci\u00f3n nacionalista servir\u00eda a\u00f1os despu\u00e9s para que Robles-Aranguiz dejara clap! la tradicional autonom\u00eda entre ELA y PNV.<\/p>\n<p>En todo ese tiempo &#8211; explicaba Manu en una entrevista concedida en 1977-, pase a ser un sindicato de obediencia nacionalista, su trayectoria jam\u00e1s estuvo s\/metida a las directrices del Partido Nacionalista Vasco, manteniendo en todo momento una total inde\u00adpendencia, caracter\u00edstica \u00e9sta que se encuentra presente en los escritos de Sabino Arana cuando habla del tema sindical. Sabino, el algunos p\u00e1rrafos, viene a decir que si los obreros vascos, a la hora de defender sus intereses espec\u00edficos, debido a su composici\u00f3n desconf\u00edan del Partido Nacionalista Vasco, deben crear otra organizaci\u00f3n, totalmente independiente de la anterior aunque de car\u00e1cter nacionalista .<\/p>\n<p>\u00abY as\u00ed se mantuvo Solidaridad -continuaba Manu Robles Aranguiz-, en ocasiones con dificultades, ya que ha existido m\u00e1s de una confrontaci\u00f3n con este motivo: en 1916, por poner un ejemplo, Solidaridad mantuvo,una huelga durante meses contra el diario \u00abEuzkadi\u00bb, propiedad del Partido Nacionalista Vasco, conflicto importante y que no creo le hiciera demasiada gracia al Consejo de Administraci\u00f3n. Dudo que esta actitud tenga antecedentes en el caso de la Uni\u00f3n General de Trabajadores y el Partido Socialista Obrero Espa\u00f1ol\u00bb.<\/p>\n<p><b><strong>El primer exilio con Primo de Rivera<\/strong><\/b><\/p>\n<p>Ya en 1920, un solidario, Marcelino Txartebina, fue matado a tiros por un sargento de la Guardia Civil. Los enfrentamientos en aquella \u00e9poca eran continuos. Con la llegada de la dictadura de Primo de Rivera, UGT recibir\u00eda un trato de favor, mientras los solidarios eran perseguidos. Manu fue detenido en 1924 y trasladado a la c\u00e1rcel de Larrinaga. El fiscal ped\u00eda doce a\u00f1os de prisi\u00f3n, por lo que Manu opt\u00f3 por huir a Am\u00e9rica, tras verse obligado a pagar una fianza de 5.000 pesetas.<\/p>\n<p>A su vuelta de la Argentina, Robles-Aranguiz disenti\u00f3 de una actitud contemporizadora con el directorio militar que manten\u00eda un sector de \u00abSoli\u00bb, encabezado por don Policarpo Larra\u00f1aga. Las diferencias se solventar\u00edan en el Congreso que SOV celebr\u00f3 en Eibar en 1929. A partir de esa fecha, la organizaci\u00f3n entra en una nueva etapa caracterizada por un constante crecimiento llegando a convertirse en el primer sindicato de Euzkadi en n\u00famero de afiliaci\u00f3n. Durante la Rep\u00fablica Lalu fue diputado en las legislaturas. Al margen de colaborar en las tareas del grupo parlamentario nacionalista se dedic\u00f3 a gestionar y agilizar en Madrid expedientes de obreros vascos que permanec\u00edan estancados en los ministerios.<\/p>\n<p><strong><b>El caser<\/b>\u00edo \u00abLeku-Eder\u00bb de Bezkoitze<\/strong><\/p>\n<p>El 1933 en el I Congreso, los solidarios eligen presidente provisional a Manu Robles-Aranguiz. En el congreso de Gasteiz, se adopta el definitivo nombre de Solidaridad de Trabajadores Vascos. A petici\u00f3n de Julio Jauregi y de Manu Robles-Aranguiz se decidi\u00f3 ingresar en la Internacional Sindical Cristiana de Utrech, actual Confederaci\u00f3n Mundial del Trabajo.<\/p>\n<p>Finalizada la guerra, Manu pudo marchar, en su condici\u00f3n de diputado, a M\u00e9xico, pero ya con las maletas preparadas le dijo a su esposa:<span style=\"font-family: Arial;font-size: medium\">\u00a0 <\/span>Decididamente no nos vamos, para que nuestros <span style=\"font-family: Arial;font-size: medium\">\u00a0<\/span>hijos no se olviden de la Patria\u00bb.<\/p>\n<p>Desde el viejo caser\u00f3n \u00abLeku-Eder\u00bb en Bezkoitze, Manu colaborar\u00eda activamente en la lucha contra el nazismo. En las siguientes d\u00e9cadas hasta por tres veces cruz\u00f3 la muga para coordinar la actividad clandestina de ELA y las acciones de Alianza Sindical. Su definitivo exilio se producir\u00eda en la d\u00e9cada de los sesenta ante el cerco que, en torno a \u00e9l, hab\u00eda montado la polic\u00eda franquista.<\/p>\n<p><strong><b>Legitimidad hist<\/b>\u00f3rica entre escisiones<\/strong><\/p>\n<p>Durante las dos \u00faltimas d\u00e9cadas de su vida<\/p>\n<!-- AddThis Advanced Settings generic via filter on the_content --><!-- AddThis Share Buttons generic via filter on the_content -->","protected":false},"excerpt":{"rendered":"<p>Viernes 2 de mayo de 2014 Cuando ELA-STV acaba de ratificar su condici\u00f3n de sindicato mayoritario en Euzkadi, se cumpl\u00eda el quinto aniversario del fallecimiento de quien durante casi cinco d\u00e9cadas fuera su presidente, Manu Robles-Aranguiz, toda una vida dedicada al nacionalismo y al sindicalismo vasco. Descansa Manu Robles-Aranguiz en el cementerio de Zeanuri, donde &hellip; <a href=\"https:\/\/blogs.deia.eus\/anasagasti\/2014\/05\/02\/la-rebeldia-de-manu-robles\/\" class=\"more-link\">Sigue leyendo <span class=\"screen-reader-text\">La rebeld\u00eda de Manu Robles<\/span><\/a><!-- AddThis Advanced Settings generic via filter on get_the_excerpt --><!-- AddThis Share Buttons generic via filter on get_the_excerpt --><\/p>\n","protected":false},"author":19,"featured_media":0,"comment_status":"open","ping_status":"open","sticky":false,"template":"","format":"standard","meta":{"footnotes":""},"categories":[1],"tags":[],"class_list":["post-5041","post","type-post","status-publish","format-standard","hentry","category-general"],"_links":{"self":[{"href":"https:\/\/blogs.deia.eus\/anasagasti\/wp-json\/wp\/v2\/posts\/5041","targetHints":{"allow":["GET"]}}],"collection":[{"href":"https:\/\/blogs.deia.eus\/anasagasti\/wp-json\/wp\/v2\/posts"}],"about":[{"href":"https:\/\/blogs.deia.eus\/anasagasti\/wp-json\/wp\/v2\/types\/post"}],"author":[{"embeddable":true,"href":"https:\/\/blogs.deia.eus\/anasagasti\/wp-json\/wp\/v2\/users\/19"}],"replies":[{"embeddable":true,"href":"https:\/\/blogs.deia.eus\/anasagasti\/wp-json\/wp\/v2\/comments?post=5041"}],"version-history":[{"count":2,"href":"https:\/\/blogs.deia.eus\/anasagasti\/wp-json\/wp\/v2\/posts\/5041\/revisions"}],"predecessor-version":[{"id":5043,"href":"https:\/\/blogs.deia.eus\/anasagasti\/wp-json\/wp\/v2\/posts\/5041\/revisions\/5043"}],"wp:attachment":[{"href":"https:\/\/blogs.deia.eus\/anasagasti\/wp-json\/wp\/v2\/media?parent=5041"}],"wp:term":[{"taxonomy":"category","embeddable":true,"href":"https:\/\/blogs.deia.eus\/anasagasti\/wp-json\/wp\/v2\/categories?post=5041"},{"taxonomy":"post_tag","embeddable":true,"href":"https:\/\/blogs.deia.eus\/anasagasti\/wp-json\/wp\/v2\/tags?post=5041"}],"curies":[{"name":"wp","href":"https:\/\/api.w.org\/{rel}","templated":true}]}}