{"id":5044,"date":"2014-05-03T12:09:45","date_gmt":"2014-05-03T10:09:45","guid":{"rendered":"http:\/\/blogs.deia.com\/anasagasti\/?p=5044"},"modified":"2014-05-03T12:09:45","modified_gmt":"2014-05-03T10:09:45","slug":"el-candidato-del-pnv-verhofstadt-fue-el-ganador-y-juncker-el-perdedor-del-primer-debate-del-primer-debate-europeo","status":"publish","type":"post","link":"https:\/\/blogs.deia.eus\/anasagasti\/2014\/05\/03\/el-candidato-del-pnv-verhofstadt-fue-el-ganador-y-juncker-el-perdedor-del-primer-debate-del-primer-debate-europeo\/","title":{"rendered":"El candidato del PNV Verhofstadt, fue el ganador y Juncker, el perdedor del primer debate del primer debate europeo."},"content":{"rendered":"<p><b><strong>S\u00e1bado 3 de mayo de 2014<\/strong><\/b><\/p>\n<p>Jean Claude Juncker tuvo que adelantar las elecciones en Luxemburgo a cuenta de un esc\u00e1ndalo de espionaje. Superadas \u00e9stas, toda la oposici\u00f3n se junt\u00f3 frente <span style=\"font-family: Arial;font-size: medium\">a <\/span>\u00e9l pues estaban hartos del personaje. Hoy Juncker es el candidato del PP a Presidente de la Comisi\u00f3n y tiene el tup\u00e9 de hacer consideraciones contra Catalunya habiendo presidido un estado, Luxemburgo, que es m\u00e1s peque\u00f1o que Iparralde.<\/p>\n<p><a href=\"http:\/\/blogs.deia.com\/anasagasti\/files\/2014\/05\/497.2.jpg\"><img loading=\"lazy\" decoding=\"async\" alt=\"497.2\" src=\"http:\/\/blogs.deia.com\/anasagasti\/files\/2014\/05\/497.2.jpg\" width=\"470\" height=\"250\" \/><\/a><\/p>\n<p>El PNV se presenta a estas elecciones con CIU, CC y Compromiso con Galicia. Y su candidato a presidir la Comisi\u00f3n es el ex primer ministro belga Guy Verhofstadt.<\/p>\n<p>Martin Schulz (PS), el combativo Guy Verhofstadt (liberales), el idealista Ska Keller (verdes), la rebelde, y Jean-Claude Juncker (PP), el desaparecido. Dos alemanes, un belga y un luxemburgu\u00e9s protagonizaron el pasado d\u00eda 28, el primer debate televisado de la Historia entre candidatos a presidir la Comisi\u00f3n Europea. Cuatro rostros conocidos en Bruselas pero lejanos para los ciudadanos, <span style=\"font-family: Arial;font-size: medium\">\u00a0<\/span>a quienes llamaron a las urnas el 25 de mayo. El debate, en ingl\u00e9s y mucho m\u00e1s din\u00e1mico de lo que se esperaba, volvi\u00f3 a subrayar la coincidencia de los candidatos en algunos asuntos clave de la pol\u00edtica europea, como la salida de la crisis, las relaciones con Ucrania o el esc\u00e1ndalo del espionaje de EEUU. A partir de ah\u00ed, <span style=\"font-family: Arial;font-size: medium\">\u00a0<\/span>todo matices.<\/p>\n<p>La primera parte del debate se centr\u00f3 en la econom\u00eda, donde los cuatro pol\u00edticos coincidieron en que la prioridad es luchar contra el desempleo. Schulz, el candidato socialista, bas\u00f3 su hilo argumental en criticar los rescates a la banca \u201cmientras millones de ciudadanos viven con muy poco dinero\u201d. Verhofstadt, por su parte, tir\u00f3 de su discurso de \u201cM\u00e1s Europa\u201d como receta a casi todas las cuestiones. El candidato liberal propuso como alternativa a \u201clas pol\u00edticas de siempre de los conservadores y de los socialistas\u201d.<\/p>\n<p>Si los aplausos marcaran el resultado, Verhofstadt ser\u00eda el vencedor. Y Juncker el perdedor de la noche, donde se mostr\u00f3 ausente, despistado y con falta de motivaci\u00f3n. Su contrapunto fue Schulz, que incluso protagoniz\u00f3 un rifirrafe con Verhofstadt por un comentario sobre Ucrania. En este asunto todos defendieron que la soluci\u00f3n al conflicto debe ser dialogada.<\/p>\n<p>La inmigraci\u00f3n y el euroescepticismo fueron los otras dos partes m\u00e1s intensas de un debate en el que no ha participado el candidato de Izquierda Unitaria, el griego Alexis Tsipras. \u201cS\u00f3lo pienso debatir con personas que entiendan que un ser humano es un ser humano\u201d, dijo Keller, cr\u00edtica con las pol\u00edticas de inmigraci\u00f3n que aplican algunos pa\u00edses.<\/p>\n<p>El pol\u00edtico luxemburgu\u00e9s y candidato del PP concentr\u00f3 los mayores ataques de sus colegas, en parte por la posici\u00f3n predominante de su partido, pero tambi\u00e9n porque se mostr\u00f3 m\u00e1s d\u00e9bil en el manejo de los tiempos del debate. Verhofstadt le critic\u00f3 que dentro de su familia pol\u00edtica haya miembros como Berlusconi, abiertamente euroesc\u00e9pticos. El protagonismo de esta tem\u00e1tica en el debate no es casual. Se trata de una amenaza real, como demuestran los sondeos que sit\u00faan como partidos m\u00e1s votados en Reino Unido y Francia a los independentistas euroesc\u00e9pticos de UKIP y la extrema derecha del Frente Nacional (FN), respectivamente.<\/p>\n<!-- AddThis Advanced Settings generic via filter on the_content --><!-- AddThis Share Buttons generic via filter on the_content -->","protected":false},"excerpt":{"rendered":"<p>S\u00e1bado 3 de mayo de 2014 Jean Claude Juncker tuvo que adelantar las elecciones en Luxemburgo a cuenta de un esc\u00e1ndalo de espionaje. Superadas \u00e9stas, toda la oposici\u00f3n se junt\u00f3 frente a \u00e9l pues estaban hartos del personaje. Hoy Juncker es el candidato del PP a Presidente de la Comisi\u00f3n y tiene el tup\u00e9 de &hellip; <a href=\"https:\/\/blogs.deia.eus\/anasagasti\/2014\/05\/03\/el-candidato-del-pnv-verhofstadt-fue-el-ganador-y-juncker-el-perdedor-del-primer-debate-del-primer-debate-europeo\/\" class=\"more-link\">Sigue leyendo <span class=\"screen-reader-text\">El candidato del PNV Verhofstadt, fue el ganador y Juncker, el perdedor del primer debate del primer debate europeo.<\/span><\/a><!-- AddThis Advanced Settings generic via filter on get_the_excerpt --><!-- AddThis Share Buttons generic via filter on get_the_excerpt --><\/p>\n","protected":false},"author":19,"featured_media":0,"comment_status":"open","ping_status":"open","sticky":false,"template":"","format":"standard","meta":{"footnotes":""},"categories":[1],"tags":[],"class_list":["post-5044","post","type-post","status-publish","format-standard","hentry","category-general"],"_links":{"self":[{"href":"https:\/\/blogs.deia.eus\/anasagasti\/wp-json\/wp\/v2\/posts\/5044","targetHints":{"allow":["GET"]}}],"collection":[{"href":"https:\/\/blogs.deia.eus\/anasagasti\/wp-json\/wp\/v2\/posts"}],"about":[{"href":"https:\/\/blogs.deia.eus\/anasagasti\/wp-json\/wp\/v2\/types\/post"}],"author":[{"embeddable":true,"href":"https:\/\/blogs.deia.eus\/anasagasti\/wp-json\/wp\/v2\/users\/19"}],"replies":[{"embeddable":true,"href":"https:\/\/blogs.deia.eus\/anasagasti\/wp-json\/wp\/v2\/comments?post=5044"}],"version-history":[{"count":3,"href":"https:\/\/blogs.deia.eus\/anasagasti\/wp-json\/wp\/v2\/posts\/5044\/revisions"}],"predecessor-version":[{"id":5048,"href":"https:\/\/blogs.deia.eus\/anasagasti\/wp-json\/wp\/v2\/posts\/5044\/revisions\/5048"}],"wp:attachment":[{"href":"https:\/\/blogs.deia.eus\/anasagasti\/wp-json\/wp\/v2\/media?parent=5044"}],"wp:term":[{"taxonomy":"category","embeddable":true,"href":"https:\/\/blogs.deia.eus\/anasagasti\/wp-json\/wp\/v2\/categories?post=5044"},{"taxonomy":"post_tag","embeddable":true,"href":"https:\/\/blogs.deia.eus\/anasagasti\/wp-json\/wp\/v2\/tags?post=5044"}],"curies":[{"name":"wp","href":"https:\/\/api.w.org\/{rel}","templated":true}]}}