{"id":5049,"date":"2014-05-04T12:03:37","date_gmt":"2014-05-04T10:03:37","guid":{"rendered":"http:\/\/blogs.deia.com\/anasagasti\/?p=5049"},"modified":"2014-05-04T12:03:37","modified_gmt":"2014-05-04T10:03:37","slug":"compromiso-con-galicia","status":"publish","type":"post","link":"https:\/\/blogs.deia.eus\/anasagasti\/2014\/05\/04\/compromiso-con-galicia\/","title":{"rendered":"Compromiso con Galicia"},"content":{"rendered":"<p><b><strong><a href=\"http:\/\/blogs.deia.com\/anasagasti\/files\/2014\/05\/508.14.jpg\"><img loading=\"lazy\" decoding=\"async\" class=\"alignleft size-full wp-image-5050\" alt=\"Recibidas_Albores \/\" src=\"http:\/\/blogs.deia.com\/anasagasti\/files\/2014\/05\/508.14.jpg\" width=\"670\" height=\"456\" srcset=\"https:\/\/blogs.deia.eus\/anasagasti\/files\/2014\/05\/508.14.jpg 670w, https:\/\/blogs.deia.eus\/anasagasti\/files\/2014\/05\/508.14-580x394.jpg 580w\" sizes=\"auto, (max-width: 670px) 100vw, 670px\" \/><\/a>Domingo 4 de mayo de 2014<\/strong><\/b><\/p>\n<p>El pasado mi\u00e9rcoles 26 estuve en A Coru\u00f1a participando en un acto electoral europeo con el nuevo partido, \u00abCompromiso con Galicia, que tiene un a\u00f1o y medio de vida y trabaja por hacerse con un espacio de centro galleguista, europeo y progresista. El Bloque, con quien hab\u00edamos ido en otras ocasiones decidi\u00f3 hacerlo en esta ocasi\u00f3n con Bildu.<\/p>\n<p>Despu\u00e9s de dar una vuelta por la ciudad, que <span style=\"font-family: Arial;font-size: medium\">es <\/span>muy bonita y est\u00e1 muy cuidada, tuvimos el encuentro en el Sporting, club abierto a todas las fuerzas que brind\u00f3 su sala. Y all\u00ed hablamos de estas elecciones europeas y de la importancia de las mismas tras la aprobaci\u00f3n del Tratado de Lisboa que otorga al parlamento Europeo mayor poder de codecisi\u00f3n y posibilidad de la elecci\u00f3n del presidente de la Comisi\u00f3n.<\/p>\n<p>Record\u00e9 los viajes que hice en su d\u00eda con Uzturre a los congresos galleguistas, cuando viv\u00edan Avelino Pousa Antelo y el padre de Manuel Beiras, as\u00ed como las visitas el 25 de julio, d\u00eda de Santiago, a las concentraciones del Bloque. Record\u00e9 asimismo como Jos\u00e9 Manuel P\u00e9rez Bouza, senador gallego, nos dio su asistencia para formar Grupo Parlamentario en el Senado en la anterior legislatura. Hoy P\u00e9rez Bouza milita en Compromiso. Le recuerdo afe\u00e1ndole a Fraga su No a la posibilidad que el gallego se hablara en el Senado y el cabreo que cogi\u00f3 aquel impresentable dinosaurio. Y record\u00e9 que el Marqu\u00e9s de Comillas, barco en el que ven\u00eda de Venezuela con mi madre y hermanos, toc\u00f3 el puerto coru\u00f1\u00e9s y en esta ciudad me compraron la primera gabardina que tuve, que entonces se llamaban trincheras. Tambi\u00e9n el trabajo que hice tras encontrar una carpeta con cartas de Irujo y Castelao que dieron vida al libro \u201cCastelao<span style=\"font-family: Arial;font-size: medium\">y los Vascos\u201d. <\/span>Despu\u00e9s hablamos de la Europa que queremos, del federalismo, de los padres de Europa, de las circunscripciones electorales y de la importancia de no desperdiciar ning\u00fan<span style=\"font-family: Arial;font-size: medium\">voto.<\/span><\/p>\n<p>Hab\u00edan hablado previamente un irland\u00e9s que lo hizo en galego y en castellano y la candidata Teba Conde que explic\u00f3 como se trata la educaci\u00f3n en Europa. Cerr\u00f3 el secretario general<span style=\"font-family: Arial;font-size: medium\">Xoan Bescuas, un joven dirigente con mucha proyecci<\/span>\u00f3n. Y tras el acto nos fuimos a La Voz<span style=\"font-family: Arial;font-size: medium\">de Galicia, que tiene en su redacci<\/span>\u00f3n una televisi\u00f3n y una tertulia diaria en la noche.<\/p>\n<p>El PNV la semana pasada estuvo presente en Vigo con Izaskun Bilbao, en Lugo y Pontevedra con Andoni Ortuzar y en Coru\u00f1a con mi persona. Nos interesa que esta opci\u00f3n pol\u00edtica se consolide porque tiene espacio, es bueno para Galicia y es adem\u00e1s una necesidad.<\/p>\n<p><span style=\"color: #000000;font-family: Calibri;font-size: medium\">\u00a0<\/span><\/p>\n<!-- AddThis Advanced Settings generic via filter on the_content --><!-- AddThis Share Buttons generic via filter on the_content -->","protected":false},"excerpt":{"rendered":"<p>Domingo 4 de mayo de 2014 El pasado mi\u00e9rcoles 26 estuve en A Coru\u00f1a participando en un acto electoral europeo con el nuevo partido, \u00abCompromiso con Galicia, que tiene un a\u00f1o y medio de vida y trabaja por hacerse con un espacio de centro galleguista, europeo y progresista. El Bloque, con quien hab\u00edamos ido en &hellip; <a href=\"https:\/\/blogs.deia.eus\/anasagasti\/2014\/05\/04\/compromiso-con-galicia\/\" class=\"more-link\">Sigue leyendo <span class=\"screen-reader-text\">Compromiso con Galicia<\/span><\/a><!-- AddThis Advanced Settings generic via filter on get_the_excerpt --><!-- AddThis Share Buttons generic via filter on get_the_excerpt --><\/p>\n","protected":false},"author":19,"featured_media":0,"comment_status":"open","ping_status":"open","sticky":false,"template":"","format":"standard","meta":{"footnotes":""},"categories":[1],"tags":[],"class_list":["post-5049","post","type-post","status-publish","format-standard","hentry","category-general"],"_links":{"self":[{"href":"https:\/\/blogs.deia.eus\/anasagasti\/wp-json\/wp\/v2\/posts\/5049","targetHints":{"allow":["GET"]}}],"collection":[{"href":"https:\/\/blogs.deia.eus\/anasagasti\/wp-json\/wp\/v2\/posts"}],"about":[{"href":"https:\/\/blogs.deia.eus\/anasagasti\/wp-json\/wp\/v2\/types\/post"}],"author":[{"embeddable":true,"href":"https:\/\/blogs.deia.eus\/anasagasti\/wp-json\/wp\/v2\/users\/19"}],"replies":[{"embeddable":true,"href":"https:\/\/blogs.deia.eus\/anasagasti\/wp-json\/wp\/v2\/comments?post=5049"}],"version-history":[{"count":2,"href":"https:\/\/blogs.deia.eus\/anasagasti\/wp-json\/wp\/v2\/posts\/5049\/revisions"}],"predecessor-version":[{"id":5052,"href":"https:\/\/blogs.deia.eus\/anasagasti\/wp-json\/wp\/v2\/posts\/5049\/revisions\/5052"}],"wp:attachment":[{"href":"https:\/\/blogs.deia.eus\/anasagasti\/wp-json\/wp\/v2\/media?parent=5049"}],"wp:term":[{"taxonomy":"category","embeddable":true,"href":"https:\/\/blogs.deia.eus\/anasagasti\/wp-json\/wp\/v2\/categories?post=5049"},{"taxonomy":"post_tag","embeddable":true,"href":"https:\/\/blogs.deia.eus\/anasagasti\/wp-json\/wp\/v2\/tags?post=5049"}],"curies":[{"name":"wp","href":"https:\/\/api.w.org\/{rel}","templated":true}]}}