{"id":5057,"date":"2014-05-06T15:16:52","date_gmt":"2014-05-06T13:16:52","guid":{"rendered":"http:\/\/blogs.deia.com\/anasagasti\/?p=5057"},"modified":"2014-05-06T15:16:52","modified_gmt":"2014-05-06T13:16:52","slug":"imelda-navajo-duran-y-bildarratz-presentan-jarrones-chinos-en-madrid","status":"publish","type":"post","link":"https:\/\/blogs.deia.eus\/anasagasti\/2014\/05\/06\/imelda-navajo-duran-y-bildarratz-presentan-jarrones-chinos-en-madrid\/","title":{"rendered":"Imelda Navajo, Duran y Bildarratz presentan Jarrones Chinos en Madrid"},"content":{"rendered":"<p><strong><strong>Martes 6 de mayo de 2014<\/strong><\/strong><\/p>\n<p><a href=\"http:\/\/blogs.deia.com\/anasagasti\/files\/2014\/05\/502.14-copia.jpg\"><img loading=\"lazy\" decoding=\"async\" class=\"alignleft size-full wp-image-5058\" src=\"http:\/\/blogs.deia.com\/anasagasti\/files\/2014\/05\/502.14-copia.jpg\" alt=\"502.14 - copia\" width=\"720\" height=\"540\" srcset=\"https:\/\/blogs.deia.eus\/anasagasti\/files\/2014\/05\/502.14-copia.jpg 720w, https:\/\/blogs.deia.eus\/anasagasti\/files\/2014\/05\/502.14-copia-580x435.jpg 580w\" sizes=\"auto, (max-width: 720px) 100vw, 720px\" \/><\/a>El pasado martes 29 de abril, en la famosa librer\u00eda Blanquerna, present\u00e9 el libro \u00abJarrones Chinos\u00bb, mejor dicho, me lo presentaron Bosch, el Delegado de la Generalit\u00e1 en Madrid, la editora Eimelda Navajo, y los portavoces Jokin Bildarratz y Josep A. Duran i Lleida.<\/p>\n<p>Era d\u00eda de partido de f\u00fatbol y por eso empezamos a las siete para acabar a las ocho. En una hora se puede hablar de todo. Y creo lo hicimos. Y con una particularidad. Me ha tocado estar en presentaciones de libros, cuyos presentadores no hab\u00edan le\u00eddo lo que presentaban. El martes eso no ocurri\u00f3. Tanto Imelda, Jokin, como Duran lo hab\u00edan le\u00eddo y subrayado y por eso destacaron aquello que les hab\u00eda llamado la atenci\u00f3n. Por ejemplo, en el caso de Jokin la consideraci\u00f3n final del cap\u00edtulo dedicado a Suarez cuando recuerdo que fue el PNV quien en 1982 premi\u00f3 al ex presidente cuando nadie daba por \u00e9l un duro y dec\u00eda que cuando falleciera, los ditirambos y los codazos para ser el m\u00e1s suarista del hemiciclo, lo \u00edbamos a ver. Y as\u00ed fue.<\/p>\n<p>En el caso de Duran el recuerdo de cuando est\u00e1bamos juntos en Colonia cuando nos dijeron que el rey hab\u00eda elegido a un ex Secretario General del Movimiento como presidente del gobierno en sustituci\u00f3n de Arias Navarro y yo deb\u00ed decir que \u00abmejor nos quedamos en Colonia\u00bb. A\u00f1o 1976.<\/p>\n<p>El libro se ha presentado en Bilbao, en Barcelona y en Madrid y ah\u00ed est\u00e1 hablando de los Jarrones Chinos, expresi\u00f3n venezolana y no de Felipe Gonz\u00e1lez, que dice que los ex presidentes son muy valiosos, como los jarrones chinos, pero nadie sabe d\u00f3nde ponerlos. Y estos d\u00edas hemos asistido al cabreo de Aznar porque no le hab\u00edan dado ning\u00fan mitin en la campa\u00f1a electoral europea. Todo un Jarr\u00f3n Chino lleno de mala leche.<\/p>\n<!-- AddThis Advanced Settings generic via filter on the_content --><!-- AddThis Share Buttons generic via filter on the_content -->","protected":false},"excerpt":{"rendered":"<p>Martes 6 de mayo de 2014 El pasado martes 29 de abril, en la famosa librer\u00eda Blanquerna, present\u00e9 el libro \u00abJarrones Chinos\u00bb, mejor dicho, me lo presentaron Bosch, el Delegado de la Generalit\u00e1 en Madrid, la editora Eimelda Navajo, y los portavoces Jokin Bildarratz y Josep A. Duran i Lleida. Era d\u00eda de partido de &hellip; <a href=\"https:\/\/blogs.deia.eus\/anasagasti\/2014\/05\/06\/imelda-navajo-duran-y-bildarratz-presentan-jarrones-chinos-en-madrid\/\" class=\"more-link\">Sigue leyendo <span class=\"screen-reader-text\">Imelda Navajo, Duran y Bildarratz presentan Jarrones Chinos en Madrid<\/span><\/a><!-- AddThis Advanced Settings generic via filter on get_the_excerpt --><!-- AddThis Share Buttons generic via filter on get_the_excerpt --><\/p>\n","protected":false},"author":19,"featured_media":0,"comment_status":"open","ping_status":"open","sticky":false,"template":"","format":"standard","meta":{"footnotes":""},"categories":[1],"tags":[],"class_list":["post-5057","post","type-post","status-publish","format-standard","hentry","category-general"],"_links":{"self":[{"href":"https:\/\/blogs.deia.eus\/anasagasti\/wp-json\/wp\/v2\/posts\/5057","targetHints":{"allow":["GET"]}}],"collection":[{"href":"https:\/\/blogs.deia.eus\/anasagasti\/wp-json\/wp\/v2\/posts"}],"about":[{"href":"https:\/\/blogs.deia.eus\/anasagasti\/wp-json\/wp\/v2\/types\/post"}],"author":[{"embeddable":true,"href":"https:\/\/blogs.deia.eus\/anasagasti\/wp-json\/wp\/v2\/users\/19"}],"replies":[{"embeddable":true,"href":"https:\/\/blogs.deia.eus\/anasagasti\/wp-json\/wp\/v2\/comments?post=5057"}],"version-history":[{"count":1,"href":"https:\/\/blogs.deia.eus\/anasagasti\/wp-json\/wp\/v2\/posts\/5057\/revisions"}],"predecessor-version":[{"id":5059,"href":"https:\/\/blogs.deia.eus\/anasagasti\/wp-json\/wp\/v2\/posts\/5057\/revisions\/5059"}],"wp:attachment":[{"href":"https:\/\/blogs.deia.eus\/anasagasti\/wp-json\/wp\/v2\/media?parent=5057"}],"wp:term":[{"taxonomy":"category","embeddable":true,"href":"https:\/\/blogs.deia.eus\/anasagasti\/wp-json\/wp\/v2\/categories?post=5057"},{"taxonomy":"post_tag","embeddable":true,"href":"https:\/\/blogs.deia.eus\/anasagasti\/wp-json\/wp\/v2\/tags?post=5057"}],"curies":[{"name":"wp","href":"https:\/\/api.w.org\/{rel}","templated":true}]}}