{"id":5060,"date":"2014-05-07T15:25:28","date_gmt":"2014-05-07T13:25:28","guid":{"rendered":"http:\/\/blogs.deia.com\/anasagasti\/?p=5060"},"modified":"2014-05-07T15:25:28","modified_gmt":"2014-05-07T13:25:28","slug":"presentacion-en-el-senado-de-relatos-de-plomo","status":"publish","type":"post","link":"https:\/\/blogs.deia.eus\/anasagasti\/2014\/05\/07\/presentacion-en-el-senado-de-relatos-de-plomo\/","title":{"rendered":"Presentaci\u00f3n en el Senado de \u201cRelatos de plomo\u201d"},"content":{"rendered":"<p><strong>Martes 6 de mayo de 2014<\/strong><\/p>\n<p><a href=\"http:\/\/blogs.deia.com\/anasagasti\/files\/2014\/05\/Relatos-de-plomo.jpg\"><img loading=\"lazy\" decoding=\"async\" class=\"alignleft size-full wp-image-5061\" src=\"http:\/\/blogs.deia.com\/anasagasti\/files\/2014\/05\/Relatos-de-plomo.jpg\" alt=\"Relatos de plomo\" width=\"200\" height=\"240\" \/><\/a>No he estado este mediod\u00eda en el Sal\u00f3n de los Pasos Perdidos del Senado en la presentaci\u00f3n del libro RELATOS DE PLOMO que trata de los atentados de ETA en Navarra. El libro est\u00e1 financiado por el gobierno navarro presidido por la Sra. Barcina. Segu\u00ed el acto a trav\u00e9s del monitor, porque estoy de acuerdo que las memorias de las v\u00edctimas de ETA no se pierda, sobre todo, para que no se vuelva a repetir aquel horror y para que aquellos momentos dur\u00edsimos no se olviden y deje solos a los familiares. El libro est\u00e1 francamente bien. Respeto el dolor de sus familiares.<\/p>\n<p>Pero no he ido porque este domingo en Sartaguda, ha habido un acto en el pueblo de las viudas en recuerdo de las tres mil v\u00edctimas de la derecha navarra y del ej\u00e9rcito espa\u00f1ol tras la sublevaci\u00f3n militar del 18 de julio y all\u00ed no ha estado ni la Sra. Barcina, ni los autores del libro, ni el ministro del interior, ni el presidente del Senado. Los tres mil muertos no van con ellos. Solo hay un tipo de asesinados. \u00bfPor qu\u00e9 hay para el gobierno navarro dos tipos de v\u00edctimas? \u00bfPor qu\u00e9 los tres mil asesinados navarros, cuyos familiares viven y estuvieron muchos de ellos en Sartaguda el domingo, no tienen derecho al reconocimiento que el actual gobierno navarro solo da a las v\u00edctimas de ETA? \u00bfPor qu\u00e9 el silencio y la invisibilidad? \u00bfPor qu\u00e9? \u00bfNo son seres humanos? \u00bfNo se dicen cristianos?.<\/p>\n<p>Yolanda Barcina, abriendo el acto, ha recordado que hoy se cumplen 16 a\u00f1os del asesinato de Tom\u00e1s Caballero, que fue concejal de UPN en el ayuntamiento de Pamplona y el municipio que recibi\u00f3 a Don Manuel de Irujo, cuando \u00e9ste volvi\u00f3 del exilio en 1977. Aquel crimen, como todos los de ETA fue execrable, pero estoy seguro que el talante democr\u00e1tico de Tom\u00e1s Caballero hubiera tenido en vida la sensibilidad de recordar tambi\u00e9n a los tres mil asesinados en la sublevaci\u00f3n militar porque recuerdo sus palabras de afecto a lo que el ex ministro representaba en aquel recibimiento a Irujo.<\/p>\n<p>Estoy de acuerdo en el homenaje a las V\u00edctimas, y en la edici\u00f3n de este libro, pero que se haga a todas las V\u00edctimas. A las de Sartaguda el domingo y a las de ETA este martes en el Senado. Lo dem\u00e1s es contar la historia de forma parcial. Y muy manipulada.<\/p>\n<!-- AddThis Advanced Settings generic via filter on the_content --><!-- AddThis Share Buttons generic via filter on the_content -->","protected":false},"excerpt":{"rendered":"<p>Martes 6 de mayo de 2014 No he estado este mediod\u00eda en el Sal\u00f3n de los Pasos Perdidos del Senado en la presentaci\u00f3n del libro RELATOS DE PLOMO que trata de los atentados de ETA en Navarra. El libro est\u00e1 financiado por el gobierno navarro presidido por la Sra. Barcina. Segu\u00ed el acto a trav\u00e9s &hellip; <a href=\"https:\/\/blogs.deia.eus\/anasagasti\/2014\/05\/07\/presentacion-en-el-senado-de-relatos-de-plomo\/\" class=\"more-link\">Sigue leyendo <span class=\"screen-reader-text\">Presentaci\u00f3n en el Senado de \u201cRelatos de plomo\u201d<\/span><\/a><!-- AddThis Advanced Settings generic via filter on get_the_excerpt --><!-- AddThis Share Buttons generic via filter on get_the_excerpt --><\/p>\n","protected":false},"author":19,"featured_media":0,"comment_status":"open","ping_status":"open","sticky":false,"template":"","format":"standard","meta":{"footnotes":""},"categories":[1],"tags":[],"class_list":["post-5060","post","type-post","status-publish","format-standard","hentry","category-general"],"_links":{"self":[{"href":"https:\/\/blogs.deia.eus\/anasagasti\/wp-json\/wp\/v2\/posts\/5060","targetHints":{"allow":["GET"]}}],"collection":[{"href":"https:\/\/blogs.deia.eus\/anasagasti\/wp-json\/wp\/v2\/posts"}],"about":[{"href":"https:\/\/blogs.deia.eus\/anasagasti\/wp-json\/wp\/v2\/types\/post"}],"author":[{"embeddable":true,"href":"https:\/\/blogs.deia.eus\/anasagasti\/wp-json\/wp\/v2\/users\/19"}],"replies":[{"embeddable":true,"href":"https:\/\/blogs.deia.eus\/anasagasti\/wp-json\/wp\/v2\/comments?post=5060"}],"version-history":[{"count":1,"href":"https:\/\/blogs.deia.eus\/anasagasti\/wp-json\/wp\/v2\/posts\/5060\/revisions"}],"predecessor-version":[{"id":5062,"href":"https:\/\/blogs.deia.eus\/anasagasti\/wp-json\/wp\/v2\/posts\/5060\/revisions\/5062"}],"wp:attachment":[{"href":"https:\/\/blogs.deia.eus\/anasagasti\/wp-json\/wp\/v2\/media?parent=5060"}],"wp:term":[{"taxonomy":"category","embeddable":true,"href":"https:\/\/blogs.deia.eus\/anasagasti\/wp-json\/wp\/v2\/categories?post=5060"},{"taxonomy":"post_tag","embeddable":true,"href":"https:\/\/blogs.deia.eus\/anasagasti\/wp-json\/wp\/v2\/tags?post=5060"}],"curies":[{"name":"wp","href":"https:\/\/api.w.org\/{rel}","templated":true}]}}