{"id":5063,"date":"2014-05-08T20:21:03","date_gmt":"2014-05-08T18:21:03","guid":{"rendered":"http:\/\/blogs.deia.com\/anasagasti\/?p=5063"},"modified":"2014-05-08T20:21:03","modified_gmt":"2014-05-08T18:21:03","slug":"fallece-jimenez-de-parga-el-expresidente-del-constitucional-que-se-jacto-de-no-haberle-dado-la-mano-a-ibarretxe","status":"publish","type":"post","link":"https:\/\/blogs.deia.eus\/anasagasti\/2014\/05\/08\/fallece-jimenez-de-parga-el-expresidente-del-constitucional-que-se-jacto-de-no-haberle-dado-la-mano-a-ibarretxe\/","title":{"rendered":"Fallece Jim\u00e9nez de Parga, el Expresidente del Constitucional que se jact\u00f3 de no haberle dado la mano a Ibarretxe"},"content":{"rendered":"<p><strong>Jueves 8 de mayo de 2014<\/strong><\/p>\n<p><a href=\"http:\/\/blogs.deia.com\/anasagasti\/files\/2014\/05\/517.14.jpg\"><img loading=\"lazy\" decoding=\"async\" class=\"alignleft size-full wp-image-5064\" src=\"http:\/\/blogs.deia.com\/anasagasti\/files\/2014\/05\/517.14.jpg\" alt=\"517.14\" width=\"168\" height=\"201\" \/><\/a>Ministro de Trabajo con UCD, entre 1977 y 1978, registr\u00f3 su desprecio a los territorios hist\u00f3ricos entre sus afirmaciones.<\/p>\n<p>El expresidente del Tribunal Constitucional Manuel Jim\u00e9nez de Parga, magistrado em\u00e9rito de la instituci\u00f3n, falleci\u00f3 a los 85 a\u00f1os en Madrid. Nacido en Granada en 1929, se licenci\u00f3 en Derecho con Premio Extraordinario por la Universidad de Granada en 1951, y dos a\u00f1os m\u00e1s tarde se doctor\u00f3 por la Universidad de Madrid y empez\u00f3 su vida docente como profesor encargado de la c\u00e1tedra de Derecho Pol\u00edtico en la Universidad de Madrid en 1956, ejerciendo de catedr\u00e1tico por oposici\u00f3n de la Facultad de Derecho de la Universidad de Barcelona durante 20 a\u00f1os. Asimismo, fue decano de la Facultad de Derecho (1976) y rector de la Universidad de Barcelona del a\u00f1o 1976 a 1977, y termin\u00f3 su vida acad\u00e9mica como catedr\u00e1tico de Derecho Constitucional en la Universidad de Madrid en 1995.<\/p>\n<p>Le llamaban, \u00abCopito de Nieve\u00bb. Aquel ministro de trabajo con UCD, el hombre que escrib\u00eda breves comentarios bajo el seud\u00f3nimo de Secondat, el f\u00e9rreo Presidente del Tribunal Constitucional de la \u00e9poca de Aznar (2001 a 2004), este granadino, junto a Francisco Hernando, Enrique M\u00fagica y Jes\u00fas Cardenal marcaron toda una \u00e9poca en la justicia conservadora hecha en nombre de sus peculiares visiones del estado bajo la \u00e9gida Aznar.<\/p>\n<p>Elegido presidente, con 7 votos a favor y cinco abstenciones de un \u00f3rgano que te\u00f3ricamente debe velar por la constitucionalidad de las leyes fue un extraordinario sectario. Frente al equilibrio y a la ponderaci\u00f3n que debe exigirse a un \u00abpatriota constitucional\u00bb y a un servidor p\u00fablico, nos encontramos con un personaje no neutral que dijo que en Estados Unidos ning\u00fan lehendakari de Oklahoma hab\u00eda protestado por los bombardeos en Afganist\u00e1n. En un aniversario del Constitucional se jact\u00f3 ante su grupo de no haberle dado la mano a Ibarretxe.<\/p>\n<p>&nbsp;<\/p>\n<!-- AddThis Advanced Settings generic via filter on the_content --><!-- AddThis Share Buttons generic via filter on the_content -->","protected":false},"excerpt":{"rendered":"<p>Jueves 8 de mayo de 2014 Ministro de Trabajo con UCD, entre 1977 y 1978, registr\u00f3 su desprecio a los territorios hist\u00f3ricos entre sus afirmaciones. El expresidente del Tribunal Constitucional Manuel Jim\u00e9nez de Parga, magistrado em\u00e9rito de la instituci\u00f3n, falleci\u00f3 a los 85 a\u00f1os en Madrid. Nacido en Granada en 1929, se licenci\u00f3 en Derecho &hellip; <a href=\"https:\/\/blogs.deia.eus\/anasagasti\/2014\/05\/08\/fallece-jimenez-de-parga-el-expresidente-del-constitucional-que-se-jacto-de-no-haberle-dado-la-mano-a-ibarretxe\/\" class=\"more-link\">Sigue leyendo <span class=\"screen-reader-text\">Fallece Jim\u00e9nez de Parga, el Expresidente del Constitucional que se jact\u00f3 de no haberle dado la mano a Ibarretxe<\/span><\/a><!-- AddThis Advanced Settings generic via filter on get_the_excerpt --><!-- AddThis Share Buttons generic via filter on get_the_excerpt --><\/p>\n","protected":false},"author":19,"featured_media":0,"comment_status":"open","ping_status":"open","sticky":false,"template":"","format":"standard","meta":{"footnotes":""},"categories":[1],"tags":[],"class_list":["post-5063","post","type-post","status-publish","format-standard","hentry","category-general"],"_links":{"self":[{"href":"https:\/\/blogs.deia.eus\/anasagasti\/wp-json\/wp\/v2\/posts\/5063","targetHints":{"allow":["GET"]}}],"collection":[{"href":"https:\/\/blogs.deia.eus\/anasagasti\/wp-json\/wp\/v2\/posts"}],"about":[{"href":"https:\/\/blogs.deia.eus\/anasagasti\/wp-json\/wp\/v2\/types\/post"}],"author":[{"embeddable":true,"href":"https:\/\/blogs.deia.eus\/anasagasti\/wp-json\/wp\/v2\/users\/19"}],"replies":[{"embeddable":true,"href":"https:\/\/blogs.deia.eus\/anasagasti\/wp-json\/wp\/v2\/comments?post=5063"}],"version-history":[{"count":1,"href":"https:\/\/blogs.deia.eus\/anasagasti\/wp-json\/wp\/v2\/posts\/5063\/revisions"}],"predecessor-version":[{"id":5065,"href":"https:\/\/blogs.deia.eus\/anasagasti\/wp-json\/wp\/v2\/posts\/5063\/revisions\/5065"}],"wp:attachment":[{"href":"https:\/\/blogs.deia.eus\/anasagasti\/wp-json\/wp\/v2\/media?parent=5063"}],"wp:term":[{"taxonomy":"category","embeddable":true,"href":"https:\/\/blogs.deia.eus\/anasagasti\/wp-json\/wp\/v2\/categories?post=5063"},{"taxonomy":"post_tag","embeddable":true,"href":"https:\/\/blogs.deia.eus\/anasagasti\/wp-json\/wp\/v2\/tags?post=5063"}],"curies":[{"name":"wp","href":"https:\/\/api.w.org\/{rel}","templated":true}]}}