{"id":5067,"date":"2014-05-09T21:44:49","date_gmt":"2014-05-09T19:44:49","guid":{"rendered":"http:\/\/blogs.deia.com\/anasagasti\/?p=5067"},"modified":"2014-05-09T21:44:49","modified_gmt":"2014-05-09T19:44:49","slug":"salvad-a-los-ninos","status":"publish","type":"post","link":"https:\/\/blogs.deia.eus\/anasagasti\/2014\/05\/09\/salvad-a-los-ninos\/","title":{"rendered":"\u00a1Salvad a los ni\u00f1os!"},"content":{"rendered":"<p><strong><strong>Viernes 9 de mayo de 2014<\/strong><\/strong><\/p>\n<p><a href=\"http:\/\/blogs.deia.com\/anasagasti\/files\/2014\/05\/525.14.jpg\"><img loading=\"lazy\" decoding=\"async\" class=\"alignleft size-full wp-image-5068\" src=\"http:\/\/blogs.deia.com\/anasagasti\/files\/2014\/05\/525.14.jpg\" alt=\"525.14\" width=\"2546\" height=\"1229\" srcset=\"https:\/\/blogs.deia.eus\/anasagasti\/files\/2014\/05\/525.14.jpg 2546w, https:\/\/blogs.deia.eus\/anasagasti\/files\/2014\/05\/525.14-580x279.jpg 580w, https:\/\/blogs.deia.eus\/anasagasti\/files\/2014\/05\/525.14-940x453.jpg 940w\" sizes=\"auto, (max-width: 2546px) 100vw, 2546px\" \/><\/a>Un concienzudo trabajo de investigaci\u00f3n hist\u00f3rica fue presentado el pasado jueves en los locales de la Fundaci\u00f3n Sabino Arana en Bilbao. Lleva por t\u00edtulo \u00abSalvad a los Ni\u00f1os\u201d y se trata de dar a conocer aquel episodio tan triste cuando, tras el bombardeo de Gernika, alrededor de cuatro mil ni\u00f1os, \u00a1nada menos!, fueron evacuados a Inglaterra con quince sacerdotes, personal auxiliar y un grupo de andere\u00f1os.<\/p>\n<p>En la mesa, el autor, el pasionista Gregorio Arrien, as\u00ed como D. Ander Manterola, Jos\u00e9 Ram\u00f3n Blazquez y Jos\u00e9 Antonio Rodr\u00edguez Ranz que hizo las presentaciones.<\/p>\n<p>Blazquez, que conoci\u00f3 al P. Arrien har\u00e1 treinta a\u00f1os cuando pusieron en marcha el proyecto educativo Onura y aquel estudio sobre las ikastolas y la escuela P\u00fablica Vasca y las Escuelas de Barriada alab\u00f3 el trabajo de hormiga de Arrien y la importancia de un estudio tan meticuloso y bien hecho sobre aquella tragedia. En las p\u00e1ginas de este libro constan los nombres de mi suegra y su hermano que fueron evacuados aquel terrible mes de junio. Entre el p\u00fablico estaba la hermana de mi aita que fue evacuada a B\u00e9lgica con su hermana. En mi familia he tenido cinco \u201cni\u00f1os de la guerra\u201d.<\/p>\n<p>Don Ander Manterola estuvo sembrado dando cuenta del porque hab\u00edan ido los 15 sacerdotes vascos, entre ellos su t\u00edo. Dio cuenta de la mala acogida que tuvieron por parte de la Jerarqu\u00eda inglesa, no por criterios pol\u00edticos, sino por criterios religiosos ya que para ellos Franco era el defensor de la catolicidad. Ley\u00f3 un p\u00e1rrafo terrible de un libro del Can\u00f3nigo Onaindia cuando tras visitar a algunos de ellos escribi\u00f3 sobre las penosas condiciones en las que viv\u00edan. Termin\u00f3 diciendo que aquellos curas hab\u00edan sido fieles a su pueblo y a su iglesia. Fue muy emotivo.<\/p>\n<p>Cerr\u00f3 D. Gregorio, el autor del libro. L\u00e1stima que no haya m\u00e1s investigadores como Arrien, gente sencilla y erudita que hacen trabajos de este tipo y se pasan la vida en ello sin la menor recompensa aunque como dijo \u201cel mejor homenaje es que el libro se lea\u201d. Cont\u00f3 como se produjo aquel viaje, las condiciones en las que viajaron, el tiempo que all\u00ed pasaron y como fueron tratados. Pregunt\u00f3 a algunos de aquellos \u00abni\u00f1os\u00bb presentes en la sala el recuerdo que ten\u00edan y la respuesta fue que el recuerdo era \u00a0inmejorable. Al lado m\u00edo el c\u00f3nsul brit\u00e1nico aplaud\u00eda satisfecho aunque el gobierno ingl\u00e9s de la \u00e9poca no hab\u00eda querido recibirles y fue la sociedad civil cat\u00f3lica y una diputada como la Sra. Leah Manning quienes hab\u00edan llevado a cabo aquel trabajo humanitario. Record\u00f3Arrien que esta se\u00f1ora tiene una plaza en Bilbao y que el 20 de mayo se recuerda un aniversario m\u00e1s y que est\u00e1 algo descuidada.<\/p>\n<p>Fue una presentaci\u00f3n interesante, entra\u00f1able y digna de ser rese\u00f1ada.<\/p>\n<p>&nbsp;<\/p>\n<!-- AddThis Advanced Settings generic via filter on the_content --><!-- AddThis Share Buttons generic via filter on the_content -->","protected":false},"excerpt":{"rendered":"<p>Viernes 9 de mayo de 2014 Un concienzudo trabajo de investigaci\u00f3n hist\u00f3rica fue presentado el pasado jueves en los locales de la Fundaci\u00f3n Sabino Arana en Bilbao. Lleva por t\u00edtulo \u00abSalvad a los Ni\u00f1os\u201d y se trata de dar a conocer aquel episodio tan triste cuando, tras el bombardeo de Gernika, alrededor de cuatro mil &hellip; <a href=\"https:\/\/blogs.deia.eus\/anasagasti\/2014\/05\/09\/salvad-a-los-ninos\/\" class=\"more-link\">Sigue leyendo <span class=\"screen-reader-text\">\u00a1Salvad a los ni\u00f1os!<\/span><\/a><!-- AddThis Advanced Settings generic via filter on get_the_excerpt --><!-- AddThis Share Buttons generic via filter on get_the_excerpt --><\/p>\n","protected":false},"author":19,"featured_media":0,"comment_status":"open","ping_status":"open","sticky":false,"template":"","format":"standard","meta":{"footnotes":""},"categories":[1],"tags":[],"class_list":["post-5067","post","type-post","status-publish","format-standard","hentry","category-general"],"_links":{"self":[{"href":"https:\/\/blogs.deia.eus\/anasagasti\/wp-json\/wp\/v2\/posts\/5067","targetHints":{"allow":["GET"]}}],"collection":[{"href":"https:\/\/blogs.deia.eus\/anasagasti\/wp-json\/wp\/v2\/posts"}],"about":[{"href":"https:\/\/blogs.deia.eus\/anasagasti\/wp-json\/wp\/v2\/types\/post"}],"author":[{"embeddable":true,"href":"https:\/\/blogs.deia.eus\/anasagasti\/wp-json\/wp\/v2\/users\/19"}],"replies":[{"embeddable":true,"href":"https:\/\/blogs.deia.eus\/anasagasti\/wp-json\/wp\/v2\/comments?post=5067"}],"version-history":[{"count":1,"href":"https:\/\/blogs.deia.eus\/anasagasti\/wp-json\/wp\/v2\/posts\/5067\/revisions"}],"predecessor-version":[{"id":5069,"href":"https:\/\/blogs.deia.eus\/anasagasti\/wp-json\/wp\/v2\/posts\/5067\/revisions\/5069"}],"wp:attachment":[{"href":"https:\/\/blogs.deia.eus\/anasagasti\/wp-json\/wp\/v2\/media?parent=5067"}],"wp:term":[{"taxonomy":"category","embeddable":true,"href":"https:\/\/blogs.deia.eus\/anasagasti\/wp-json\/wp\/v2\/categories?post=5067"},{"taxonomy":"post_tag","embeddable":true,"href":"https:\/\/blogs.deia.eus\/anasagasti\/wp-json\/wp\/v2\/tags?post=5067"}],"curies":[{"name":"wp","href":"https:\/\/api.w.org\/{rel}","templated":true}]}}