{"id":5070,"date":"2014-05-10T16:06:12","date_gmt":"2014-05-10T14:06:12","guid":{"rendered":"http:\/\/blogs.deia.com\/anasagasti\/?p=5070"},"modified":"2014-05-10T16:06:12","modified_gmt":"2014-05-10T14:06:12","slug":"hablando-de-europa-en-la-universidad","status":"publish","type":"post","link":"https:\/\/blogs.deia.eus\/anasagasti\/2014\/05\/10\/hablando-de-europa-en-la-universidad\/","title":{"rendered":"Hablando de Europa en la Universidad"},"content":{"rendered":"<p><strong><strong>S\u00e1bado 10 de mayo de 2014<\/strong><\/strong><\/p>\n<p>Estuve en Donosti el pasado viernes participando en la tercera Mesa de unas Jornadas sobre el Parlamento Eu\u00adropeo organizadas por la profesora Paz Andr\u00e9s y Juan Ignacio Ugartemendia en la UPV.<\/p>\n<p>Fue en hora europea, las cuatro y en el Edificio Carlos Santamar\u00eda del Campus Universitario de la UPV de Gipuzkoa.<\/p>\n<p>Cerr\u00e1bamos las jornadas y hab\u00edan elegidos gentes de la pol\u00edtica. Hab\u00edan abierto con candidatos, posteriormente con letrados y cerr\u00e1bamos nosotros. A mi lado Carmelo Barrio que es parlamentario vasco del PP y vicepresidente de Eurobask. Asimismo I\u00f1aki Irazabalbeitia, actual eurodiputado de la IA adscrito a los Verdes. Manuel Medina que ha sido eurodiputado y hombre importante del PSOE canario. Y para cerrar la mesa, Jordi Xucla, diputado de CIU.<\/p>\n<p>Hubo tres rondas donde nos preguntaron sobre<\/p>\n<ul>\n<li>La continua ascensi\u00f3n del PE: \u00bfhasta d\u00f3nde?<\/li>\n<li>Las relaciones con los Parlamentarios estatales: \u00bfsuficientes o susceptibles de mejora?<\/li>\n<li>\u00bfVerdaderamente existen los \u00abpartidos pol\u00edticos\u00bb a escala europea?<\/li>\n<li>\u00bfA qui\u00e9n est\u00e1 pol\u00edticamente m\u00e1s vinculado el eurodiputado: al partido pol\u00edtico nacional o al Grupo parlamentario europeo?<\/li>\n<li>\u00bfCu\u00e1les son a su juicio las virtudes y las carencias principales del actual Parlamento Europeo?<\/li>\n<li>Su opini\u00f3n sobre las pr\u00f3ximas elecciones al PE: \u00bfrealmente esta vez es diferente?<\/li>\n<\/ul>\n<p>Denunci\u00e9 la circunscripci\u00f3n \u00fanica espa\u00f1ola que a Carmelo Barrio le pareci\u00f3 magn\u00edfica. Hablamos de las familias ideol\u00f3gicas y de nuestra adscripci\u00f3n a ADLE (Alianza de los Dem\u00f3cratas y Liberales por Europa). Tiene 84 eurodiputados, el candidato general es Guy Verhofstadt\u00a0\u00a0\u00a0 y nosotros, dentro de este Grupo, estamos con el Partido Dem\u00f3crata Europeo que tiene 25 eurodiputados donde trabaja como una hormiga Izaskun Bilbao. Est\u00e1n tambi\u00e9n el Partido Liberal y los Dem\u00f3cratas Reformistas con 56 y tres Independientes.<\/p>\n<p>Cont\u00e9 la historia de la COSAG, nacida en 1989 y quesignifica Conferencia de \u00d3rganos Especializados de Asuntos Europeos. Se re\u00fane cada seis meses, env\u00eda seis representantes por cada Parlamento, tiene dos votos, discute sobre los temas del semestre europeo y es una reuni\u00f3n donde adem\u00e1s de parlamentos estatales est\u00e1n presentes eurodiputados. Y a veces salta la chispa. Y a mayores competencias del Parlamento Europeo se ir\u00e1n produciendo m\u00e1s enfrentamientos.<\/p>\n<p>La sala estaba llena de estudiantes que no hicieron muchas preguntas, pero por lo menos escucharon lo que all\u00ed se dijo con aparente inter\u00e9s. Europa sigue quedando lejos.<\/p>\n<!-- AddThis Advanced Settings generic via filter on the_content --><!-- AddThis Share Buttons generic via filter on the_content -->","protected":false},"excerpt":{"rendered":"<p>S\u00e1bado 10 de mayo de 2014 Estuve en Donosti el pasado viernes participando en la tercera Mesa de unas Jornadas sobre el Parlamento Eu\u00adropeo organizadas por la profesora Paz Andr\u00e9s y Juan Ignacio Ugartemendia en la UPV. Fue en hora europea, las cuatro y en el Edificio Carlos Santamar\u00eda del Campus Universitario de la UPV &hellip; <a href=\"https:\/\/blogs.deia.eus\/anasagasti\/2014\/05\/10\/hablando-de-europa-en-la-universidad\/\" class=\"more-link\">Sigue leyendo <span class=\"screen-reader-text\">Hablando de Europa en la Universidad<\/span><\/a><!-- AddThis Advanced Settings generic via filter on get_the_excerpt --><!-- AddThis Share Buttons generic via filter on get_the_excerpt --><\/p>\n","protected":false},"author":19,"featured_media":0,"comment_status":"open","ping_status":"open","sticky":false,"template":"","format":"standard","meta":{"footnotes":""},"categories":[1],"tags":[],"class_list":["post-5070","post","type-post","status-publish","format-standard","hentry","category-general"],"_links":{"self":[{"href":"https:\/\/blogs.deia.eus\/anasagasti\/wp-json\/wp\/v2\/posts\/5070","targetHints":{"allow":["GET"]}}],"collection":[{"href":"https:\/\/blogs.deia.eus\/anasagasti\/wp-json\/wp\/v2\/posts"}],"about":[{"href":"https:\/\/blogs.deia.eus\/anasagasti\/wp-json\/wp\/v2\/types\/post"}],"author":[{"embeddable":true,"href":"https:\/\/blogs.deia.eus\/anasagasti\/wp-json\/wp\/v2\/users\/19"}],"replies":[{"embeddable":true,"href":"https:\/\/blogs.deia.eus\/anasagasti\/wp-json\/wp\/v2\/comments?post=5070"}],"version-history":[{"count":1,"href":"https:\/\/blogs.deia.eus\/anasagasti\/wp-json\/wp\/v2\/posts\/5070\/revisions"}],"predecessor-version":[{"id":5071,"href":"https:\/\/blogs.deia.eus\/anasagasti\/wp-json\/wp\/v2\/posts\/5070\/revisions\/5071"}],"wp:attachment":[{"href":"https:\/\/blogs.deia.eus\/anasagasti\/wp-json\/wp\/v2\/media?parent=5070"}],"wp:term":[{"taxonomy":"category","embeddable":true,"href":"https:\/\/blogs.deia.eus\/anasagasti\/wp-json\/wp\/v2\/categories?post=5070"},{"taxonomy":"post_tag","embeddable":true,"href":"https:\/\/blogs.deia.eus\/anasagasti\/wp-json\/wp\/v2\/tags?post=5070"}],"curies":[{"name":"wp","href":"https:\/\/api.w.org\/{rel}","templated":true}]}}