{"id":5072,"date":"2014-05-11T10:19:19","date_gmt":"2014-05-11T08:19:19","guid":{"rendered":"http:\/\/blogs.deia.com\/anasagasti\/?p=5072"},"modified":"2014-05-11T10:19:19","modified_gmt":"2014-05-11T08:19:19","slug":"paseando-por-barakaldo","status":"publish","type":"post","link":"https:\/\/blogs.deia.eus\/anasagasti\/2014\/05\/11\/paseando-por-barakaldo\/","title":{"rendered":"Paseando por Barakaldo"},"content":{"rendered":"<p><strong><strong>Domingo 11 de mayo de 2014<\/strong><\/strong><\/p>\n<p><a href=\"http:\/\/blogs.deia.com\/anasagasti\/files\/2014\/05\/IMG-20140510-WA0002.jpg\"><img loading=\"lazy\" decoding=\"async\" class=\"alignleft size-full wp-image-5073\" src=\"http:\/\/blogs.deia.com\/anasagasti\/files\/2014\/05\/IMG-20140510-WA0002.jpg\" alt=\"IMG-20140510-WA0002\" width=\"599\" height=\"337\" srcset=\"https:\/\/blogs.deia.eus\/anasagasti\/files\/2014\/05\/IMG-20140510-WA0002.jpg 599w, https:\/\/blogs.deia.eus\/anasagasti\/files\/2014\/05\/IMG-20140510-WA0002-580x326.jpg 580w\" sizes=\"auto, (max-width: 599px) 100vw, 599px\" \/><\/a>El s\u00e1bado hizo un d\u00eda precioso, y, aunque el mitin principal se realizaba en Durango, una llamada de Amaia del Campo me invitaba a repartir propaganda electoral europea por Barakaldo.\u00a0 Y all\u00ed fui con Mar\u00eda Esther llegando al Batzoki de la calle Los Fueros donde se encuentra luminoso el viejo Batzoki remozado, pintado y sin front\u00f3n.<\/p>\n<p>\u201cNo tenemos carpa, ni m\u00fasica, porque eso seguramente vendr\u00e1 a la tarde para repartir propaganda en Gurutzeta\u201d, me dicen. \u201c\u00bfY nadie sabe tocar el txistu?\u201d. \u201cSi, Gorka\u201d. \u201cPues que, si quiere, que toque y anime para que la gente sepa que se reparte propaganda. La m\u00fasica es imprescindible\u201d. Y Gorka Zubiaurre, el Concejal, busca su txistu, lo trae y se lamenta de no tener tamboril. Y no par\u00f3.<\/p>\n<p>Repartimos por Fueros, por la Herriko Plaza, por las calles aleda\u00f1as hasta llegar al Bodeg\u00f3n y de all\u00ed al Centro Andaluz donde nos recibe el presidente Antonio Barroso.\u00a0 Mucha gente en las terrazas de la calle dando ambiente a un lugar amable.\u00a0 Y tras \u00e9sto, a casa.<\/p>\n<p>La gente de Barakaldo es amable y est\u00e1 acostumbrada a recibir papeler\u00eda en las calles. Es raro el rechazo. Y a pesar de la crisis y en lugar de objetar la pol\u00edtica, sabe que sin pol\u00edtica no hay actuaci\u00f3n.\u00a0 Si es cierto que las elecciones europeas le cogen lejos.\u00a0 Cuesta explicar que el 80% de la legislaci\u00f3n que nos influye en el d\u00eda a d\u00eda se aprueba en Bruselas o Estrasburgo y que tras el Tratado de Lisboa, el Parlamento Europeo duplicar\u00e1 sus competencias y elegir\u00e1 al Presidente de la Comisi\u00f3n Europea.<\/p>\n<p>El primer alcalde democr\u00e1tico en Barakaldo, tras la dictadura, fue Josu Sagastagoitia a quien se le recuerda con simpat\u00eda.\u00a0 Desde entonces el PNV no ha presidido el Ayuntamiento y ahora todas las esperanzas est\u00e1n puestas en la victoria de Amaia del Campo, una mujer luchadora, directa, simp\u00e1tica, que se toma muy en serio su trabajo, que rebate lo que no le gusta, que propone cosas y que se ha ganado a pulso que todos piensen en ella como futura alcaldesa de localidad tan importante.\u00a0 Tiene adem\u00e1s un equipo joven y muy unido que ha sido ratificado por Interjuntas de Barakaldo en un 100% porque es un equipo compacto y trabajador.<\/p>\n<p>Volvimos de Barakaldo reconfortados al ver una localidad simb\u00f3lica que est\u00e1 a punto de cambiar su registro pol\u00edtico en bien de toda su poblaci\u00f3n, gracias a un equipo del PNV de lujo.<\/p>\n<!-- AddThis Advanced Settings generic via filter on the_content --><!-- AddThis Share Buttons generic via filter on the_content -->","protected":false},"excerpt":{"rendered":"<p>Domingo 11 de mayo de 2014 El s\u00e1bado hizo un d\u00eda precioso, y, aunque el mitin principal se realizaba en Durango, una llamada de Amaia del Campo me invitaba a repartir propaganda electoral europea por Barakaldo.\u00a0 Y all\u00ed fui con Mar\u00eda Esther llegando al Batzoki de la calle Los Fueros donde se encuentra luminoso el &hellip; <a href=\"https:\/\/blogs.deia.eus\/anasagasti\/2014\/05\/11\/paseando-por-barakaldo\/\" class=\"more-link\">Sigue leyendo <span class=\"screen-reader-text\">Paseando por Barakaldo<\/span><\/a><!-- AddThis Advanced Settings generic via filter on get_the_excerpt --><!-- AddThis Share Buttons generic via filter on get_the_excerpt --><\/p>\n","protected":false},"author":19,"featured_media":0,"comment_status":"open","ping_status":"open","sticky":false,"template":"","format":"standard","meta":{"footnotes":""},"categories":[1],"tags":[],"class_list":["post-5072","post","type-post","status-publish","format-standard","hentry","category-general"],"_links":{"self":[{"href":"https:\/\/blogs.deia.eus\/anasagasti\/wp-json\/wp\/v2\/posts\/5072","targetHints":{"allow":["GET"]}}],"collection":[{"href":"https:\/\/blogs.deia.eus\/anasagasti\/wp-json\/wp\/v2\/posts"}],"about":[{"href":"https:\/\/blogs.deia.eus\/anasagasti\/wp-json\/wp\/v2\/types\/post"}],"author":[{"embeddable":true,"href":"https:\/\/blogs.deia.eus\/anasagasti\/wp-json\/wp\/v2\/users\/19"}],"replies":[{"embeddable":true,"href":"https:\/\/blogs.deia.eus\/anasagasti\/wp-json\/wp\/v2\/comments?post=5072"}],"version-history":[{"count":1,"href":"https:\/\/blogs.deia.eus\/anasagasti\/wp-json\/wp\/v2\/posts\/5072\/revisions"}],"predecessor-version":[{"id":5074,"href":"https:\/\/blogs.deia.eus\/anasagasti\/wp-json\/wp\/v2\/posts\/5072\/revisions\/5074"}],"wp:attachment":[{"href":"https:\/\/blogs.deia.eus\/anasagasti\/wp-json\/wp\/v2\/media?parent=5072"}],"wp:term":[{"taxonomy":"category","embeddable":true,"href":"https:\/\/blogs.deia.eus\/anasagasti\/wp-json\/wp\/v2\/categories?post=5072"},{"taxonomy":"post_tag","embeddable":true,"href":"https:\/\/blogs.deia.eus\/anasagasti\/wp-json\/wp\/v2\/tags?post=5072"}],"curies":[{"name":"wp","href":"https:\/\/api.w.org\/{rel}","templated":true}]}}