{"id":5075,"date":"2014-05-13T15:21:20","date_gmt":"2014-05-13T13:21:20","guid":{"rendered":"http:\/\/blogs.deia.com\/anasagasti\/?p=5075"},"modified":"2014-05-13T15:21:20","modified_gmt":"2014-05-13T13:21:20","slug":"por-que-tve-y-eitb-no-informan-sobre-el-parlamento-europeo","status":"publish","type":"post","link":"https:\/\/blogs.deia.eus\/anasagasti\/2014\/05\/13\/por-que-tve-y-eitb-no-informan-sobre-el-parlamento-europeo\/","title":{"rendered":"\u00bfPor qu\u00e9 TVE y EITB no informan sobre el Parlamento Europeo?"},"content":{"rendered":"<p><strong><strong>Martes 13 de mayo de 2014<\/strong><\/strong><\/p>\n<p>El pasado jueves,en el campus donostiarra de la UPV, tuvimos una Mesa redonda sobre las elecciones europeas. All\u00ed est\u00e1bamos todos los partidos pol\u00edticos. Entre otros I\u00f1aki Irazabalbeitia de la IA y eurodiputado. A este le hab\u00eda visto solo una vez en ETB. A Izaskun Bilbao solo en temas muy puntuales. Y \u00e9l dio la raz\u00f3n. \u00abETB en Bruselas solo informa de cuestiones del Consejo, de la Comisi\u00f3n y si va alguien del ejecutivo vasco, pero no del Parlamento Europeo.\u201d<\/p>\n<p>Y debe ser as\u00ed porque jam\u00e1s se ve un debate deenjundia, salvo noticias salpicadas y cuando otras televisiones se hacen eco del incidente o del rifi rafe.<\/p>\n<p>\u00bfC\u00f3mo se quiere ahora que la gente sepa que lo aprobado en el Parlamento Europeo nos influye en un 73% en nuestras vidas si jam\u00e1s se ven estos debates?. Pasa algo parecido con el Senado que los periodistas del Congreso solo van cuando acude Rajoy a contestar preguntas. No cuando hay una noticia. Creen que la noticia est\u00e1 donde est\u00e1n ellos, y no cuando\u00e9sta se produce. Tenemos pues un periodismo muy pobre en medios y en chispa y un porcentaje muy grande de periodistas comodones, o mal pagados, o sin experiencia o muy burocratizados con honrosas excepciones, y con direcciones muy romas en su gran mayor\u00eda. Creen que es noticia solo lo que aparece en la primera p\u00e1gina de El Pa\u00eds o El Correo.<\/p>\n<p>Una democracia es un r\u00e9gimen de opini\u00f3n p\u00fablica y \u00e9sta solo puede tener elementos de contraste si cuenta con buena y continua informaci\u00f3n. Que no es el caso. Y si, adem\u00e1s, como dice Irazabalbeitia solo cubren a los ejecutivos y no al legislativo, apaga y v\u00e1monos.<\/p>\n<p>Yo les coment\u00e9 en la charla que llevo a\u00f1os pidiendo en la Comisi\u00f3n Mixta que RTVE incluya en cada informativo una noticia sobre el Parlamento Europeo teniendo en cuenta que es un Ente P\u00fablico al servicio de toda la ciudadan\u00eda. Nunca me han hecho caso. Y al parecer y como dice Irazabalbeitia, en ETB pasa exactamente lo mismo.<\/p>\n<p>Nos atufan con f\u00fatbol a todas horas pero no hay ni un segundo para lo que verdaderamente importa. Propio de una democracia de muy baja calidad.<\/p>\n<!-- AddThis Advanced Settings generic via filter on the_content --><!-- AddThis Share Buttons generic via filter on the_content -->","protected":false},"excerpt":{"rendered":"<p>Martes 13 de mayo de 2014 El pasado jueves,en el campus donostiarra de la UPV, tuvimos una Mesa redonda sobre las elecciones europeas. All\u00ed est\u00e1bamos todos los partidos pol\u00edticos. Entre otros I\u00f1aki Irazabalbeitia de la IA y eurodiputado. A este le hab\u00eda visto solo una vez en ETB. A Izaskun Bilbao solo en temas muy &hellip; <a href=\"https:\/\/blogs.deia.eus\/anasagasti\/2014\/05\/13\/por-que-tve-y-eitb-no-informan-sobre-el-parlamento-europeo\/\" class=\"more-link\">Sigue leyendo <span class=\"screen-reader-text\">\u00bfPor qu\u00e9 TVE y EITB no informan sobre el Parlamento Europeo?<\/span><\/a><!-- AddThis Advanced Settings generic via filter on get_the_excerpt --><!-- AddThis Share Buttons generic via filter on get_the_excerpt --><\/p>\n","protected":false},"author":19,"featured_media":0,"comment_status":"open","ping_status":"open","sticky":false,"template":"","format":"standard","meta":{"footnotes":""},"categories":[1],"tags":[],"class_list":["post-5075","post","type-post","status-publish","format-standard","hentry","category-general"],"_links":{"self":[{"href":"https:\/\/blogs.deia.eus\/anasagasti\/wp-json\/wp\/v2\/posts\/5075","targetHints":{"allow":["GET"]}}],"collection":[{"href":"https:\/\/blogs.deia.eus\/anasagasti\/wp-json\/wp\/v2\/posts"}],"about":[{"href":"https:\/\/blogs.deia.eus\/anasagasti\/wp-json\/wp\/v2\/types\/post"}],"author":[{"embeddable":true,"href":"https:\/\/blogs.deia.eus\/anasagasti\/wp-json\/wp\/v2\/users\/19"}],"replies":[{"embeddable":true,"href":"https:\/\/blogs.deia.eus\/anasagasti\/wp-json\/wp\/v2\/comments?post=5075"}],"version-history":[{"count":1,"href":"https:\/\/blogs.deia.eus\/anasagasti\/wp-json\/wp\/v2\/posts\/5075\/revisions"}],"predecessor-version":[{"id":5076,"href":"https:\/\/blogs.deia.eus\/anasagasti\/wp-json\/wp\/v2\/posts\/5075\/revisions\/5076"}],"wp:attachment":[{"href":"https:\/\/blogs.deia.eus\/anasagasti\/wp-json\/wp\/v2\/media?parent=5075"}],"wp:term":[{"taxonomy":"category","embeddable":true,"href":"https:\/\/blogs.deia.eus\/anasagasti\/wp-json\/wp\/v2\/categories?post=5075"},{"taxonomy":"post_tag","embeddable":true,"href":"https:\/\/blogs.deia.eus\/anasagasti\/wp-json\/wp\/v2\/tags?post=5075"}],"curies":[{"name":"wp","href":"https:\/\/api.w.org\/{rel}","templated":true}]}}