{"id":5077,"date":"2014-05-14T15:14:13","date_gmt":"2014-05-14T13:14:13","guid":{"rendered":"http:\/\/blogs.deia.com\/anasagasti\/?p=5077"},"modified":"2014-05-14T15:14:13","modified_gmt":"2014-05-14T13:14:13","slug":"pero-si-ya-existe-en-espana-una-gran-coalicion","status":"publish","type":"post","link":"https:\/\/blogs.deia.eus\/anasagasti\/2014\/05\/14\/pero-si-ya-existe-en-espana-una-gran-coalicion\/","title":{"rendered":"\u00a1Pero si ya existe en Espa\u00f1a una gran coalici\u00f3n!"},"content":{"rendered":"<p><strong><strong>Mi\u00e9rcoles 14 de mayo de 2014<\/strong><\/strong><\/p>\n<p><a href=\"http:\/\/blogs.deia.com\/anasagasti\/files\/2014\/05\/538.2.jpg\"><img loading=\"lazy\" decoding=\"async\" class=\"alignleft size-full wp-image-5078\" src=\"http:\/\/blogs.deia.com\/anasagasti\/files\/2014\/05\/538.2.jpg\" alt=\"538.2\" width=\"226\" height=\"168\" \/><\/a>Est\u00e1 el gallinero pol\u00edtico e informativo alborotado a cuenta de unas declaraciones que hizo Arias Ca\u00f1ete diciendo que si Espa\u00f1a se encontrara en peligro era partidario de un acuerdo entre el PP y el PSOE. La Grosse Coalition que en su d\u00eda se hizo en Alemania entre la CDU y el SPD. Y todo a cuento de que entre los dos partidos no llegar\u00edan a la mayor\u00eda absoluta, y ante la irrupci\u00f3n de Vox, Ciutadans, IU, y el partido de Pablo Iglesias, \u00a1zafarrancho de combate!.<\/p>\n<p><a href=\"http:\/\/blogs.deia.com\/anasagasti\/files\/2014\/05\/538.14.jpg\"><img loading=\"lazy\" decoding=\"async\" class=\"alignleft size-full wp-image-5080\" src=\"http:\/\/blogs.deia.com\/anasagasti\/files\/2014\/05\/538.14.jpg\" alt=\"538.14\" width=\"657\" height=\"436\" srcset=\"https:\/\/blogs.deia.eus\/anasagasti\/files\/2014\/05\/538.14.jpg 657w, https:\/\/blogs.deia.eus\/anasagasti\/files\/2014\/05\/538.14-580x384.jpg 580w\" sizes=\"auto, (max-width: 657px) 100vw, 657px\" \/><\/a>Para colmo, el otro d\u00eda, la periodista Ana Pastor en la Sexta, le pregunt\u00f3 a Felipe Gonz\u00e1lez, con ese tono perdonavidas que tiene, lo que le parec\u00eda lo dicho por Ca\u00f1ete. Ante esta pregunta reiterada \u00e9ste contest\u00f3 que si Espa\u00f1a lo requer\u00eda la Gran Coalici\u00f3n vendr\u00eda de por s\u00ed, pero tampoco se mostr\u00f3 muy entusiasmado con la idea. Sin embargo hoy, la prensa se hace eco de lo dicho y es la canci\u00f3n de estas elecciones que son europeas y parecen de andar por casa.<\/p>\n<p>Si a m\u00ed me preguntaran les dir\u00eda que la Gran Coalici\u00f3n entre el PP y el PSOE existe y go\u00adza de perfecta salud. Esa coalici\u00f3n se dio para rechazarle a Ibarretxe su reforma del estatuto de Gernika. Se dio para cambiar en una semana la Constituci\u00f3n a cuenta del techo de gasto. Se volvi\u00f3 a dar el mes pasado cuando tres representantes catalanes solicitaron en el Congreso la posibilidad de convocar un refer\u00e9ndum. Se dio en la Ley de Transparencia y se da en numerosas leyes que pasan por las Cortes Generales como en un paseo militar, y que a cuenta de eso que, et\u00e9reamente llaman \u00abcuesti\u00f3n de estado\u00bb, que por cierto no existe en la Constituci\u00f3n, se ponen autom\u00e1ticamente de acuerdo. Y si no preg\u00fantenle a Aznar, a Rajoy, a Gonz\u00e1lez y a Rubalcaba por el rey y le dir\u00e1n exactamente lo mismo. Cuesti\u00f3n de Estado, es decir, Gran Coalici\u00f3n.<\/p>\n<p>Espa\u00f1a es una democracia de muy baja calidad. Y as\u00ed nos va, a todos. Desgraciadamente.<\/p>\n<p>&nbsp;<\/p>\n<!-- AddThis Advanced Settings generic via filter on the_content --><!-- AddThis Share Buttons generic via filter on the_content -->","protected":false},"excerpt":{"rendered":"<p>Mi\u00e9rcoles 14 de mayo de 2014 Est\u00e1 el gallinero pol\u00edtico e informativo alborotado a cuenta de unas declaraciones que hizo Arias Ca\u00f1ete diciendo que si Espa\u00f1a se encontrara en peligro era partidario de un acuerdo entre el PP y el PSOE. La Grosse Coalition que en su d\u00eda se hizo en Alemania entre la CDU &hellip; <a href=\"https:\/\/blogs.deia.eus\/anasagasti\/2014\/05\/14\/pero-si-ya-existe-en-espana-una-gran-coalicion\/\" class=\"more-link\">Sigue leyendo <span class=\"screen-reader-text\">\u00a1Pero si ya existe en Espa\u00f1a una gran coalici\u00f3n!<\/span><\/a><!-- AddThis Advanced Settings generic via filter on get_the_excerpt --><!-- AddThis Share Buttons generic via filter on get_the_excerpt --><\/p>\n","protected":false},"author":19,"featured_media":0,"comment_status":"open","ping_status":"open","sticky":false,"template":"","format":"standard","meta":{"footnotes":""},"categories":[1],"tags":[],"class_list":["post-5077","post","type-post","status-publish","format-standard","hentry","category-general"],"_links":{"self":[{"href":"https:\/\/blogs.deia.eus\/anasagasti\/wp-json\/wp\/v2\/posts\/5077","targetHints":{"allow":["GET"]}}],"collection":[{"href":"https:\/\/blogs.deia.eus\/anasagasti\/wp-json\/wp\/v2\/posts"}],"about":[{"href":"https:\/\/blogs.deia.eus\/anasagasti\/wp-json\/wp\/v2\/types\/post"}],"author":[{"embeddable":true,"href":"https:\/\/blogs.deia.eus\/anasagasti\/wp-json\/wp\/v2\/users\/19"}],"replies":[{"embeddable":true,"href":"https:\/\/blogs.deia.eus\/anasagasti\/wp-json\/wp\/v2\/comments?post=5077"}],"version-history":[{"count":3,"href":"https:\/\/blogs.deia.eus\/anasagasti\/wp-json\/wp\/v2\/posts\/5077\/revisions"}],"predecessor-version":[{"id":5083,"href":"https:\/\/blogs.deia.eus\/anasagasti\/wp-json\/wp\/v2\/posts\/5077\/revisions\/5083"}],"wp:attachment":[{"href":"https:\/\/blogs.deia.eus\/anasagasti\/wp-json\/wp\/v2\/media?parent=5077"}],"wp:term":[{"taxonomy":"category","embeddable":true,"href":"https:\/\/blogs.deia.eus\/anasagasti\/wp-json\/wp\/v2\/categories?post=5077"},{"taxonomy":"post_tag","embeddable":true,"href":"https:\/\/blogs.deia.eus\/anasagasti\/wp-json\/wp\/v2\/tags?post=5077"}],"curies":[{"name":"wp","href":"https:\/\/api.w.org\/{rel}","templated":true}]}}