{"id":5084,"date":"2014-05-15T14:57:43","date_gmt":"2014-05-15T12:57:43","guid":{"rendered":"http:\/\/blogs.deia.com\/anasagasti\/?p=5084"},"modified":"2014-05-15T14:57:43","modified_gmt":"2014-05-15T12:57:43","slug":"un-debate-a-dos-en-un-pais-de-pandereta","status":"publish","type":"post","link":"https:\/\/blogs.deia.eus\/anasagasti\/2014\/05\/15\/un-debate-a-dos-en-un-pais-de-pandereta\/","title":{"rendered":"Un debate a dos en un Pa\u00eds de pandereta"},"content":{"rendered":"<p><strong><strong>Jueves 15 de mayo de 2014<\/strong><\/strong><\/p>\n<p><a href=\"http:\/\/blogs.deia.com\/anasagasti\/files\/2014\/05\/548.14.jpg\"><img loading=\"lazy\" decoding=\"async\" class=\"alignleft size-thumbnail wp-image-5085\" src=\"http:\/\/blogs.deia.com\/anasagasti\/files\/2014\/05\/548.14-150x150.jpg\" alt=\"548.14\" width=\"150\" height=\"150\" srcset=\"https:\/\/blogs.deia.eus\/anasagasti\/files\/2014\/05\/548.14-150x150.jpg 150w, https:\/\/blogs.deia.eus\/anasagasti\/files\/2014\/05\/548.14.jpg 304w\" sizes=\"auto, (max-width: 150px) 100vw, 150px\" \/><\/a><a href=\"http:\/\/blogs.deia.com\/anasagasti\/files\/2014\/05\/548.2.jpg\"><img loading=\"lazy\" decoding=\"async\" class=\"alignleft size-thumbnail wp-image-5086\" src=\"http:\/\/blogs.deia.com\/anasagasti\/files\/2014\/05\/548.2-150x150.jpg\" alt=\"548.2\" width=\"150\" height=\"150\" \/><\/a>Se les llena la boca nombrando a la Constituci\u00f3n. Pero la Constituci\u00f3n no dice que Espa\u00f1a sea un estado bipartidista. Y sin embargo lo fomentan a todas horas. El debate de esta noche es buena muestra, porque adem\u00e1s lo hacen en el Ente P\u00fablico Radio Televisi\u00f3n Espa\u00f1ola. Aqu\u00ed el \u00fanico debate deber\u00eda ser a seis porque adem\u00e1s es una \u00fanica circunscripci\u00f3n y al PNV se le puede votar en Sevilla.<\/p>\n<p>Tenemos pues dos anomal\u00edas que son dos atracos democr\u00e1ticos.<\/p>\n<p>Un debate bipartidista en un Ente P\u00fablico y una circunscripci\u00f3n \u00fanica en un estado que se jacta de auton\u00f3mico y no deja que, como juegan todos, debatan todos. En Francia, en la jacobina Francia, hay siete circunscripciones, auton\u00f3micas.<\/p>\n<p>Pero este es el estado d\u00e9bil en democracia que tenemos. Con un partido de gobierno con cuentas en Suiza, un rey con tantos vicios como provincias, un poder judicial casi inexistente o existente solo para el d\u00e9bil, y seis millones de parados que nadie se explica por qu\u00e9 no han explotado.<\/p>\n<p>Y hoy, un debate a dos.<\/p>\n<p>Con una Elena Valenciano que fue eurodiputada pero que no iba a Bruselas porque all\u00ed se aburr\u00eda, sin formaci\u00f3n, y con ese desparpajo desvergonzado tan t\u00edpico del que sabe poco. Y un Arias Ca\u00f1ete, de dudosos manejos econ\u00f3micos, abogado del estado, antiautonomista, y que no quiere ser eurodiputado sino Comisario. Lo suyo es mandar. Y lo dice tan desvergonzadamente como Valenciano comenta que sus ideales han ido pasando de Jesucristo al Che para terminar en Felipe Gonz\u00e1lez, ese se\u00f1or hinchado que quiere un pacto con el PP.<\/p>\n<p>Fea radiograf\u00eda de un debate en un pa\u00eds de pandereta.<\/p>\n<!-- AddThis Advanced Settings generic via filter on the_content --><!-- AddThis Share Buttons generic via filter on the_content -->","protected":false},"excerpt":{"rendered":"<p>Jueves 15 de mayo de 2014 Se les llena la boca nombrando a la Constituci\u00f3n. Pero la Constituci\u00f3n no dice que Espa\u00f1a sea un estado bipartidista. Y sin embargo lo fomentan a todas horas. El debate de esta noche es buena muestra, porque adem\u00e1s lo hacen en el Ente P\u00fablico Radio Televisi\u00f3n Espa\u00f1ola. Aqu\u00ed el &hellip; <a href=\"https:\/\/blogs.deia.eus\/anasagasti\/2014\/05\/15\/un-debate-a-dos-en-un-pais-de-pandereta\/\" class=\"more-link\">Sigue leyendo <span class=\"screen-reader-text\">Un debate a dos en un Pa\u00eds de pandereta<\/span><\/a><!-- AddThis Advanced Settings generic via filter on get_the_excerpt --><!-- AddThis Share Buttons generic via filter on get_the_excerpt --><\/p>\n","protected":false},"author":19,"featured_media":0,"comment_status":"open","ping_status":"open","sticky":false,"template":"","format":"standard","meta":{"footnotes":""},"categories":[1],"tags":[],"class_list":["post-5084","post","type-post","status-publish","format-standard","hentry","category-general"],"_links":{"self":[{"href":"https:\/\/blogs.deia.eus\/anasagasti\/wp-json\/wp\/v2\/posts\/5084","targetHints":{"allow":["GET"]}}],"collection":[{"href":"https:\/\/blogs.deia.eus\/anasagasti\/wp-json\/wp\/v2\/posts"}],"about":[{"href":"https:\/\/blogs.deia.eus\/anasagasti\/wp-json\/wp\/v2\/types\/post"}],"author":[{"embeddable":true,"href":"https:\/\/blogs.deia.eus\/anasagasti\/wp-json\/wp\/v2\/users\/19"}],"replies":[{"embeddable":true,"href":"https:\/\/blogs.deia.eus\/anasagasti\/wp-json\/wp\/v2\/comments?post=5084"}],"version-history":[{"count":1,"href":"https:\/\/blogs.deia.eus\/anasagasti\/wp-json\/wp\/v2\/posts\/5084\/revisions"}],"predecessor-version":[{"id":5087,"href":"https:\/\/blogs.deia.eus\/anasagasti\/wp-json\/wp\/v2\/posts\/5084\/revisions\/5087"}],"wp:attachment":[{"href":"https:\/\/blogs.deia.eus\/anasagasti\/wp-json\/wp\/v2\/media?parent=5084"}],"wp:term":[{"taxonomy":"category","embeddable":true,"href":"https:\/\/blogs.deia.eus\/anasagasti\/wp-json\/wp\/v2\/categories?post=5084"},{"taxonomy":"post_tag","embeddable":true,"href":"https:\/\/blogs.deia.eus\/anasagasti\/wp-json\/wp\/v2\/tags?post=5084"}],"curies":[{"name":"wp","href":"https:\/\/api.w.org\/{rel}","templated":true}]}}