{"id":5088,"date":"2014-05-16T15:29:28","date_gmt":"2014-05-16T13:29:28","guid":{"rendered":"http:\/\/blogs.deia.com\/anasagasti\/?p=5088"},"modified":"2014-05-16T15:29:28","modified_gmt":"2014-05-16T13:29:28","slug":"el-debate-a-dos-el-debate-a-cinco-y-el-debate-castellano","status":"publish","type":"post","link":"https:\/\/blogs.deia.eus\/anasagasti\/2014\/05\/16\/el-debate-a-dos-el-debate-a-cinco-y-el-debate-castellano\/","title":{"rendered":"El debate a dos, el debate a cinco y el debate castellano"},"content":{"rendered":"<p><strong><strong>Viernes 16 de mayo de 2014<\/strong><\/strong><\/p>\n<p><a href=\"http:\/\/blogs.deia.com\/anasagasti\/files\/2014\/05\/550.14.jpg\"><img loading=\"lazy\" decoding=\"async\" class=\"alignleft size-full wp-image-5089\" src=\"http:\/\/blogs.deia.com\/anasagasti\/files\/2014\/05\/550.14.jpg\" alt=\"550.14\" width=\"620\" height=\"282\" srcset=\"https:\/\/blogs.deia.eus\/anasagasti\/files\/2014\/05\/550.14.jpg 620w, https:\/\/blogs.deia.eus\/anasagasti\/files\/2014\/05\/550.14-580x263.jpg 580w\" sizes=\"auto, (max-width: 620px) 100vw, 620px\" \/><\/a>Vi el debate a dos, Valenciano-Ca\u00f1ete. Un debate que insulta al estado auton\u00f3mico pues nos obligan electoralmente a circunscripci\u00f3n \u00fanica, pero nos tratan como a perif\u00e9ricos que no tienen derecho a sentarse en la mesa de Pap\u00e1 y Mam\u00e1. Y lo hace un Ente P\u00fablico cuya obligaci\u00f3n es velar por todos, no por el bipartidismo. \u00bfTan enfermo est\u00e1?.<\/p>\n<p>Quitando \u00e9sto, si es que se puede quitar ya que es sustancial, creo que gan\u00f3 Elena Valenciano aunque de Europa se habl\u00f3 muy poco. Domin\u00f3 la escena y le record\u00f3 a Ca\u00f1ete que ni la palabra \u201cmujer\u201d ni las palabras \u201cfraude fiscal\u201d aparec\u00edan ni una sola vez en el programa del PP. Un buen golpe en el est\u00f3mago a un Ca\u00f1ete perdido en papeles y en clave tecn\u00f3crata, hablando de la herencia recibida y sin hacer la menor propuesta interesante para Europa. Solo le falt\u00f3 a Valenciano machacarle dici\u00e9ndole que \u00e9l encabeza la lista para el Parlamento Europeo pero lo que quiere es ser Comisario, no eurodiputado. Es decir, mandar, que es lo que ha hecho siempre. Un fraude electoral<\/p>\n<p>En ETB perdieron la oportunidad de darnos en directo a la misma hora el debate europeo a cinco. Todas las opciones estaban all\u00ed frente a lo que hace Espa\u00f1a que organiz\u00f3 un debate a dos excluy\u00e9ndonos a los dem\u00e1s.<\/p>\n<p>En el debate a cinco que ganaron nuestro candidato Verhofstadty la candidata de los verdes el primero critic\u00f3 a Barroso por meterse en los problemas de Espa\u00f1a a cuenta de Catalunya. Estuvo bien el belga. La v\u00edspera nos hab\u00eda visitado en Bilbao. El debate dur\u00f3 hora y media y el tema preponderante fue el paro juvenil. Fue un debate m\u00e1s europeo que el espa\u00f1ol, como no pod\u00eda ser menos.<\/p>\n<p>Este debate que vi y no me gust\u00f3, fue precedido por otro el mi\u00e9rcoles que vi, y me gust\u00f3. Se trataba de dar v\u00eda libre al desaguisado que ha hecho la Sra. Cospedal con el estatuto de Castilla La Mancha. En el fondo fue un pugilato contra Emiliano Garc\u00eda Page, alcalde de Toledo, vicepresidente con Bono, figura que aspira a algo dentro del PSOE y senador.<\/p>\n<p>Lo hizo bien y me qued\u00e9 con dos coplas.<\/p>\n<p>Empez\u00f3 diciendo que al inicio de la transici\u00f3n no hab\u00eda en Castilla ninguna demanda auton\u00f3mica y que solo \u00e9stas exist\u00edan en Catalunya y Euzkadi. Me gust\u00f3 este reconocimiento de la realidad que no se estila.<\/p>\n<p>Otro fue que les dijera a los senadores del PP que la Sra. Cospedalsolo se preocupa de su presidencia castellana los jueves. El resto est\u00e1 en Madrid haciendo de Secretaria general. Y otro pu\u00f1etazo en el ojo fue decir otra evidencia: con el criterio de cargarse el sueldo y la proporcionalidad de los parlamentarios de Cospedal, el PP no tendr\u00eda ning\u00fan diputado en Euzkadi ni en Catalunya.<\/p>\n<p>Pero este debate, que fue en el Senado y muy interesante, pas\u00f3 totalmente desapercibido. Y es que el periodismo en Espa\u00f1a es bastante malo.<\/p>\n<p>&nbsp;<\/p>\n<!-- AddThis Advanced Settings generic via filter on the_content --><!-- AddThis Share Buttons generic via filter on the_content -->","protected":false},"excerpt":{"rendered":"<p>Viernes 16 de mayo de 2014 Vi el debate a dos, Valenciano-Ca\u00f1ete. Un debate que insulta al estado auton\u00f3mico pues nos obligan electoralmente a circunscripci\u00f3n \u00fanica, pero nos tratan como a perif\u00e9ricos que no tienen derecho a sentarse en la mesa de Pap\u00e1 y Mam\u00e1. Y lo hace un Ente P\u00fablico cuya obligaci\u00f3n es velar &hellip; <a href=\"https:\/\/blogs.deia.eus\/anasagasti\/2014\/05\/16\/el-debate-a-dos-el-debate-a-cinco-y-el-debate-castellano\/\" class=\"more-link\">Sigue leyendo <span class=\"screen-reader-text\">El debate a dos, el debate a cinco y el debate castellano<\/span><\/a><!-- AddThis Advanced Settings generic via filter on get_the_excerpt --><!-- AddThis Share Buttons generic via filter on get_the_excerpt --><\/p>\n","protected":false},"author":19,"featured_media":0,"comment_status":"open","ping_status":"open","sticky":false,"template":"","format":"standard","meta":{"footnotes":""},"categories":[1],"tags":[],"class_list":["post-5088","post","type-post","status-publish","format-standard","hentry","category-general"],"_links":{"self":[{"href":"https:\/\/blogs.deia.eus\/anasagasti\/wp-json\/wp\/v2\/posts\/5088","targetHints":{"allow":["GET"]}}],"collection":[{"href":"https:\/\/blogs.deia.eus\/anasagasti\/wp-json\/wp\/v2\/posts"}],"about":[{"href":"https:\/\/blogs.deia.eus\/anasagasti\/wp-json\/wp\/v2\/types\/post"}],"author":[{"embeddable":true,"href":"https:\/\/blogs.deia.eus\/anasagasti\/wp-json\/wp\/v2\/users\/19"}],"replies":[{"embeddable":true,"href":"https:\/\/blogs.deia.eus\/anasagasti\/wp-json\/wp\/v2\/comments?post=5088"}],"version-history":[{"count":1,"href":"https:\/\/blogs.deia.eus\/anasagasti\/wp-json\/wp\/v2\/posts\/5088\/revisions"}],"predecessor-version":[{"id":5090,"href":"https:\/\/blogs.deia.eus\/anasagasti\/wp-json\/wp\/v2\/posts\/5088\/revisions\/5090"}],"wp:attachment":[{"href":"https:\/\/blogs.deia.eus\/anasagasti\/wp-json\/wp\/v2\/media?parent=5088"}],"wp:term":[{"taxonomy":"category","embeddable":true,"href":"https:\/\/blogs.deia.eus\/anasagasti\/wp-json\/wp\/v2\/categories?post=5088"},{"taxonomy":"post_tag","embeddable":true,"href":"https:\/\/blogs.deia.eus\/anasagasti\/wp-json\/wp\/v2\/tags?post=5088"}],"curies":[{"name":"wp","href":"https:\/\/api.w.org\/{rel}","templated":true}]}}