{"id":5093,"date":"2014-05-18T10:09:10","date_gmt":"2014-05-18T08:09:10","guid":{"rendered":"http:\/\/blogs.deia.com\/anasagasti\/?p=5093"},"modified":"2014-05-18T10:09:11","modified_gmt":"2014-05-18T08:09:11","slug":"arias-canete-o-la-contumacia-en-el-error","status":"publish","type":"post","link":"https:\/\/blogs.deia.eus\/anasagasti\/2014\/05\/18\/arias-canete-o-la-contumacia-en-el-error\/","title":{"rendered":"Arias Ca\u00f1ete o la contumacia en el error"},"content":{"rendered":"<p><strong><strong>Domingo 18 de mayo de 2014<\/strong><\/strong><\/p>\n<p>\u201cDebatir con una mujer es muy complicado.\u00a0 Si el hombre hace un abuso de superioridad intelectual, parece que eres un machista y est\u00e1s acorralando a una mujer indefensa\u201d espet\u00f3 Miguel \u00c1ngel Ca\u00f1ete, cabeza de lista para el Parlamento Europeo en el programa Espejo P\u00fablico de Antena 3.\u00a0 Y la arm\u00f3.\u00a0 La v\u00edspera, Elena Valenciano he hab\u00eda dado una soberana paliza en la cara de TVE. Confuso, poco humano, leyendo papeles, hablando solo en clave tecnocr\u00e1tica, no sali\u00f3 all\u00ed el mejor Ca\u00f1ete, sino el peor.\u00a0 Y para justificar su derrota, al d\u00eda siguiente puso la gran torta con la explicaci\u00f3n de marras.<\/p>\n<p>Conozco a Arias Ca\u00f1ete.\u00a0 En la pasada legislatura fue presidente de la Comisi\u00f3n Mixta con Europa y lo hizo muy bien.\u00a0 Fue la Comisi\u00f3n que m\u00e1s se reuni\u00f3 y mejor dict\u00e1menes hizo y adem\u00e1s ten\u00eda el detalle de dejar hablar a los parlamentarios sueltos, tras haber hablado los portavoces de sus grupos.\u00a0 Eso no ocurre nunca.\u00a0 Pues con Ca\u00f1ete sucedi\u00f3.\u00a0 Por lo dem\u00e1s es el cl\u00e1sico se\u00f1or conservador espa\u00f1ol, no m\u00e1s machista que la media, casado con una se\u00f1ora mandona, bastante sobrado en su actitud ante la vida, sin detalles para con la gente, gracioso y ocurrente, listo, muy antiautonomista y luciendo gala de su abogac\u00eda del estado a todas horas, que empez\u00f3 trabajando en Ceuta y con desayuno en la cama.<\/p>\n<p>No s\u00e9 qui\u00e9n le asesora en la campa\u00f1a, seguramente el impresentable Arriola, casado con la m\u00e1s impresentable Celia Villalobos, pero si es as\u00ed, se han lucido.\u00a0 Porque el comentario de marras adem\u00e1s de ser profundamente machista y despreciador del sexo opuesto es de una falta de inteligencia sideral. Pero no solo es un inmenso error decirlo, sino mantenerse en el error con especial contundencia y contumacia. Ser\u00e1 porque de verdad el hombre piensa que su gracieta describe bien a las mujeres.<\/p>\n<p>Recuerdo que una vez \u00c1lvarez Cascos compar\u00f3 a las mujeres con las cari\u00e1tides del Parten\u00f3n y todas las diputadas de la C\u00e1mara, incluyendo a las del Partido Popular le pidieron rectificara.\u00a0 Y lo hizo.\u00a0 En esta oportunidad hemos vueltos a ver la verdadera cara del PP.\u00a0 Ni Arantza Quiroga, ni Esperanza Aguirre, ni F\u00e1tima B\u00e1\u00f1ez, ni Ana Mato, ni Celia Villalobos han dicho esta boca es m\u00eda.\u00a0 En el fondo miedo y falta de personalidad en la hora de no dejar pasar ni una a estos comentarios sexistas.<\/p>\n<p>Pero as\u00ed es el PP.<\/p>\n<!-- AddThis Advanced Settings generic via filter on the_content --><!-- AddThis Share Buttons generic via filter on the_content -->","protected":false},"excerpt":{"rendered":"<p>Domingo 18 de mayo de 2014 \u201cDebatir con una mujer es muy complicado.\u00a0 Si el hombre hace un abuso de superioridad intelectual, parece que eres un machista y est\u00e1s acorralando a una mujer indefensa\u201d espet\u00f3 Miguel \u00c1ngel Ca\u00f1ete, cabeza de lista para el Parlamento Europeo en el programa Espejo P\u00fablico de Antena 3.\u00a0 Y la &hellip; <a href=\"https:\/\/blogs.deia.eus\/anasagasti\/2014\/05\/18\/arias-canete-o-la-contumacia-en-el-error\/\" class=\"more-link\">Sigue leyendo <span class=\"screen-reader-text\">Arias Ca\u00f1ete o la contumacia en el error<\/span><\/a><!-- AddThis Advanced Settings generic via filter on get_the_excerpt --><!-- AddThis Share Buttons generic via filter on get_the_excerpt --><\/p>\n","protected":false},"author":19,"featured_media":0,"comment_status":"open","ping_status":"open","sticky":false,"template":"","format":"standard","meta":{"footnotes":""},"categories":[1],"tags":[],"class_list":["post-5093","post","type-post","status-publish","format-standard","hentry","category-general"],"_links":{"self":[{"href":"https:\/\/blogs.deia.eus\/anasagasti\/wp-json\/wp\/v2\/posts\/5093","targetHints":{"allow":["GET"]}}],"collection":[{"href":"https:\/\/blogs.deia.eus\/anasagasti\/wp-json\/wp\/v2\/posts"}],"about":[{"href":"https:\/\/blogs.deia.eus\/anasagasti\/wp-json\/wp\/v2\/types\/post"}],"author":[{"embeddable":true,"href":"https:\/\/blogs.deia.eus\/anasagasti\/wp-json\/wp\/v2\/users\/19"}],"replies":[{"embeddable":true,"href":"https:\/\/blogs.deia.eus\/anasagasti\/wp-json\/wp\/v2\/comments?post=5093"}],"version-history":[{"count":1,"href":"https:\/\/blogs.deia.eus\/anasagasti\/wp-json\/wp\/v2\/posts\/5093\/revisions"}],"predecessor-version":[{"id":5094,"href":"https:\/\/blogs.deia.eus\/anasagasti\/wp-json\/wp\/v2\/posts\/5093\/revisions\/5094"}],"wp:attachment":[{"href":"https:\/\/blogs.deia.eus\/anasagasti\/wp-json\/wp\/v2\/media?parent=5093"}],"wp:term":[{"taxonomy":"category","embeddable":true,"href":"https:\/\/blogs.deia.eus\/anasagasti\/wp-json\/wp\/v2\/categories?post=5093"},{"taxonomy":"post_tag","embeddable":true,"href":"https:\/\/blogs.deia.eus\/anasagasti\/wp-json\/wp\/v2\/tags?post=5093"}],"curies":[{"name":"wp","href":"https:\/\/api.w.org\/{rel}","templated":true}]}}