{"id":5096,"date":"2014-05-19T15:07:41","date_gmt":"2014-05-19T13:07:41","guid":{"rendered":"http:\/\/blogs.deia.com\/anasagasti\/?p=5096"},"modified":"2014-05-19T15:07:41","modified_gmt":"2014-05-19T13:07:41","slug":"1946-con-alcide-de-gasperi-en-roma","status":"publish","type":"post","link":"https:\/\/blogs.deia.eus\/anasagasti\/2014\/05\/19\/1946-con-alcide-de-gasperi-en-roma\/","title":{"rendered":"1946: Con Alcide De Gasperi en Roma"},"content":{"rendered":"<p><strong><strong>Lunes 19 de mayo de 2014<\/strong><\/strong><\/p>\n<p><a href=\"http:\/\/blogs.deia.com\/anasagasti\/files\/2014\/05\/327.14.jpg\"><img loading=\"lazy\" decoding=\"async\" class=\"alignleft size-full wp-image-5097\" src=\"http:\/\/blogs.deia.com\/anasagasti\/files\/2014\/05\/327.14.jpg\" alt=\"327.14\" width=\"1024\" height=\"670\" srcset=\"https:\/\/blogs.deia.eus\/anasagasti\/files\/2014\/05\/327.14.jpg 1024w, https:\/\/blogs.deia.eus\/anasagasti\/files\/2014\/05\/327.14-580x379.jpg 580w, https:\/\/blogs.deia.eus\/anasagasti\/files\/2014\/05\/327.14-940x615.jpg 940w\" sizes=\"auto, (max-width: 1024px) 100vw, 1024px\" \/><\/a>Tenemos a la vuelta de la esquina elecciones europeas. Los partidos espa\u00f1oles las van a utilizar como term\u00f3metro electoral. Durante cinco a\u00f1os, apenas han hablado de Europa, cuando m\u00e1s del setenta por ciento de lo que se aprueba en Estrasburgo y Bruselas, influye en nuestro d\u00eda a d\u00eda. Y les cuesta un ri\u00f1\u00f3n ir cediendo soberan\u00eda en el altar de una Uni\u00f3n que lo sea de verdad. Pero saben que si no lo hacen, caminamos hacia la irrelevancia. Se acaba de ver con la cuesti\u00f3n de Ucrania. Europa ha sido un espectador mudo en la crisis y lo ha hecho francamente mal.<\/p>\n<p>En 1977 el PNV sali\u00f3 de la clandestinidad. Previamente trabaj\u00f3 en cuatro ponencias: organizaci\u00f3n, cultura, econom\u00eda y pol\u00edtica. EI borrador de la ponencia pol\u00edtica lo redact\u00f3 Xabier Arzalluz que hab\u00eda visto en Berl\u00edn un muro divisor y asimismo hab\u00eda recogido el impulso del pasado del PNV. Ajuriaguerra, Irujo, Jauregui, Leizaola le hab\u00edan hablado del Aberri Eguna de 1933 con el lema Euzkadi-Europa, la creaci\u00f3n en 1947 en Chaud Fontaine (B\u00e9lgica) de los Nuevos Equipos Internacionales antecedente inmediato de la democracia cristiana europea en su apuesta federal subsidiaria. Le hablaron de la presencia del lehendakari Aguirre y de Landaburu en La Haya cuando se cre\u00f3 el Movimiento Europeo y de c\u00f3mo en la Delegaci\u00f3n vasca de Par\u00eds se form\u00f3 el Consejo Federal del Estado espa\u00f1ol de dicho Movimiento. Arzalluz sab\u00eda que aquella v\u00eda democristiana nac\u00eda como tercera v\u00eda entre la derecha conservadora y un socialismo no totalitario con el prestigio de liderazgos que hab\u00edan luchado y muerto contra el nazismo y el fascismo. Uno de ellos fue el de aquel trentino llamado Alcide de Gasperi considerado como uno de los padres de Europa, junto a Adenauer, Monnet, Schuman y Spack. Con todo ese mundo de experiencias redact\u00f3 aquella ponencia que ha sido y es hoy una magn\u00edfica br\u00fajula para la actuaci\u00f3n pol\u00edtica. Ning\u00fan partido aquel a\u00f1o m\u00e1gico para planificar el futuro dio importancia a la idea de la construcci\u00f3n europea. El PNV en Iru\u00f1a, s\u00ed.<\/p>\n<p>De Gasperi hab\u00eda nacido en Trento, que entonces formaba parte del imperio austroh\u00fangaro y por esta raz\u00f3n inici\u00f3 su carrera pol\u00edtica como diputado en el Parlamento austr\u00edaco en 1911. Esta experiencia le aport\u00f3 una visi\u00f3n m\u00e1s global de la vida pol\u00edtica y de Europa, ya que despu\u00e9s de la primera Guerra mundial Trento fue anexionada a Italia. Elegido diputado de Trento en 1921 planta cara a Mussolini que lo encarcela por actividades antifascistas, de modo que cuando el fascismo se derrumb\u00f3, de Gasperi era la \u00fanica figura importante que no estaba manchada y que pod\u00eda ofrecer al pueblo italiano una alternativa \u00e9tica.<\/p>\n<p>El 3 de abril de 1981, junto a Xabier Arzalluz y Gorka Aguirre, estuve en Roma en la celebraci\u00f3n del centenario del nacimiento de Alcide de Gasperi. Fue toda una experiencia y no solo por la visita a Juan Pablo II, en el Vaticano, sino por todo el debate europeo de aquellas jornadas en las que el presidente del EBB brill\u00f3 con luz propia y fue muy reconocido. En el viaje de vuelta decidimos la edici\u00f3n de un sencillo libro para que constaran aquellos debates y no se olvidara un dato del que nos sent\u00edamos orgullosos y que pusimos en Roma encima de la mesa. Nuestra presencia como partido cuando la Democracia Cristiana Italiana, tras la guerra mundial y bajo el liderazgo de Alcide de Gasperi, sali\u00f3 a la cancha p\u00fablica tras 20 a\u00f1os de persecuci\u00f3n por parte del fascismo. Fue en 1946, y en aquel congreso de salida, solo estuvimos nosotros. Las relaciones con Maritain y Dom Sturzo, nuestra vieja lucha, y el entramado de relaciones nos otorg\u00f3 aquel privilegio. En la fotograf\u00eda aparecen los tres delegados. Landaburu en la mesa al lado de la Sra. De Gasperi, Teodoro Aguirre (hermano del lehendakari) y Pepe Eizaguirre, tolosarra, ex diputado y ex miembro del Tribunal de Garant\u00edas Constitucionales. Si una imagen vale por mil palabras, ah\u00ed est\u00e1 el PNV en los albores de la Uni\u00f3n Europea code\u00e1ndose con sus promotores y marcando su impronta.<\/p>\n<p>Y no fue f\u00e1cil. De Gasperi era primer ministro de Italia y en ese congreso de la DC italiana uno de los temas importantes del orden del d\u00eda fue decidir si apostar por la Rep\u00fablica o por la Monarqu\u00eda. Unos ve\u00edan con inter\u00e9s la figura de Humberto, hijo del rey V\u00edctor Manuel que hab\u00eda colaborado con Mussolini, pero a pesar de los argumentos para mantener la monarqu\u00eda en Italia, en aquel congreso se decidi\u00f3 que la DC votar\u00eda en el refer\u00e9ndum en favor de la Rep\u00fablica. Y sali\u00f3 la Rep\u00fablica. Lo que en Espa\u00f1a no se hizo, en Italia los mandaron al exilio con prohibici\u00f3n de pisar el pa\u00eds.<\/p>\n<p>La embajada franquista maniobr\u00f3 para que los vascos no estuvieran en dicho Congreso pero fue el propio primer ministro quien dijo: \u00abEntre unos y otros, me quedo con los vascos\u00bb.<\/p>\n<p>Contaba Landaburu: \u00abEn tres ocasiones tuvimos el honor de conversar con De Gasperi. Desde el primer momento lo hizo con la intimidad y la confianza de los viejos amigos. \u00c9l ha conocido tambi\u00e9n las persecuciones (cuatro a\u00f1os de c\u00e1rcel) y las miserias de una dictadura de veinte a\u00f1os. Y en un tono fraternal nos dec\u00eda: \u00ab\u00a1Que bella es la libertad cuando se ha vivido en la opresi\u00f3n!\u00bb. \u00abEl problema de la reconstrucci\u00f3n patria es m\u00e1s que un problema de la reconstrucci\u00f3n de edificios, puentes o carreteras, es un problema de reconstrucci\u00f3n moral y es un problema de construcci\u00f3n de la nueva clase dirigente\u201d. De aquel congreso sali\u00f3 la matriz de la pol\u00edtica italiana y europea para los siguientes treinta a\u00f1os. Y el PNV estuvo ah\u00ed. Y es que lo europeo est\u00e1 en nuestro ADN de partido. Con De Gasperi, Adenauer, Schuman y Monnet. \u00bfQu\u00e9 organizaci\u00f3n pol\u00edtica puede presentar semejante historial? Pues eso.<\/p>\n<!-- AddThis Advanced Settings generic via filter on the_content --><!-- AddThis Share Buttons generic via filter on the_content -->","protected":false},"excerpt":{"rendered":"<p>Lunes 19 de mayo de 2014 Tenemos a la vuelta de la esquina elecciones europeas. Los partidos espa\u00f1oles las van a utilizar como term\u00f3metro electoral. Durante cinco a\u00f1os, apenas han hablado de Europa, cuando m\u00e1s del setenta por ciento de lo que se aprueba en Estrasburgo y Bruselas, influye en nuestro d\u00eda a d\u00eda. Y &hellip; <a href=\"https:\/\/blogs.deia.eus\/anasagasti\/2014\/05\/19\/1946-con-alcide-de-gasperi-en-roma\/\" class=\"more-link\">Sigue leyendo <span class=\"screen-reader-text\">1946: Con Alcide De Gasperi en Roma<\/span><\/a><!-- AddThis Advanced Settings generic via filter on get_the_excerpt --><!-- AddThis Share Buttons generic via filter on get_the_excerpt --><\/p>\n","protected":false},"author":19,"featured_media":0,"comment_status":"open","ping_status":"open","sticky":false,"template":"","format":"standard","meta":{"footnotes":""},"categories":[1],"tags":[],"class_list":["post-5096","post","type-post","status-publish","format-standard","hentry","category-general"],"_links":{"self":[{"href":"https:\/\/blogs.deia.eus\/anasagasti\/wp-json\/wp\/v2\/posts\/5096","targetHints":{"allow":["GET"]}}],"collection":[{"href":"https:\/\/blogs.deia.eus\/anasagasti\/wp-json\/wp\/v2\/posts"}],"about":[{"href":"https:\/\/blogs.deia.eus\/anasagasti\/wp-json\/wp\/v2\/types\/post"}],"author":[{"embeddable":true,"href":"https:\/\/blogs.deia.eus\/anasagasti\/wp-json\/wp\/v2\/users\/19"}],"replies":[{"embeddable":true,"href":"https:\/\/blogs.deia.eus\/anasagasti\/wp-json\/wp\/v2\/comments?post=5096"}],"version-history":[{"count":1,"href":"https:\/\/blogs.deia.eus\/anasagasti\/wp-json\/wp\/v2\/posts\/5096\/revisions"}],"predecessor-version":[{"id":5098,"href":"https:\/\/blogs.deia.eus\/anasagasti\/wp-json\/wp\/v2\/posts\/5096\/revisions\/5098"}],"wp:attachment":[{"href":"https:\/\/blogs.deia.eus\/anasagasti\/wp-json\/wp\/v2\/media?parent=5096"}],"wp:term":[{"taxonomy":"category","embeddable":true,"href":"https:\/\/blogs.deia.eus\/anasagasti\/wp-json\/wp\/v2\/categories?post=5096"},{"taxonomy":"post_tag","embeddable":true,"href":"https:\/\/blogs.deia.eus\/anasagasti\/wp-json\/wp\/v2\/tags?post=5096"}],"curies":[{"name":"wp","href":"https:\/\/api.w.org\/{rel}","templated":true}]}}