{"id":5099,"date":"2014-05-20T15:28:17","date_gmt":"2014-05-20T13:28:17","guid":{"rendered":"http:\/\/blogs.deia.com\/anasagasti\/?p=5099"},"modified":"2014-05-20T15:28:17","modified_gmt":"2014-05-20T13:28:17","slug":"debate-a-seis-en-etb-y-en-tve","status":"publish","type":"post","link":"https:\/\/blogs.deia.eus\/anasagasti\/2014\/05\/20\/debate-a-seis-en-etb-y-en-tve\/","title":{"rendered":"Debate a seis en ETB y en TVE"},"content":{"rendered":"<p><strong><strong>Martes 20 de mayo de 2014<\/strong><\/strong><\/p>\n<p><a href=\"http:\/\/blogs.deia.com\/anasagasti\/files\/2014\/05\/Izaskun-Bilbao.jpg\"><img loading=\"lazy\" decoding=\"async\" class=\"alignleft size-full wp-image-5102\" src=\"http:\/\/blogs.deia.com\/anasagasti\/files\/2014\/05\/Izaskun-Bilbao.jpg\" alt=\"Izaskun Bilbao\" width=\"300\" height=\"224\" \/><\/a><\/p>\n<p><a href=\"http:\/\/blogs.deia.com\/anasagasti\/files\/2014\/05\/574.14.jpg\"><img loading=\"lazy\" decoding=\"async\" class=\"alignleft size-full wp-image-5101\" src=\"http:\/\/blogs.deia.com\/anasagasti\/files\/2014\/05\/574.14.jpg\" alt=\"574.14\" width=\"646\" height=\"290\" srcset=\"https:\/\/blogs.deia.eus\/anasagasti\/files\/2014\/05\/574.14.jpg 646w, https:\/\/blogs.deia.eus\/anasagasti\/files\/2014\/05\/574.14-580x260.jpg 580w\" sizes=\"auto, (max-width: 646px) 100vw, 646px\" \/><\/a>Este lunes en ETB y en TVE hubo, a la misma hora, dos debates televisados sobre las elecciones europeas. En TVE, todos fueron hombres. En ETB, hab\u00eda dos mujeres. En TVE salieron las descalificaciones impresentables de Arias Ca\u00f1ete. En ETB, no.<\/p>\n<p>Fue curioso que en TVE no estuvieran, ni Elena Valenciano, ni Arias Ca\u00f1ete, primeros de lista. Mandaron a sus segundos, Gonz\u00e1lez Ponsy Jauregui. Otra desconsideraci\u00f3n bipartidista contra las llamadas minor\u00edas, tan adversadas por Jauregui y Rajoy. Olvidan que la democracia es el gobierno de las mayor\u00edas con respeto a las minor\u00edas. Aqu\u00edno solo se desprecia a las minor\u00edas, sino que mandan a segundos espadas a discutir con ellas. La semana anterior el desprecio hab\u00eda sido hacer un debate a dos en un estado con circunscripci\u00f3n \u00fanica que se dice de monarqu\u00eda parlamentaria y no bipartidaria. Espa\u00f1a es una democracia de muy baja intensidad.<\/p>\n<p>Izaskun Bilbao tiene experiencia, modales, argumentos y un tono convincente. No insulta a nadie y da datos. Iturgaiz buscaba el cuerpo a cuerpo con Josu Juaristi pero \u00e9ste no entr\u00f3 al trapo de las descalificaciones. Eider Gardeazabal estuvo bien, salvo cuando tuvo que opinar sobre el derecho\u00a0 a decidir donde le sali\u00f3 su adscripci\u00f3n a un partido de \u00e1mbito espa\u00f1ol sin concesiones a la pluralidad. I\u00f1igo Mart\u00ednez de IU argument\u00f3 con solvencia y Manu Aguirre de UPyD y en el n\u00famero 26 de la lista parec\u00eda que se iba a comer el mundo. Hab\u00eda aparecido ese d\u00eda con un gorro blanco de esos que ponen en las visitas a una f\u00e1brica de bacalao. No solo no tiene chance alguno sino que parec\u00eda m\u00e1s bien el Cid Campeador montado en Babieca.<\/p>\n<p>Debates como estos deber\u00eda programarlos ETB una vez al mes. Es un ente p\u00fablico y deber\u00edamos saber que hacen y opinan los eurodiputados en aquella C\u00e1mara. Lo mismo en el Parlamento Vasco, el Congreso y el Senado. Pero prefieren buscar rating con peliculitas de tres al cuarto. Lo mismo TVE que en esos momentos ten\u00eda asimismo el debate a seis, con los segundos aludidos m\u00e1s Tremosa de CIU, Meyer de IU, Torrecabras de ERC, y Sosa Wagner de UPyD. Este es un buen dial\u00e9ctico y un exquisito profesor pero cuando puso Tremosa el derecho a decidir de Catalunya, perdi\u00f3 los papeles, la compostura y hasta se le arrug\u00f3 la pajarita. Un sectario de la peor especie.<\/p>\n<p>Jauregui estuvo como siempre. En clave de buen espa\u00f1ol, olvidando en todo momento su adscripci\u00f3n vasca, queriendo debatir solo con el PP, y diciendo que Europa es para los partidos grandes. All\u00ed estaba Tremosa que saldr\u00e1 elegido \u00e9l solo de CIU, pero se adscribe a los Liberales que tienen 85 parlamentarios y donde est\u00e1 el Partido Dem\u00f3crata Europeo donde ir\u00e1 Izaskun Bilbao. \u00bfA qu\u00e9 viene ese continuo desprecio a las minor\u00edas? Jauregui estuvo pues falt\u00f3n y mesetario, como Gonz\u00e1lez Pons que roz\u00f3la cursiler\u00eda hablando de que catalanes y valencianos son hermanos. S\u00ed, pero como Ca\u00edn y Abel en su caso, al impedir ejercitar al pueblo catal\u00e1n una consulta democr\u00e1tica.<\/p>\n<p>Simultane\u00e9 los dos debates. El vasco fue m\u00e1s plural y respetuoso salvo en el caso de Iturgaiz que es la cuota Mayor Oreja en esta lista y que est\u00e1 feliz pues le han dado un micr\u00f3fono en esta campa\u00f1a mientras Arantza Quiroga calla como una muerta las actitudes machistas de su p\u00e9simo candidato Arias Ca\u00f1ete, que nos lo presentaron como el mejor y est\u00e1 resultando el peor y ojal\u00e1 le ocurra como a Butiglione en su d\u00eda, que no lleg\u00f3 a Comisario, entonces por su homofobia, y en este caso Ca\u00f1ete por su indecente machismo y clasismo tan propios de la derecha espa\u00f1ola.<\/p>\n<!-- AddThis Advanced Settings generic via filter on the_content --><!-- AddThis Share Buttons generic via filter on the_content -->","protected":false},"excerpt":{"rendered":"<p>Martes 20 de mayo de 2014 Este lunes en ETB y en TVE hubo, a la misma hora, dos debates televisados sobre las elecciones europeas. En TVE, todos fueron hombres. En ETB, hab\u00eda dos mujeres. En TVE salieron las descalificaciones impresentables de Arias Ca\u00f1ete. En ETB, no. Fue curioso que en TVE no estuvieran, ni &hellip; <a href=\"https:\/\/blogs.deia.eus\/anasagasti\/2014\/05\/20\/debate-a-seis-en-etb-y-en-tve\/\" class=\"more-link\">Sigue leyendo <span class=\"screen-reader-text\">Debate a seis en ETB y en TVE<\/span><\/a><!-- AddThis Advanced Settings generic via filter on get_the_excerpt --><!-- AddThis Share Buttons generic via filter on get_the_excerpt --><\/p>\n","protected":false},"author":19,"featured_media":0,"comment_status":"open","ping_status":"open","sticky":false,"template":"","format":"standard","meta":{"footnotes":""},"categories":[1],"tags":[],"class_list":["post-5099","post","type-post","status-publish","format-standard","hentry","category-general"],"_links":{"self":[{"href":"https:\/\/blogs.deia.eus\/anasagasti\/wp-json\/wp\/v2\/posts\/5099","targetHints":{"allow":["GET"]}}],"collection":[{"href":"https:\/\/blogs.deia.eus\/anasagasti\/wp-json\/wp\/v2\/posts"}],"about":[{"href":"https:\/\/blogs.deia.eus\/anasagasti\/wp-json\/wp\/v2\/types\/post"}],"author":[{"embeddable":true,"href":"https:\/\/blogs.deia.eus\/anasagasti\/wp-json\/wp\/v2\/users\/19"}],"replies":[{"embeddable":true,"href":"https:\/\/blogs.deia.eus\/anasagasti\/wp-json\/wp\/v2\/comments?post=5099"}],"version-history":[{"count":1,"href":"https:\/\/blogs.deia.eus\/anasagasti\/wp-json\/wp\/v2\/posts\/5099\/revisions"}],"predecessor-version":[{"id":5103,"href":"https:\/\/blogs.deia.eus\/anasagasti\/wp-json\/wp\/v2\/posts\/5099\/revisions\/5103"}],"wp:attachment":[{"href":"https:\/\/blogs.deia.eus\/anasagasti\/wp-json\/wp\/v2\/media?parent=5099"}],"wp:term":[{"taxonomy":"category","embeddable":true,"href":"https:\/\/blogs.deia.eus\/anasagasti\/wp-json\/wp\/v2\/categories?post=5099"},{"taxonomy":"post_tag","embeddable":true,"href":"https:\/\/blogs.deia.eus\/anasagasti\/wp-json\/wp\/v2\/tags?post=5099"}],"curies":[{"name":"wp","href":"https:\/\/api.w.org\/{rel}","templated":true}]}}