{"id":5104,"date":"2014-05-21T15:16:00","date_gmt":"2014-05-21T13:16:00","guid":{"rendered":"http:\/\/blogs.deia.com\/anasagasti\/?p=5104"},"modified":"2014-05-21T15:16:00","modified_gmt":"2014-05-21T13:16:00","slug":"que-ha-sido-de-zoe-nubla","status":"publish","type":"post","link":"https:\/\/blogs.deia.eus\/anasagasti\/2014\/05\/21\/que-ha-sido-de-zoe-nubla\/","title":{"rendered":"\u00bfQu\u00e9 ha sido de Zoe Nubla?"},"content":{"rendered":"<p><strong><strong>Mi\u00e9rcoles 21 de mayo de 2014<\/strong><\/strong><\/p>\n<p><a href=\"http:\/\/blogs.deia.com\/anasagasti\/files\/2014\/05\/575.14.gif\"><img loading=\"lazy\" decoding=\"async\" class=\"alignleft size-full wp-image-5105\" src=\"http:\/\/blogs.deia.com\/anasagasti\/files\/2014\/05\/575.14.gif\" alt=\"575.14\" width=\"224\" height=\"249\" \/><\/a>Me llega a casa la papeleta electoral del PP y miro por curiosidad a sus componentes. Algunos repiten y recuerdo que aquella candidatura de hace cinco a\u00f1os la llamaban \u00abel \u00faltimo helic\u00f3ptero del Viet Nam\u00bb. Todos guardamos aquella terrible imagen de aquel helic\u00f3ptero en la terraza de la embajada norteamericana en Saig\u00f3n y centenares de aquella pobre gente luchando por meterse en aquel cacharro. Y la candidatura del PP, hace cinco a\u00f1os, la llamaron as\u00ed. Eran los tiempos de vino y rosa del insensato Zapatero.<\/p>\n<p>Veo que una mujer va la tercera yAntonio P\u00e9rez Isturiz que acaba de estar en el puerto de Bilbao d\u00e1ndonos consejos va el once. Es un gallo que al parecer en su gallinero tiene pocas plumas. Y le veo a Carlos Iturgaiz Angulo el 17. Si sale ya puede ir en triduo a la bas\u00edlica de Bego\u00f1a en agradecimiento a los favores concedidos. El hombre no pisa fuerte en su partido porque le ven como la concesi\u00f3n a un Mayor Oreja que se va de Europa y de la pol\u00edtica harto de su partido. Pero ah\u00ed est\u00e1 el hombre chupando c\u00e1mara como loco porque sabe que le vienen cinco a\u00f1os de sequ\u00eda sin cantimplora.<\/p>\n<p>Y le veo en el lugar 33 a Zoe Nubla, a quien nos la presentaron como la nueva musa europea y casi a la par de Juncker. Entrevistas, fotograf\u00edas, besos y abrazos, pero en un lugar imposible de salir. \u00bfNo es un poco indecoroso hacer semejante campa\u00f1a no teniendo la menor posibilidad de salir? Una cosa es el ir de relleno, porque a alguien hay que poner y otra cosa es tratar de darnos el pego de que puede ser la estrella del Parlamento Europeo. De eso nada, querida Zoe Nubla.<\/p>\n<p>Y de repente no se le ve en ning\u00fan sitio. Deducci\u00f3n. Iturgaiz ha dicho \u201cqu\u00edtenme esta sombra de mi campa\u00f1a que el \u00fanico que puede salir soy yo y el \u00fanico autorizado para seguir diciendo bobadas soy yo\u00bb. \u201cA la Quiroga la tenemos solo para meterse con el PNV, \u201ccuando del caladero PNV los de PP no pescan ni una sardina, pero hay que meterse con ellos. Y sobre lo de Ca\u00f1ete, silencio y m\u00e1s silencio. Tab\u00fa.<\/p>\n<p>Bueno pues as\u00ed va la campa\u00f1a pepera en Euzkadi.<\/p>\n<!-- AddThis Advanced Settings generic via filter on the_content --><!-- AddThis Share Buttons generic via filter on the_content -->","protected":false},"excerpt":{"rendered":"<p>Mi\u00e9rcoles 21 de mayo de 2014 Me llega a casa la papeleta electoral del PP y miro por curiosidad a sus componentes. Algunos repiten y recuerdo que aquella candidatura de hace cinco a\u00f1os la llamaban \u00abel \u00faltimo helic\u00f3ptero del Viet Nam\u00bb. Todos guardamos aquella terrible imagen de aquel helic\u00f3ptero en la terraza de la embajada &hellip; <a href=\"https:\/\/blogs.deia.eus\/anasagasti\/2014\/05\/21\/que-ha-sido-de-zoe-nubla\/\" class=\"more-link\">Sigue leyendo <span class=\"screen-reader-text\">\u00bfQu\u00e9 ha sido de Zoe Nubla?<\/span><\/a><!-- AddThis Advanced Settings generic via filter on get_the_excerpt --><!-- AddThis Share Buttons generic via filter on get_the_excerpt --><\/p>\n","protected":false},"author":19,"featured_media":0,"comment_status":"open","ping_status":"open","sticky":false,"template":"","format":"standard","meta":{"footnotes":""},"categories":[1],"tags":[],"class_list":["post-5104","post","type-post","status-publish","format-standard","hentry","category-general"],"_links":{"self":[{"href":"https:\/\/blogs.deia.eus\/anasagasti\/wp-json\/wp\/v2\/posts\/5104","targetHints":{"allow":["GET"]}}],"collection":[{"href":"https:\/\/blogs.deia.eus\/anasagasti\/wp-json\/wp\/v2\/posts"}],"about":[{"href":"https:\/\/blogs.deia.eus\/anasagasti\/wp-json\/wp\/v2\/types\/post"}],"author":[{"embeddable":true,"href":"https:\/\/blogs.deia.eus\/anasagasti\/wp-json\/wp\/v2\/users\/19"}],"replies":[{"embeddable":true,"href":"https:\/\/blogs.deia.eus\/anasagasti\/wp-json\/wp\/v2\/comments?post=5104"}],"version-history":[{"count":1,"href":"https:\/\/blogs.deia.eus\/anasagasti\/wp-json\/wp\/v2\/posts\/5104\/revisions"}],"predecessor-version":[{"id":5106,"href":"https:\/\/blogs.deia.eus\/anasagasti\/wp-json\/wp\/v2\/posts\/5104\/revisions\/5106"}],"wp:attachment":[{"href":"https:\/\/blogs.deia.eus\/anasagasti\/wp-json\/wp\/v2\/media?parent=5104"}],"wp:term":[{"taxonomy":"category","embeddable":true,"href":"https:\/\/blogs.deia.eus\/anasagasti\/wp-json\/wp\/v2\/categories?post=5104"},{"taxonomy":"post_tag","embeddable":true,"href":"https:\/\/blogs.deia.eus\/anasagasti\/wp-json\/wp\/v2\/tags?post=5104"}],"curies":[{"name":"wp","href":"https:\/\/api.w.org\/{rel}","templated":true}]}}