{"id":5107,"date":"2014-05-22T15:18:48","date_gmt":"2014-05-22T13:18:48","guid":{"rendered":"http:\/\/blogs.deia.com\/anasagasti\/?p=5107"},"modified":"2014-05-23T15:23:09","modified_gmt":"2014-05-23T13:23:09","slug":"el-monarquismo-de-urkullu","status":"publish","type":"post","link":"https:\/\/blogs.deia.eus\/anasagasti\/2014\/05\/22\/el-monarquismo-de-urkullu\/","title":{"rendered":"El Monarquismo de Urkullu"},"content":{"rendered":"<p><strong><strong>Jueves 22 de mayo de 2014<\/strong><\/strong><\/p>\n<p><a href=\"http:\/\/blogs.deia.com\/anasagasti\/files\/2014\/05\/580.14.jpg\"><img loading=\"lazy\" decoding=\"async\" class=\"alignleft size-full wp-image-5108\" src=\"http:\/\/blogs.deia.com\/anasagasti\/files\/2014\/05\/580.14.jpg\" alt=\"580.14\" width=\"646\" height=\"418\" srcset=\"https:\/\/blogs.deia.eus\/anasagasti\/files\/2014\/05\/580.14.jpg 646w, https:\/\/blogs.deia.eus\/anasagasti\/files\/2014\/05\/580.14-580x375.jpg 580w\" sizes=\"auto, (max-width: 646px) 100vw, 646px\" \/><\/a>Me gustan los premios Pr\u00edncipe de Asturias como a Mafalda la sopa. Es decir, nada. Son una peana, pagada por todos, para preparar la llegada al trono de Felipe de Borb\u00f3n. Sin embargo, de vez en cuando, aciertan, como con este premio a Quino. Lo merec\u00eda. \u00abEn este mundo hay m\u00e1s gentes que personas\u00bb. \u00abParen el mundo que me quiero bajar\u00bb y cosas as\u00ed dice una Mafalda que son verdades como pu\u00f1os. Y no creo que sea mon\u00e1rquico Quino, pero vendr\u00e1 a recoger su\u00a0 merecido premio. Como le toc\u00f3 al Lehendakari recibir el lunes al rey.<\/p>\n<p>A pesar de que Mafalda est\u00e1 jubilada\u00a0 a sus cincuenta a\u00f1os, algo hubiera dicho de la melcocher\u00eda de cierta prensa ante el d\u00e9cimo aniversario de aquella fastuosa boda en Madrid, entre Felipe y Letizia, con asistencia de la realeza de medio mundo y los secretarios generales de UGT y CC.OO. que todav\u00eda no sabemos lo que cost\u00f3. Los ditirambos ante este d\u00e9cimo aniversario son de traca. Como lo fueron en su d\u00eda con Juan Carlos y Sof\u00eda y ah\u00ed est\u00e1n, que solo\u00a0 se les ve juntos en actos oficiales. No es bueno para la diabetes leer estas cosas y menos en el ABC y La Raz\u00f3n.<\/p>\n<p>Tambi\u00e9n ha sido noticia la visita del rey a Barcelona y el tratamiento que le ha dado la prensa a cuenta de que Artur Mas ha estado cort\u00e9s con \u00e9l. \u00bfQu\u00e9 quer\u00edan?. \u00bfQue le pegara?. Los nacionalistas discrepamos, pero somos gente educada, porque aguantar un discurso del rey diciendo\u00a0 a los nuevos jueces catalanes que hay que respetar la Constituci\u00f3n, no me digan que no es de escribirlo en letras de oro. Se le olvid\u00f3 decir aquello de \u00abla justicia es igual para todos\u00bb. \u00bfPor qu\u00e9 ser\u00e1?. Seguramente sabr\u00eda que ese mismo d\u00eda\u00a0 la Agencia Tributaria acusar\u00eda a\u00a0 su yerno querido Urdangarin diciendo \u00a0que era un chorizo porque con su mujer Cristina, hab\u00eda ideado todo un montaje para defraudar a\u00a0 Hacienda. Lo curioso del caso es el empecinamiento en decir que la Sra. Borb\u00f3n quedaba exculpada cuando compart\u00eda con su marido la empresa Aizoon y era cooperadora necesaria en todos sus chanchullos. Sigue el pacto de encubrimiento de sus delitos y de encubrir a una delincuente.<\/p>\n<p>En ese clima, y por eso hay que seguir insistiendo en acusar a esta familia de corruptos, el equipo de la Casa Real ha decidido acceder a twitter con una cuenta. Fue gracioso que un twitero escribiera. \u00abLa Casa Real abre una nueva cuenta. Esta vez no es en Suiza sino en twitter\u00bb. La transparencia real lo censur\u00f3, pero tuvo su gracia describiendo lo que sabemos.<\/p>\n<p>Y tambi\u00e9n en este cima con tanto rey y tantos pr\u00edncipes en campa\u00f1a, nos sale\u00a0 Sortu diciendo que \u00b7\u00bbes una verg\u00fcenza que el Lehendakari vaya de la mano de los Borbones \u00bb y le llama \u00absumiso\u00bb a cuenta de que fue un respetuoso anfitri\u00f3n en el acto del lunes en Gasteiz en la f\u00e1brica Mercedes. \u00bfQu\u00e9 quer\u00edan que hiciera?. Pues hizo lo de Artur Mas y Errekondo\u00a0 e Id\u00edgoras cuando fueron a la Zarzuela. Ser cort\u00e9s y sensato. Ser un educado anfitri\u00f3n con el jefe del estado de Espa\u00f1a, porque igual estos de Sortu no se han enterado de que todav\u00eda no somos independientes.<\/p>\n<p>Urkullu\u00a0 ha dicho siendo lehendakari que \u00e9l es republicano, pero de los republicanos de Rep\u00fablica vasca y siempre ha actuado en consecuencia. Pero es como Garitano que pone la bandera espa\u00f1ola por imperativo legal. Pues s\u00ed.<\/p>\n<p>Quiz\u00e1s Sortu quer\u00eda desviar la atenci\u00f3n del magn\u00edfico discurso del Lehendakari cuando alab\u00f3 el modelo de concertaci\u00f3n social en Mercedes. Si hubiera sido por Sortu o por Ela hoy Mercedes estar\u00eda en Polonia y la fabrica no dar\u00eda trabajo a tres mil vascos haciendo furgonetas con contrataos para diez a\u00f1os.<\/p>\n<p>\u00bfMon\u00e1rquico Urkullu?. Si. Como yo.<\/p>\n<!-- AddThis Advanced Settings generic via filter on the_content --><!-- AddThis Share Buttons generic via filter on the_content -->","protected":false},"excerpt":{"rendered":"<p>Jueves 22 de mayo de 2014 Me gustan los premios Pr\u00edncipe de Asturias como a Mafalda la sopa. Es decir, nada. Son una peana, pagada por todos, para preparar la llegada al trono de Felipe de Borb\u00f3n. Sin embargo, de vez en cuando, aciertan, como con este premio a Quino. Lo merec\u00eda. \u00abEn este mundo &hellip; <a href=\"https:\/\/blogs.deia.eus\/anasagasti\/2014\/05\/22\/el-monarquismo-de-urkullu\/\" class=\"more-link\">Sigue leyendo <span class=\"screen-reader-text\">El Monarquismo de Urkullu<\/span><\/a><!-- AddThis Advanced Settings generic via filter on get_the_excerpt --><!-- AddThis Share Buttons generic via filter on get_the_excerpt --><\/p>\n","protected":false},"author":19,"featured_media":0,"comment_status":"open","ping_status":"open","sticky":false,"template":"","format":"standard","meta":{"footnotes":""},"categories":[1],"tags":[],"class_list":["post-5107","post","type-post","status-publish","format-standard","hentry","category-general"],"_links":{"self":[{"href":"https:\/\/blogs.deia.eus\/anasagasti\/wp-json\/wp\/v2\/posts\/5107","targetHints":{"allow":["GET"]}}],"collection":[{"href":"https:\/\/blogs.deia.eus\/anasagasti\/wp-json\/wp\/v2\/posts"}],"about":[{"href":"https:\/\/blogs.deia.eus\/anasagasti\/wp-json\/wp\/v2\/types\/post"}],"author":[{"embeddable":true,"href":"https:\/\/blogs.deia.eus\/anasagasti\/wp-json\/wp\/v2\/users\/19"}],"replies":[{"embeddable":true,"href":"https:\/\/blogs.deia.eus\/anasagasti\/wp-json\/wp\/v2\/comments?post=5107"}],"version-history":[{"count":1,"href":"https:\/\/blogs.deia.eus\/anasagasti\/wp-json\/wp\/v2\/posts\/5107\/revisions"}],"predecessor-version":[{"id":5109,"href":"https:\/\/blogs.deia.eus\/anasagasti\/wp-json\/wp\/v2\/posts\/5107\/revisions\/5109"}],"wp:attachment":[{"href":"https:\/\/blogs.deia.eus\/anasagasti\/wp-json\/wp\/v2\/media?parent=5107"}],"wp:term":[{"taxonomy":"category","embeddable":true,"href":"https:\/\/blogs.deia.eus\/anasagasti\/wp-json\/wp\/v2\/categories?post=5107"},{"taxonomy":"post_tag","embeddable":true,"href":"https:\/\/blogs.deia.eus\/anasagasti\/wp-json\/wp\/v2\/tags?post=5107"}],"curies":[{"name":"wp","href":"https:\/\/api.w.org\/{rel}","templated":true}]}}