{"id":5112,"date":"2014-05-23T15:25:29","date_gmt":"2014-05-23T13:25:29","guid":{"rendered":"http:\/\/blogs.deia.com\/anasagasti\/?p=5112"},"modified":"2014-05-23T15:25:29","modified_gmt":"2014-05-23T13:25:29","slug":"recta-final","status":"publish","type":"post","link":"https:\/\/blogs.deia.eus\/anasagasti\/2014\/05\/23\/recta-final\/","title":{"rendered":"Recta final"},"content":{"rendered":"<p><strong>Viernes 23 de mayo de 2014<\/strong><\/p>\n<p>Curioso y grave el debate sobre las palabras del alcalde de Sestao, un alcalde por lo dem\u00e1s magn\u00edfico. Lo escrib\u00ed el s\u00e1bado. Si en lugar de decir \u201cinmigrante\u201d hubiera dicho presuntos delincuentes \u00bfhubiera pasado lo mismo?. \u00c9l se ha disculpado pero ha informado que son de hace un a\u00f1o, puestas en circulaci\u00f3n ahora en plena campa\u00f1a y que fueron grabadas sin que \u00e9l supiera que lo estaban haciendo, porque no se expresa as\u00ed institucionalmente y porque Sestao arrastra un grave problema desde hace a\u00f1os con un grupo de personas que alteran el orden de un barrio del pueblo. Todo desafortunado pero indicativo del cainismo de la pol\u00edtica. Para apuntar.<\/p>\n<p>Y ataques a un PNV que ya se hab\u00eda manifestado y pedido disculpas. Pero eso no vale en Madrid que tienen puesta la lupa en un partido centenario buscando lunares. Nada que ver con lo ocurrido con Ca\u00f1ete que solo se disculp\u00f3, seis d\u00edas despu\u00e9s, por miedo a perder su Comisariato en Bruselas. Y las dijo en directo en A-3, no le robaron nada, ni fueron hechas hace un a\u00f1o.<\/p>\n<p>Un PP que ha sacado un video tenebroso en Catalunya preocupado por la irrupci\u00f3n de Ciutadans, de Vox y de UPyD. Dicen que las minor\u00edas no sirven pol\u00edticamente para nada. Peligroso mensaje democr\u00e1tico en momentos en los que hay que instar a ir a votar por cualquier opci\u00f3n en circunscripci\u00f3n \u00fanica. Y desprecio al adversario, que no son santos de mi devoci\u00f3n. Algo tendr\u00e1n estos partidos cuando el PP los teme despreciando a sus electores a los que llama bobos mientras quieren seguir fomentando el bipartidismo. Menosprecio y nervios a flor de piel. En Catalunya donde el PP cabe en un monopat\u00edn. Le sobra el taxi.<\/p>\n<p>Veremos qu\u00e9 pasa el domingo. Nos dar\u00e1n estas elecciones muchos datos.<\/p>\n<!-- AddThis Advanced Settings generic via filter on the_content --><!-- AddThis Share Buttons generic via filter on the_content -->","protected":false},"excerpt":{"rendered":"<p>Viernes 23 de mayo de 2014 Curioso y grave el debate sobre las palabras del alcalde de Sestao, un alcalde por lo dem\u00e1s magn\u00edfico. Lo escrib\u00ed el s\u00e1bado. Si en lugar de decir \u201cinmigrante\u201d hubiera dicho presuntos delincuentes \u00bfhubiera pasado lo mismo?. \u00c9l se ha disculpado pero ha informado que son de hace un a\u00f1o, &hellip; <a href=\"https:\/\/blogs.deia.eus\/anasagasti\/2014\/05\/23\/recta-final\/\" class=\"more-link\">Sigue leyendo <span class=\"screen-reader-text\">Recta final<\/span><\/a><!-- AddThis Advanced Settings generic via filter on get_the_excerpt --><!-- AddThis Share Buttons generic via filter on get_the_excerpt --><\/p>\n","protected":false},"author":19,"featured_media":0,"comment_status":"open","ping_status":"open","sticky":false,"template":"","format":"standard","meta":{"footnotes":""},"categories":[1],"tags":[],"class_list":["post-5112","post","type-post","status-publish","format-standard","hentry","category-general"],"_links":{"self":[{"href":"https:\/\/blogs.deia.eus\/anasagasti\/wp-json\/wp\/v2\/posts\/5112","targetHints":{"allow":["GET"]}}],"collection":[{"href":"https:\/\/blogs.deia.eus\/anasagasti\/wp-json\/wp\/v2\/posts"}],"about":[{"href":"https:\/\/blogs.deia.eus\/anasagasti\/wp-json\/wp\/v2\/types\/post"}],"author":[{"embeddable":true,"href":"https:\/\/blogs.deia.eus\/anasagasti\/wp-json\/wp\/v2\/users\/19"}],"replies":[{"embeddable":true,"href":"https:\/\/blogs.deia.eus\/anasagasti\/wp-json\/wp\/v2\/comments?post=5112"}],"version-history":[{"count":1,"href":"https:\/\/blogs.deia.eus\/anasagasti\/wp-json\/wp\/v2\/posts\/5112\/revisions"}],"predecessor-version":[{"id":5113,"href":"https:\/\/blogs.deia.eus\/anasagasti\/wp-json\/wp\/v2\/posts\/5112\/revisions\/5113"}],"wp:attachment":[{"href":"https:\/\/blogs.deia.eus\/anasagasti\/wp-json\/wp\/v2\/media?parent=5112"}],"wp:term":[{"taxonomy":"category","embeddable":true,"href":"https:\/\/blogs.deia.eus\/anasagasti\/wp-json\/wp\/v2\/categories?post=5112"},{"taxonomy":"post_tag","embeddable":true,"href":"https:\/\/blogs.deia.eus\/anasagasti\/wp-json\/wp\/v2\/tags?post=5112"}],"curies":[{"name":"wp","href":"https:\/\/api.w.org\/{rel}","templated":true}]}}