{"id":5115,"date":"2014-05-24T10:00:57","date_gmt":"2014-05-24T08:00:57","guid":{"rendered":"http:\/\/blogs.deia.com\/anasagasti\/?p=5115"},"modified":"2014-05-24T10:00:57","modified_gmt":"2014-05-24T08:00:57","slug":"tres-portavoces-con-amaia-y-los-reflejos-de-bergara","status":"publish","type":"post","link":"https:\/\/blogs.deia.eus\/anasagasti\/2014\/05\/24\/tres-portavoces-con-amaia-y-los-reflejos-de-bergara\/","title":{"rendered":"Tres portavoces con Amaia y los reflejos de Bergara"},"content":{"rendered":"<p><strong><strong>Viernes 23 de mayo de 2014<\/strong><\/strong><\/p>\n<p><a href=\"http:\/\/blogs.deia.com\/anasagasti\/files\/2014\/05\/582.14.jpg\"><img loading=\"lazy\" decoding=\"async\" class=\"alignleft size-full wp-image-5116\" src=\"http:\/\/blogs.deia.com\/anasagasti\/files\/2014\/05\/582.14.jpg\" alt=\"582.14\" width=\"1024\" height=\"768\" srcset=\"https:\/\/blogs.deia.eus\/anasagasti\/files\/2014\/05\/582.14.jpg 1024w, https:\/\/blogs.deia.eus\/anasagasti\/files\/2014\/05\/582.14-580x435.jpg 580w, https:\/\/blogs.deia.eus\/anasagasti\/files\/2014\/05\/582.14-940x705.jpg 940w\" sizes=\"auto, (max-width: 1024px) 100vw, 1024px\" \/><\/a>En 37 a\u00f1os de actividad pol\u00edtica en Madrid, el PNV ha tenido en el Congreso cuatro portavoces. Xabier Arzalluz (1977-1979), Marcos Vizcaya (1979-1986), I\u00f1aki Anasagasti (l986-2004), Josu Erkoreka (2004-2011) y el quinto actual es Aitor Esteban (2011 \u2026). Y de esos cinco, tres estuvimos este viernes en Cruces repartiendo propaganda electoral y arropando a Amaia del Campo, futura alcaldesa de Barakaldo y su estupendo equipo. La receptividad fue notable y aunque la preocupaci\u00f3n por el montaje hecho contra el alcalde de Sestao era importante, el \u00e1nimo no deca\u00eda. Todo lo contrario. Y al final terminamos en el Batzoki sacando fotos y \u00e9sta, por curiosa, es la que expongo.<\/p>\n<p>En relaci\u00f3n con lo ocurrido con las palabras del alcalde Josu Bergara solo decir que ha obedecido a un c\u00e1lculo muy medido al sacar estos exabruptos graves del alcalde en reuni\u00f3n privada y con este video obtenido sin permiso y esperar el mejor momento para ellos para tratar de hacer el mayor da\u00f1o posible.<\/p>\n<p>Bergara se equivoc\u00f3 en la utilizaci\u00f3n de semejantes palabras porque estaba analizando coloquial y apasionadamente un caso de delincuencia urbana no de inmigraci\u00f3n y tanto el PNV como \u00e9l as\u00ed lo han reconocido y lamentado. Pero nadie puede negar los reflejos que ha tenido. Convoc\u00f3 inmediatamente una rueda de prensa, pidi\u00f3 disculpas y perd\u00f3n, y este viernes ha convocado y dado explicaciones a asociaciones de inmigrantes tanto en Sestao como en Bilbao. Nose ha empecinado en el error como Ca\u00f1ete, sino ha reconocido que sus expresiones eran ofensivas y eso le enaltece porque Bergara no es un racista sino un buen alcalde que no tuvo, y repito, hace un a\u00f1o su mejor d\u00eda. Esa es la diferencia entre el PP y el PNV.<\/p>\n<p>En relaci\u00f3n a las declaraciones de Patxi L\u00f3pez y Eduardo Madina, lamentables. Muy lamentables. L\u00f3pez ha tenido al frente del PSE a un Egiguren condenado por malos tratos a su mujer sin pedir perd\u00f3n a nadie y Madina, que vive en Madrid, siendo diputado por Bizkaia a la que apenas pisa, le invitar\u00eda a vivir en el barrio Txabarri para que dejase de decir imbecilidades.<\/p>\n<p>Por lo dem\u00e1s, \u00a1a votar el domingo!.<\/p>\n<!-- AddThis Advanced Settings generic via filter on the_content --><!-- AddThis Share Buttons generic via filter on the_content -->","protected":false},"excerpt":{"rendered":"<p>Viernes 23 de mayo de 2014 En 37 a\u00f1os de actividad pol\u00edtica en Madrid, el PNV ha tenido en el Congreso cuatro portavoces. Xabier Arzalluz (1977-1979), Marcos Vizcaya (1979-1986), I\u00f1aki Anasagasti (l986-2004), Josu Erkoreka (2004-2011) y el quinto actual es Aitor Esteban (2011 \u2026). Y de esos cinco, tres estuvimos este viernes en Cruces repartiendo &hellip; <a href=\"https:\/\/blogs.deia.eus\/anasagasti\/2014\/05\/24\/tres-portavoces-con-amaia-y-los-reflejos-de-bergara\/\" class=\"more-link\">Sigue leyendo <span class=\"screen-reader-text\">Tres portavoces con Amaia y los reflejos de Bergara<\/span><\/a><!-- AddThis Advanced Settings generic via filter on get_the_excerpt --><!-- AddThis Share Buttons generic via filter on get_the_excerpt --><\/p>\n","protected":false},"author":19,"featured_media":0,"comment_status":"open","ping_status":"open","sticky":false,"template":"","format":"standard","meta":{"footnotes":""},"categories":[1],"tags":[],"class_list":["post-5115","post","type-post","status-publish","format-standard","hentry","category-general"],"_links":{"self":[{"href":"https:\/\/blogs.deia.eus\/anasagasti\/wp-json\/wp\/v2\/posts\/5115","targetHints":{"allow":["GET"]}}],"collection":[{"href":"https:\/\/blogs.deia.eus\/anasagasti\/wp-json\/wp\/v2\/posts"}],"about":[{"href":"https:\/\/blogs.deia.eus\/anasagasti\/wp-json\/wp\/v2\/types\/post"}],"author":[{"embeddable":true,"href":"https:\/\/blogs.deia.eus\/anasagasti\/wp-json\/wp\/v2\/users\/19"}],"replies":[{"embeddable":true,"href":"https:\/\/blogs.deia.eus\/anasagasti\/wp-json\/wp\/v2\/comments?post=5115"}],"version-history":[{"count":1,"href":"https:\/\/blogs.deia.eus\/anasagasti\/wp-json\/wp\/v2\/posts\/5115\/revisions"}],"predecessor-version":[{"id":5117,"href":"https:\/\/blogs.deia.eus\/anasagasti\/wp-json\/wp\/v2\/posts\/5115\/revisions\/5117"}],"wp:attachment":[{"href":"https:\/\/blogs.deia.eus\/anasagasti\/wp-json\/wp\/v2\/media?parent=5115"}],"wp:term":[{"taxonomy":"category","embeddable":true,"href":"https:\/\/blogs.deia.eus\/anasagasti\/wp-json\/wp\/v2\/categories?post=5115"},{"taxonomy":"post_tag","embeddable":true,"href":"https:\/\/blogs.deia.eus\/anasagasti\/wp-json\/wp\/v2\/tags?post=5115"}],"curies":[{"name":"wp","href":"https:\/\/api.w.org\/{rel}","templated":true}]}}